{"id":4029,"date":"2023-01-16T15:49:09","date_gmt":"2023-01-16T18:49:09","guid":{"rendered":"https:\/\/pc.sc.gov.br\/?p=4029"},"modified":"2023-01-16T15:51:20","modified_gmt":"2023-01-16T18:51:20","slug":"policia-civil-promove-acao-de-aproximacao-da-instituicao-ao-cidadao-em-shopping-da-capital","status":"publish","type":"post","link":"https:\/\/pc.sc.gov.br\/?p=4029","title":{"rendered":"Pol\u00edcia Civil promove a\u00e7\u00e3o de aproxima\u00e7\u00e3o da institui\u00e7\u00e3o ao cidad\u00e3o em shopping da Capital"},"content":{"rendered":"\t\t<div data-elementor-type=\"wp-post\" data-elementor-id=\"4029\" class=\"elementor elementor-4029\" data-elementor-post-type=\"post\">\n\t\t\t\t\t\t<section class=\"elementor-section elementor-top-section elementor-element elementor-element-8a12e1c elementor-section-boxed elementor-section-height-default elementor-section-height-default\" data-id=\"8a12e1c\" data-element_type=\"section\">\n\t\t\t\t\t\t<div class=\"elementor-container elementor-column-gap-default\">\n\t\t\t\t\t<div class=\"elementor-column elementor-col-100 elementor-top-column elementor-element elementor-element-4b645ef\" data-id=\"4b645ef\" data-element_type=\"column\">\n\t\t\t<div class=\"elementor-widget-wrap elementor-element-populated\">\n\t\t\t\t\t\t<div class=\"elementor-element elementor-element-cd36e34 elementor-widget elementor-widget-heading\" data-id=\"cd36e34\" data-element_type=\"widget\" data-widget_type=\"heading.default\">\n\t\t\t\t<div class=\"elementor-widget-container\">\n\t\t\t\t\t<h2 class=\"elementor-heading-title elementor-size-default\">Pol\u00edcia Civil promove a\u00e7\u00e3o de aproxima\u00e7\u00e3o da institui\u00e7\u00e3o ao cidad\u00e3o em shopping da Capital<\/h2>\t\t\t\t<\/div>\n\t\t\t\t<\/div>\n\t\t\t\t\t<\/div>\n\t\t<\/div>\n\t\t\t\t\t<\/div>\n\t\t<\/section>\n\t\t\t\t<section class=\"elementor-section elementor-top-section elementor-element elementor-element-cffcafe elementor-section-boxed elementor-section-height-default elementor-section-height-default\" data-id=\"cffcafe\" data-element_type=\"section\">\n\t\t\t\t\t\t<div class=\"elementor-container elementor-column-gap-default\">\n\t\t\t\t\t<div class=\"elementor-column elementor-col-100 elementor-top-column elementor-element elementor-element-2f9df17\" data-id=\"2f9df17\" data-element_type=\"column\">\n\t\t\t<div class=\"elementor-widget-wrap elementor-element-populated\">\n\t\t\t\t\t\t<div class=\"elementor-element elementor-element-102478e elementor-widget elementor-widget-image\" data-id=\"102478e\" data-element_type=\"widget\" data-widget_type=\"image.default\">\n\t\t\t\t<div class=\"elementor-widget-container\">\n\t\t\t\t\t\t\t\t\t\t\t\t\t\t\t<img fetchpriority=\"high\" decoding=\"async\" width=\"696\" height=\"708\" src=\"https:\/\/pc.sc.gov.br\/\/wp-content\/uploads\/2023\/01\/PC_VILAROMANA0.jpg\" class=\"attachment-large size-large wp-image-4031\" alt=\"\" srcset=\"https:\/\/pc.sc.gov.br\/\/wp-content\/uploads\/2023\/01\/PC_VILAROMANA0.jpg 780w, https:\/\/pc.sc.gov.br\/\/wp-content\/uploads\/2023\/01\/PC_VILAROMANA0-295x300.jpg 295w, https:\/\/pc.sc.gov.br\/\/wp-content\/uploads\/2023\/01\/PC_VILAROMANA0-768x782.jpg 768w\" sizes=\"(max-width: 696px) 100vw, 696px\" \/>\t\t\t\t\t\t\t\t\t\t\t\t\t\t\t<\/div>\n\t\t\t\t<\/div>\n\t\t\t\t<div class=\"elementor-element elementor-element-fd5f048 elementor-widget elementor-widget-text-editor\" data-id=\"fd5f048\" data-element_type=\"widget\" data-widget_type=\"text-editor.default\">\n\t\t\t\t<div class=\"elementor-widget-container\">\n\t\t\t\t\t\t\t\t\t<p>No \u00faltimo final de semana, a Pol\u00edcia Civil de Santa Catarina, por meio da Diretoria de Pol\u00edcia da Grande Florian\u00f3polis, promoveu uma a\u00e7\u00e3o visando aproximar a institui\u00e7\u00e3o policial \u00e0 comunidade e orientar os respons\u00e1veis por menores de idade sobre como proceder em ambientes com aglomera\u00e7\u00f5es, como shoppings e praias, nesta temporada. A a\u00e7\u00e3o faz parte da Opera\u00e7\u00e3o \u201cVer\u00e3o Seguro\u201d e aconteceu de sexta-feira (13) ao domingo (15), no Shopping Villa Romana, na Capital.<span style=\"font-family: var( --e-global-typography-primary-font-family ), Sans-serif; font-size: var( --e-global-typography-primary-font-size ); font-weight: var( --e-global-typography-primary-font-weight ); letter-spacing: var( --e-global-typography-primary-letter-spacing );\">\u00a0<\/span><\/p><p>Durante a a\u00e7\u00e3o, o cidad\u00e3o p\u00f4de esclarecer d\u00favidas sobre como registrar um boletim de ocorr\u00eancia, obter orienta\u00e7\u00f5es sobre como cuidar das crian\u00e7as em ambientes com aglomera\u00e7\u00e3o e ainda tirar fotos com uma viatura policial e com demais materiais integrantes do estande da Pol\u00edcia Civil que foi montado no shopping. Al\u00e9m disso, as crian\u00e7as receberam adesivo de policial civil mirim, desenhos para colorir e bal\u00e3o.<span style=\"font-family: var( --e-global-typography-primary-font-family ), Sans-serif; font-size: var( --e-global-typography-primary-font-size ); font-weight: var( --e-global-typography-primary-font-weight ); letter-spacing: var( --e-global-typography-primary-letter-spacing );\">\u00a0<\/span><\/p><p>A a\u00e7\u00e3o j\u00e1 aconteceu no ano passado durante a Opera\u00e7\u00e3o \u201cVer\u00e3o Seguro\u201d. Segundo a Diretora de Pol\u00edcia da Grande Florian\u00f3polis, Michele Alves Correa Rebelo, o objetivo \u00e9 ampliar a divulga\u00e7\u00e3o por outros shoppings da Grande Florian\u00f3polis com a finalidade de tornar a Pol\u00edcia Civil de Santa Catarina mais pr\u00f3xima do cidad\u00e3o catarinense. Ainda no final deste m\u00eas, uma nova a\u00e7\u00e3o deve ser realizada no Shopping Villa Romana.<\/p>\t\t\t\t\t\t\t\t<\/div>\n\t\t\t\t<\/div>\n\t\t\t\t<div class=\"elementor-element elementor-element-60b69be elementor-widget elementor-widget-image\" data-id=\"60b69be\" data-element_type=\"widget\" data-widget_type=\"image.default\">\n\t\t\t\t<div class=\"elementor-widget-container\">\n\t\t\t\t\t\t\t\t\t\t\t\t\t\t\t<img decoding=\"async\" width=\"696\" height=\"522\" src=\"https:\/\/pc.sc.gov.br\/\/wp-content\/uploads\/2023\/01\/PC_VILAROMANA1.jpg\" class=\"attachment-large size-large wp-image-4034\" alt=\"\" srcset=\"https:\/\/pc.sc.gov.br\/\/wp-content\/uploads\/2023\/01\/PC_VILAROMANA1.jpg 1024w, https:\/\/pc.sc.gov.br\/\/wp-content\/uploads\/2023\/01\/PC_VILAROMANA1-300x225.jpg 300w, https:\/\/pc.sc.gov.br\/\/wp-content\/uploads\/2023\/01\/PC_VILAROMANA1-768x576.jpg 768w\" sizes=\"(max-width: 696px) 100vw, 696px\" \/>\t\t\t\t\t\t\t\t\t\t\t\t\t\t\t<\/div>\n\t\t\t\t<\/div>\n\t\t\t\t<div class=\"elementor-element elementor-element-50ec6d6 elementor-widget elementor-widget-image\" data-id=\"50ec6d6\" data-element_type=\"widget\" data-widget_type=\"image.default\">\n\t\t\t\t<div class=\"elementor-widget-container\">\n\t\t\t\t\t\t\t\t\t\t\t\t\t\t\t<img decoding=\"async\" width=\"696\" height=\"522\" src=\"https:\/\/pc.sc.gov.br\/\/wp-content\/uploads\/2023\/01\/PC_VILAROMANA3-1024x768.jpg\" class=\"attachment-large size-large wp-image-4032\" alt=\"\" srcset=\"https:\/\/pc.sc.gov.br\/\/wp-content\/uploads\/2023\/01\/PC_VILAROMANA3-1024x768.jpg 1024w, https:\/\/pc.sc.gov.br\/\/wp-content\/uploads\/2023\/01\/PC_VILAROMANA3-300x225.jpg 300w, https:\/\/pc.sc.gov.br\/\/wp-content\/uploads\/2023\/01\/PC_VILAROMANA3-768x576.jpg 768w, https:\/\/pc.sc.gov.br\/\/wp-content\/uploads\/2023\/01\/PC_VILAROMANA3.jpg 1040w\" sizes=\"(max-width: 696px) 100vw, 696px\" \/>\t\t\t\t\t\t\t\t\t\t\t\t\t\t\t<\/div>\n\t\t\t\t<\/div>\n\t\t\t\t<div class=\"elementor-element elementor-element-e684b8e elementor-widget elementor-widget-image\" data-id=\"e684b8e\" data-element_type=\"widget\" data-widget_type=\"image.default\">\n\t\t\t\t<div class=\"elementor-widget-container\">\n\t\t\t\t\t\t\t\t\t\t\t\t\t\t\t<img loading=\"lazy\" decoding=\"async\" width=\"696\" height=\"522\" src=\"https:\/\/pc.sc.gov.br\/\/wp-content\/uploads\/2023\/01\/PC_VILAROMANA2-1024x768.jpg\" class=\"attachment-large size-large wp-image-4033\" alt=\"\" srcset=\"https:\/\/pc.sc.gov.br\/\/wp-content\/uploads\/2023\/01\/PC_VILAROMANA2-1024x768.jpg 1024w, https:\/\/pc.sc.gov.br\/\/wp-content\/uploads\/2023\/01\/PC_VILAROMANA2-300x225.jpg 300w, https:\/\/pc.sc.gov.br\/\/wp-content\/uploads\/2023\/01\/PC_VILAROMANA2-768x576.jpg 768w, https:\/\/pc.sc.gov.br\/\/wp-content\/uploads\/2023\/01\/PC_VILAROMANA2.jpg 1040w\" sizes=\"(max-width: 696px) 100vw, 696px\" \/>\t\t\t\t\t\t\t\t\t\t\t\t\t\t\t<\/div>\n\t\t\t\t<\/div>\n\t\t\t\t\t<\/div>\n\t\t<\/div>\n\t\t\t\t\t<\/div>\n\t\t<\/section>\n\t\t\t\t<\/div>\n\t\t","protected":false},"excerpt":{"rendered":"<p>Pol\u00edcia Civil promove a\u00e7\u00e3o de aproxima\u00e7\u00e3o da institui\u00e7\u00e3o ao cidad\u00e3o em shopping da Capital No \u00faltimo final de semana, a Pol\u00edcia Civil de Santa Catarina, por meio da Diretoria de Pol\u00edcia da Grande Florian\u00f3polis, promoveu uma a\u00e7\u00e3o visando aproximar a institui\u00e7\u00e3o policial \u00e0 comunidade e orientar os respons\u00e1veis por menores de idade sobre como proceder [&hellip;]<\/p>\n","protected":false},"author":5,"featured_media":4031,"comment_status":"closed","ping_status":"open","sticky":false,"template":"","format":"standard","meta":{"_monsterinsights_skip_tracking":false,"_monsterinsights_sitenote_active":false,"_monsterinsights_sitenote_note":"","_monsterinsights_sitenote_category":0,"footnotes":""},"categories":[1],"tags":[],"class_list":["post-4029","post","type-post","status-publish","format-standard","has-post-thumbnail","hentry","category-sem-categoria"],"_links":{"self":[{"href":"https:\/\/pc.sc.gov.br\/index.php?rest_route=\/wp\/v2\/posts\/4029","targetHints":{"allow":["GET"]}}],"collection":[{"href":"https:\/\/pc.sc.gov.br\/index.php?rest_route=\/wp\/v2\/posts"}],"about":[{"href":"https:\/\/pc.sc.gov.br\/index.php?rest_route=\/wp\/v2\/types\/post"}],"author":[{"embeddable":true,"href":"https:\/\/pc.sc.gov.br\/index.php?rest_route=\/wp\/v2\/users\/5"}],"replies":[{"embeddable":true,"href":"https:\/\/pc.sc.gov.br\/index.php?rest_route=%2Fwp%2Fv2%2Fcomments&post=4029"}],"version-history":[{"count":5,"href":"https:\/\/pc.sc.gov.br\/index.php?rest_route=\/wp\/v2\/posts\/4029\/revisions"}],"predecessor-version":[{"id":4038,"href":"https:\/\/pc.sc.gov.br\/index.php?rest_route=\/wp\/v2\/posts\/4029\/revisions\/4038"}],"wp:featuredmedia":[{"embeddable":true,"href":"https:\/\/pc.sc.gov.br\/index.php?rest_route=\/wp\/v2\/media\/4031"}],"wp:attachment":[{"href":"https:\/\/pc.sc.gov.br\/index.php?rest_route=%2Fwp%2Fv2%2Fmedia&parent=4029"}],"wp:term":[{"taxonomy":"category","embeddable":true,"href":"https:\/\/pc.sc.gov.br\/index.php?rest_route=%2Fwp%2Fv2%2Fcategories&post=4029"},{"taxonomy":"post_tag","embeddable":true,"href":"https:\/\/pc.sc.gov.br\/index.php?rest_route=%2Fwp%2Fv2%2Ftags&post=4029"}],"curies":[{"name":"wp","href":"https:\/\/api.w.org\/{rel}","templated":true}]}}