{"id":4091,"date":"2023-01-17T19:42:15","date_gmt":"2023-01-17T22:42:15","guid":{"rendered":"https:\/\/pc.sc.gov.br\/?p=4091"},"modified":"2023-01-17T19:44:37","modified_gmt":"2023-01-17T22:44:37","slug":"policia-civil-prende-homem-suspeito-por-ter-atropelado-ciclista-no-rio-vermelho-e-nao-prestar-socorro","status":"publish","type":"post","link":"https:\/\/pc.sc.gov.br\/?p=4091","title":{"rendered":"Pol\u00edcia Civil prende homem suspeito por ter atropelado ciclista no Rio Vermelho e n\u00e3o prestar socorro"},"content":{"rendered":"\t\t<div data-elementor-type=\"wp-post\" data-elementor-id=\"4091\" class=\"elementor elementor-4091\" data-elementor-post-type=\"post\">\n\t\t\t\t\t\t<section class=\"elementor-section elementor-top-section elementor-element elementor-element-02d8e69 elementor-section-boxed elementor-section-height-default elementor-section-height-default\" data-id=\"02d8e69\" data-element_type=\"section\">\n\t\t\t\t\t\t<div class=\"elementor-container elementor-column-gap-default\">\n\t\t\t\t\t<div class=\"elementor-column elementor-col-100 elementor-top-column elementor-element elementor-element-4b24951\" data-id=\"4b24951\" data-element_type=\"column\">\n\t\t\t<div class=\"elementor-widget-wrap elementor-element-populated\">\n\t\t\t\t\t\t<div class=\"elementor-element elementor-element-0f9637e elementor-widget elementor-widget-heading\" data-id=\"0f9637e\" data-element_type=\"widget\" data-widget_type=\"heading.default\">\n\t\t\t\t<div class=\"elementor-widget-container\">\n\t\t\t\t\t<h2 class=\"elementor-heading-title elementor-size-default\">Pol\u00edcia Civil prende homem suspeito por ter atropelado ciclista no Rio Vermelho e n\u00e3o prestar socorro <\/h2>\t\t\t\t<\/div>\n\t\t\t\t<\/div>\n\t\t\t\t<div class=\"elementor-element elementor-element-55b785b elementor-widget elementor-widget-image\" data-id=\"55b785b\" data-element_type=\"widget\" data-widget_type=\"image.default\">\n\t\t\t\t<div class=\"elementor-widget-container\">\n\t\t\t\t\t\t\t\t\t\t\t\t\t\t\t<img fetchpriority=\"high\" decoding=\"async\" width=\"696\" height=\"928\" src=\"https:\/\/pc.sc.gov.br\/\/wp-content\/uploads\/2022\/12\/WhatsApp-Image-2022-12-21-at-11.37.38-1-768x1024.jpeg\" class=\"attachment-medium_large size-medium_large wp-image-2923\" alt=\"Banner da Pol\u00edcia Civil de Santa Catarina.\" srcset=\"https:\/\/pc.sc.gov.br\/\/wp-content\/uploads\/2022\/12\/WhatsApp-Image-2022-12-21-at-11.37.38-1-768x1024.jpeg 768w, https:\/\/pc.sc.gov.br\/\/wp-content\/uploads\/2022\/12\/WhatsApp-Image-2022-12-21-at-11.37.38-1-225x300.jpeg 225w, https:\/\/pc.sc.gov.br\/\/wp-content\/uploads\/2022\/12\/WhatsApp-Image-2022-12-21-at-11.37.38-1.jpeg 960w\" sizes=\"(max-width: 696px) 100vw, 696px\" \/>\t\t\t\t\t\t\t\t\t\t\t\t\t\t\t<\/div>\n\t\t\t\t<\/div>\n\t\t\t\t\t<\/div>\n\t\t<\/div>\n\t\t\t\t\t<\/div>\n\t\t<\/section>\n\t\t\t\t<section class=\"elementor-section elementor-top-section elementor-element elementor-element-4b52cb8 elementor-section-boxed elementor-section-height-default elementor-section-height-default\" data-id=\"4b52cb8\" data-element_type=\"section\">\n\t\t\t\t\t\t<div class=\"elementor-container elementor-column-gap-default\">\n\t\t\t\t\t<div class=\"elementor-column elementor-col-100 elementor-top-column elementor-element elementor-element-96c2e6b\" data-id=\"96c2e6b\" data-element_type=\"column\">\n\t\t\t<div class=\"elementor-widget-wrap elementor-element-populated\">\n\t\t\t\t\t\t<div class=\"elementor-element elementor-element-51f92df elementor-widget elementor-widget-text-editor\" data-id=\"51f92df\" data-element_type=\"widget\" data-widget_type=\"text-editor.default\">\n\t\t\t\t<div class=\"elementor-widget-container\">\n\t\t\t\t\t\t\t\t\t<p>Nesta ter\u00e7a-feira (17), a Pol\u00edcia Civil de Santa Catarina, por meio da 8\u00aa Delegacia de Pol\u00edcia da Capital, cumpriu um mandado de pris\u00e3o em desfavor de um homem suspeito de ter atropelado uma ciclista na SC 406, entre os bairros Ingleses e Rio Vermelho, e n\u00e3o prestar socorro no dia 1\u00ba de janeiro de 2023.\u00a0<\/p><p>Na data do fato, o homem acusado pelo atropelamento conduzia um ve\u00edculo Porsche, atingiu a ciclista, afastando-se do local sem prestar socorro e, em seguida, retirou as placas do carro. O fato foi presenciado por uma testemunha e confirmado pela investiga\u00e7\u00e3o ap\u00f3s a coleta de imagens. A v\u00edtima sofreu traumatismo craniano e permaneceu em coma por alguns dias.\u00a0<\/p><p>Ap\u00f3s os trabalhos investigativos, foi poss\u00edvel identificar o ve\u00edculo e o condutor, bem como fazer a oitiva das testemunhas. O homem foi encaminhado para o Sistema Prisional e segue \u00e0 disposi\u00e7\u00e3o da Justi\u00e7a.<\/p>\t\t\t\t\t\t\t\t<\/div>\n\t\t\t\t<\/div>\n\t\t\t\t\t<\/div>\n\t\t<\/div>\n\t\t\t\t\t<\/div>\n\t\t<\/section>\n\t\t\t\t<\/div>\n\t\t","protected":false},"excerpt":{"rendered":"<p>Pol\u00edcia Civil prende homem suspeito por ter atropelado ciclista no Rio Vermelho e n\u00e3o prestar socorro Nesta ter\u00e7a-feira (17), a Pol\u00edcia Civil de Santa Catarina, por meio da 8\u00aa Delegacia de Pol\u00edcia da Capital, cumpriu um mandado de pris\u00e3o em desfavor de um homem suspeito de ter atropelado uma ciclista na SC 406, entre os [&hellip;]<\/p>\n","protected":false},"author":5,"featured_media":2923,"comment_status":"closed","ping_status":"open","sticky":false,"template":"","format":"standard","meta":{"_monsterinsights_skip_tracking":false,"_monsterinsights_sitenote_active":false,"_monsterinsights_sitenote_note":"","_monsterinsights_sitenote_category":0,"footnotes":""},"categories":[1],"tags":[],"class_list":["post-4091","post","type-post","status-publish","format-standard","has-post-thumbnail","hentry","category-sem-categoria"],"_links":{"self":[{"href":"https:\/\/pc.sc.gov.br\/index.php?rest_route=\/wp\/v2\/posts\/4091","targetHints":{"allow":["GET"]}}],"collection":[{"href":"https:\/\/pc.sc.gov.br\/index.php?rest_route=\/wp\/v2\/posts"}],"about":[{"href":"https:\/\/pc.sc.gov.br\/index.php?rest_route=\/wp\/v2\/types\/post"}],"author":[{"embeddable":true,"href":"https:\/\/pc.sc.gov.br\/index.php?rest_route=\/wp\/v2\/users\/5"}],"replies":[{"embeddable":true,"href":"https:\/\/pc.sc.gov.br\/index.php?rest_route=%2Fwp%2Fv2%2Fcomments&post=4091"}],"version-history":[{"count":4,"href":"https:\/\/pc.sc.gov.br\/index.php?rest_route=\/wp\/v2\/posts\/4091\/revisions"}],"predecessor-version":[{"id":4095,"href":"https:\/\/pc.sc.gov.br\/index.php?rest_route=\/wp\/v2\/posts\/4091\/revisions\/4095"}],"wp:featuredmedia":[{"embeddable":true,"href":"https:\/\/pc.sc.gov.br\/index.php?rest_route=\/wp\/v2\/media\/2923"}],"wp:attachment":[{"href":"https:\/\/pc.sc.gov.br\/index.php?rest_route=%2Fwp%2Fv2%2Fmedia&parent=4091"}],"wp:term":[{"taxonomy":"category","embeddable":true,"href":"https:\/\/pc.sc.gov.br\/index.php?rest_route=%2Fwp%2Fv2%2Fcategories&post=4091"},{"taxonomy":"post_tag","embeddable":true,"href":"https:\/\/pc.sc.gov.br\/index.php?rest_route=%2Fwp%2Fv2%2Ftags&post=4091"}],"curies":[{"name":"wp","href":"https:\/\/api.w.org\/{rel}","templated":true}]}}