{"id":4096,"date":"2023-01-17T20:27:47","date_gmt":"2023-01-17T23:27:47","guid":{"rendered":"https:\/\/pc.sc.gov.br\/?p=4096"},"modified":"2023-01-17T20:29:02","modified_gmt":"2023-01-17T23:29:02","slug":"policia-civil-prende-homem-por-descumprimento-de-medida-protetiva-em-concordia","status":"publish","type":"post","link":"https:\/\/pc.sc.gov.br\/?p=4096","title":{"rendered":"Pol\u00edcia Civil prende homem por descumprimento de medida protetiva em Conc\u00f3rdia"},"content":{"rendered":"\t\t<div data-elementor-type=\"wp-post\" data-elementor-id=\"4096\" class=\"elementor elementor-4096\" data-elementor-post-type=\"post\">\n\t\t\t\t\t\t<section class=\"elementor-section elementor-top-section elementor-element elementor-element-d1b6891 elementor-section-boxed elementor-section-height-default elementor-section-height-default\" data-id=\"d1b6891\" data-element_type=\"section\">\n\t\t\t\t\t\t<div class=\"elementor-container elementor-column-gap-default\">\n\t\t\t\t\t<div class=\"elementor-column elementor-col-100 elementor-top-column elementor-element elementor-element-68331bb\" data-id=\"68331bb\" data-element_type=\"column\">\n\t\t\t<div class=\"elementor-widget-wrap elementor-element-populated\">\n\t\t\t\t\t\t<div class=\"elementor-element elementor-element-3f9d7bc elementor-widget elementor-widget-heading\" data-id=\"3f9d7bc\" data-element_type=\"widget\" data-widget_type=\"heading.default\">\n\t\t\t\t<div class=\"elementor-widget-container\">\n\t\t\t\t\t<h2 class=\"elementor-heading-title elementor-size-default\">Pol\u00edcia Civil prende homem por descumprimento de medida protetiva em Conc\u00f3rdia<\/h2>\t\t\t\t<\/div>\n\t\t\t\t<\/div>\n\t\t\t\t\t<\/div>\n\t\t<\/div>\n\t\t\t\t\t<\/div>\n\t\t<\/section>\n\t\t\t\t<section class=\"elementor-section elementor-top-section elementor-element elementor-element-7381e99 elementor-section-boxed elementor-section-height-default elementor-section-height-default\" data-id=\"7381e99\" data-element_type=\"section\">\n\t\t\t\t\t\t<div class=\"elementor-container elementor-column-gap-default\">\n\t\t\t\t\t<div class=\"elementor-column elementor-col-100 elementor-top-column elementor-element elementor-element-bde7029\" data-id=\"bde7029\" data-element_type=\"column\">\n\t\t\t<div class=\"elementor-widget-wrap elementor-element-populated\">\n\t\t\t\t\t\t<div class=\"elementor-element elementor-element-a5c4a8b elementor-widget elementor-widget-image\" data-id=\"a5c4a8b\" data-element_type=\"widget\" data-widget_type=\"image.default\">\n\t\t\t\t<div class=\"elementor-widget-container\">\n\t\t\t\t\t\t\t\t\t\t\t\t\t\t\t<img fetchpriority=\"high\" decoding=\"async\" width=\"696\" height=\"522\" src=\"https:\/\/pc.sc.gov.br\/\/wp-content\/uploads\/2023\/01\/WhatsApp-Image-2023-01-17-at-20.13.23-1024x768.jpeg\" class=\"attachment-large size-large wp-image-4097\" alt=\"Viatura e horizonte com dia de sol\" srcset=\"https:\/\/pc.sc.gov.br\/\/wp-content\/uploads\/2023\/01\/WhatsApp-Image-2023-01-17-at-20.13.23-1024x768.jpeg 1024w, https:\/\/pc.sc.gov.br\/\/wp-content\/uploads\/2023\/01\/WhatsApp-Image-2023-01-17-at-20.13.23-300x225.jpeg 300w, https:\/\/pc.sc.gov.br\/\/wp-content\/uploads\/2023\/01\/WhatsApp-Image-2023-01-17-at-20.13.23-768x576.jpeg 768w, https:\/\/pc.sc.gov.br\/\/wp-content\/uploads\/2023\/01\/WhatsApp-Image-2023-01-17-at-20.13.23-1536x1152.jpeg 1536w, https:\/\/pc.sc.gov.br\/\/wp-content\/uploads\/2023\/01\/WhatsApp-Image-2023-01-17-at-20.13.23.jpeg 1600w\" sizes=\"(max-width: 696px) 100vw, 696px\" \/>\t\t\t\t\t\t\t\t\t\t\t\t\t\t\t<\/div>\n\t\t\t\t<\/div>\n\t\t\t\t\t<\/div>\n\t\t<\/div>\n\t\t\t\t\t<\/div>\n\t\t<\/section>\n\t\t\t\t<section class=\"elementor-section elementor-top-section elementor-element elementor-element-deb7b6c elementor-section-boxed elementor-section-height-default elementor-section-height-default\" data-id=\"deb7b6c\" data-element_type=\"section\">\n\t\t\t\t\t\t<div class=\"elementor-container elementor-column-gap-default\">\n\t\t\t\t\t<div class=\"elementor-column elementor-col-100 elementor-top-column elementor-element elementor-element-b88e9ba\" data-id=\"b88e9ba\" data-element_type=\"column\">\n\t\t\t<div class=\"elementor-widget-wrap elementor-element-populated\">\n\t\t\t\t\t\t<div class=\"elementor-element elementor-element-6988ae0 elementor-widget elementor-widget-text-editor\" data-id=\"6988ae0\" data-element_type=\"widget\" data-widget_type=\"text-editor.default\">\n\t\t\t\t<div class=\"elementor-widget-container\">\n\t\t\t\t\t\t\t\t\t<p><span style=\"font-family: var( --e-global-typography-text-font-family ), Sans-serif; font-size: var( --e-global-typography-text-font-size );\">Nesta ter\u00e7a-feira (17), a Policia Civil de Santa Catarina, por meio da Delegacia de Prote\u00e7\u00e3o \u00e0 Crian\u00e7a, ao Adolescente, \u00e0 Mulher e ao Idoso de Conc\u00f3rdia, cumpriu um mandado de pris\u00e3o expedido contra um homem raz\u00e3o do descumprimento de medida protetiva concedida em favor de sua ex-companheira.&nbsp;&nbsp;<\/span><\/p>\n<p>O homem foi preso no bairro Ita\u00edba, em Conc\u00f3rdia. A medida protetiva foi solicitada pela ex-companheira ainda neste ano. A a\u00e7\u00e3o contou com o apoio da Divis\u00e3o de Investiga\u00e7\u00e3o Criminal de Conc\u00f3rdia. O homem foi encaminhado ao Sistema Prisional e segue \u00e0 disposi\u00e7\u00e3o da Justi\u00e7a.&nbsp;<\/p>\n<div>&nbsp;<\/div>\t\t\t\t\t\t\t\t<\/div>\n\t\t\t\t<\/div>\n\t\t\t\t\t<\/div>\n\t\t<\/div>\n\t\t\t\t\t<\/div>\n\t\t<\/section>\n\t\t\t\t<\/div>\n\t\t","protected":false},"excerpt":{"rendered":"<p>Pol\u00edcia Civil prende homem por descumprimento de medida protetiva em Conc\u00f3rdia Nesta ter\u00e7a-feira (17), a Policia Civil de Santa Catarina, por meio da Delegacia de Prote\u00e7\u00e3o \u00e0 Crian\u00e7a, ao Adolescente, \u00e0 Mulher e ao Idoso de Conc\u00f3rdia, cumpriu um mandado de pris\u00e3o expedido contra um homem raz\u00e3o do descumprimento de medida protetiva concedida em favor [&hellip;]<\/p>\n","protected":false},"author":5,"featured_media":4097,"comment_status":"closed","ping_status":"open","sticky":false,"template":"","format":"standard","meta":{"_monsterinsights_skip_tracking":false,"_monsterinsights_sitenote_active":false,"_monsterinsights_sitenote_note":"","_monsterinsights_sitenote_category":0,"footnotes":""},"categories":[1],"tags":[],"class_list":["post-4096","post","type-post","status-publish","format-standard","has-post-thumbnail","hentry","category-sem-categoria"],"_links":{"self":[{"href":"https:\/\/pc.sc.gov.br\/index.php?rest_route=\/wp\/v2\/posts\/4096","targetHints":{"allow":["GET"]}}],"collection":[{"href":"https:\/\/pc.sc.gov.br\/index.php?rest_route=\/wp\/v2\/posts"}],"about":[{"href":"https:\/\/pc.sc.gov.br\/index.php?rest_route=\/wp\/v2\/types\/post"}],"author":[{"embeddable":true,"href":"https:\/\/pc.sc.gov.br\/index.php?rest_route=\/wp\/v2\/users\/5"}],"replies":[{"embeddable":true,"href":"https:\/\/pc.sc.gov.br\/index.php?rest_route=%2Fwp%2Fv2%2Fcomments&post=4096"}],"version-history":[{"count":4,"href":"https:\/\/pc.sc.gov.br\/index.php?rest_route=\/wp\/v2\/posts\/4096\/revisions"}],"predecessor-version":[{"id":4101,"href":"https:\/\/pc.sc.gov.br\/index.php?rest_route=\/wp\/v2\/posts\/4096\/revisions\/4101"}],"wp:featuredmedia":[{"embeddable":true,"href":"https:\/\/pc.sc.gov.br\/index.php?rest_route=\/wp\/v2\/media\/4097"}],"wp:attachment":[{"href":"https:\/\/pc.sc.gov.br\/index.php?rest_route=%2Fwp%2Fv2%2Fmedia&parent=4096"}],"wp:term":[{"taxonomy":"category","embeddable":true,"href":"https:\/\/pc.sc.gov.br\/index.php?rest_route=%2Fwp%2Fv2%2Fcategories&post=4096"},{"taxonomy":"post_tag","embeddable":true,"href":"https:\/\/pc.sc.gov.br\/index.php?rest_route=%2Fwp%2Fv2%2Ftags&post=4096"}],"curies":[{"name":"wp","href":"https:\/\/api.w.org\/{rel}","templated":true}]}}