{"id":4162,"date":"2023-01-18T14:44:22","date_gmt":"2023-01-18T17:44:22","guid":{"rendered":"https:\/\/pc.sc.gov.br\/?p=4162"},"modified":"2023-01-18T14:50:17","modified_gmt":"2023-01-18T17:50:17","slug":"policia-civil-deflagra-acao-contra-o-trafico-de-drogas-em-seara","status":"publish","type":"post","link":"https:\/\/pc.sc.gov.br\/?p=4162","title":{"rendered":"Pol\u00edcia Civil deflagra a\u00e7\u00e3o contra o tr\u00e1fico de drogas em Seara"},"content":{"rendered":"\t\t<div data-elementor-type=\"wp-post\" data-elementor-id=\"4162\" class=\"elementor elementor-4162\" data-elementor-post-type=\"post\">\n\t\t\t\t\t\t<section class=\"elementor-section elementor-top-section elementor-element elementor-element-6110a57 elementor-section-boxed elementor-section-height-default elementor-section-height-default\" data-id=\"6110a57\" data-element_type=\"section\">\n\t\t\t\t\t\t<div class=\"elementor-container elementor-column-gap-default\">\n\t\t\t\t\t<div class=\"elementor-column elementor-col-100 elementor-top-column elementor-element elementor-element-c130712\" data-id=\"c130712\" data-element_type=\"column\">\n\t\t\t<div class=\"elementor-widget-wrap elementor-element-populated\">\n\t\t\t\t\t\t<div class=\"elementor-element elementor-element-8e61bcd elementor-widget elementor-widget-heading\" data-id=\"8e61bcd\" data-element_type=\"widget\" data-widget_type=\"heading.default\">\n\t\t\t\t<div class=\"elementor-widget-container\">\n\t\t\t\t\t<h2 class=\"elementor-heading-title elementor-size-default\">Pol\u00edcia Civil deflagra a\u00e7\u00e3o contra o tr\u00e1fico de drogas em Seara\n<\/h2>\t\t\t\t<\/div>\n\t\t\t\t<\/div>\n\t\t\t\t<div class=\"elementor-element elementor-element-d43e274 elementor-widget elementor-widget-image\" data-id=\"d43e274\" data-element_type=\"widget\" data-widget_type=\"image.default\">\n\t\t\t\t<div class=\"elementor-widget-container\">\n\t\t\t\t\t\t\t\t\t\t\t\t\t\t\t<img fetchpriority=\"high\" decoding=\"async\" width=\"1536\" height=\"598\" src=\"https:\/\/pc.sc.gov.br\/\/wp-content\/uploads\/2023\/01\/PC_SAUSIFUWSKASNADASGHJYJ-1536x598.jpg\" class=\"attachment-1536x1536 size-1536x1536 wp-image-4165\" alt=\"viaturas da policia civil junto a viatura da policia militar\" srcset=\"https:\/\/pc.sc.gov.br\/\/wp-content\/uploads\/2023\/01\/PC_SAUSIFUWSKASNADASGHJYJ-1536x598.jpg 1536w, https:\/\/pc.sc.gov.br\/\/wp-content\/uploads\/2023\/01\/PC_SAUSIFUWSKASNADASGHJYJ-300x117.jpg 300w, https:\/\/pc.sc.gov.br\/\/wp-content\/uploads\/2023\/01\/PC_SAUSIFUWSKASNADASGHJYJ-1024x398.jpg 1024w, https:\/\/pc.sc.gov.br\/\/wp-content\/uploads\/2023\/01\/PC_SAUSIFUWSKASNADASGHJYJ-768x299.jpg 768w, https:\/\/pc.sc.gov.br\/\/wp-content\/uploads\/2023\/01\/PC_SAUSIFUWSKASNADASGHJYJ.jpg 1542w\" sizes=\"(max-width: 1536px) 100vw, 1536px\" \/>\t\t\t\t\t\t\t\t\t\t\t\t\t\t\t<\/div>\n\t\t\t\t<\/div>\n\t\t\t\t<div class=\"elementor-element elementor-element-ce5972b elementor-widget elementor-widget-text-editor\" data-id=\"ce5972b\" data-element_type=\"widget\" data-widget_type=\"text-editor.default\">\n\t\t\t\t<div class=\"elementor-widget-container\">\n\t\t\t\t\t\t\t\t\t<p>Na manh\u00e3 desta quarta-feira (18), a Pol\u00edcia Civil de Santa Catarina, por meio da Delegacia de Pol\u00edcia da Comarca de Seara, deu cumprimento a cinco mandados de busca e apreens\u00e3o relacionados a uma investiga\u00e7\u00e3o que apura a pr\u00e1tica de tr\u00e1fico de drogas no Bairro Vila Esperan\u00e7a, em Seara. Durante a opera\u00e7\u00e3o foram apreendidos celulares de pessoas investigadas, aparelhos eletr\u00f4nicos e outros objetos que ser\u00e3o periciados para o prosseguimento das investiga\u00e7\u00f5es.<\/p><p>A a\u00e7\u00e3o contou com o apoio de policiais civis de Conc\u00f3rdia e It\u00e1 e de policiais militares de Seara. Participaram tamb\u00e9m da a\u00e7\u00e3o o Canil da Pol\u00edcia Militar de Conc\u00f3rdia e os N\u00facleos de Opera\u00e7\u00f5es com C\u00e3es de Xanxer\u00ea e de Chapec\u00f3.<\/p>\t\t\t\t\t\t\t\t<\/div>\n\t\t\t\t<\/div>\n\t\t\t\t<div class=\"elementor-element elementor-element-a58f03e elementor-widget elementor-widget-image\" data-id=\"a58f03e\" data-element_type=\"widget\" data-widget_type=\"image.default\">\n\t\t\t\t<div class=\"elementor-widget-container\">\n\t\t\t\t\t\t\t\t\t\t\t\t\t\t\t<img decoding=\"async\" width=\"547\" height=\"1024\" src=\"https:\/\/pc.sc.gov.br\/\/wp-content\/uploads\/2023\/01\/PC_SAUSIFUFSAWSKASNADASGHJYJ-547x1024.jpg\" class=\"attachment-large size-large wp-image-4164\" alt=\"\" srcset=\"https:\/\/pc.sc.gov.br\/\/wp-content\/uploads\/2023\/01\/PC_SAUSIFUFSAWSKASNADASGHJYJ-547x1024.jpg 547w, https:\/\/pc.sc.gov.br\/\/wp-content\/uploads\/2023\/01\/PC_SAUSIFUFSAWSKASNADASGHJYJ-160x300.jpg 160w, https:\/\/pc.sc.gov.br\/\/wp-content\/uploads\/2023\/01\/PC_SAUSIFUFSAWSKASNADASGHJYJ-768x1437.jpg 768w, https:\/\/pc.sc.gov.br\/\/wp-content\/uploads\/2023\/01\/PC_SAUSIFUFSAWSKASNADASGHJYJ.jpg 790w\" sizes=\"(max-width: 547px) 100vw, 547px\" \/>\t\t\t\t\t\t\t\t\t\t\t\t\t\t\t<\/div>\n\t\t\t\t<\/div>\n\t\t\t\t\t<\/div>\n\t\t<\/div>\n\t\t\t\t\t<\/div>\n\t\t<\/section>\n\t\t\t\t<\/div>\n\t\t","protected":false},"excerpt":{"rendered":"<p>Pol\u00edcia Civil deflagra a\u00e7\u00e3o contra o tr\u00e1fico de drogas em Seara Na manh\u00e3 desta quarta-feira (18), a Pol\u00edcia Civil de Santa Catarina, por meio da Delegacia de Pol\u00edcia da Comarca de Seara, deu cumprimento a cinco mandados de busca e apreens\u00e3o relacionados a uma investiga\u00e7\u00e3o que apura a pr\u00e1tica de tr\u00e1fico de drogas no Bairro [&hellip;]<\/p>\n","protected":false},"author":5,"featured_media":4166,"comment_status":"closed","ping_status":"open","sticky":false,"template":"","format":"standard","meta":{"_monsterinsights_skip_tracking":false,"_monsterinsights_sitenote_active":false,"_monsterinsights_sitenote_note":"","_monsterinsights_sitenote_category":0,"footnotes":""},"categories":[1],"tags":[],"class_list":["post-4162","post","type-post","status-publish","format-standard","has-post-thumbnail","hentry","category-sem-categoria"],"_links":{"self":[{"href":"https:\/\/pc.sc.gov.br\/index.php?rest_route=\/wp\/v2\/posts\/4162","targetHints":{"allow":["GET"]}}],"collection":[{"href":"https:\/\/pc.sc.gov.br\/index.php?rest_route=\/wp\/v2\/posts"}],"about":[{"href":"https:\/\/pc.sc.gov.br\/index.php?rest_route=\/wp\/v2\/types\/post"}],"author":[{"embeddable":true,"href":"https:\/\/pc.sc.gov.br\/index.php?rest_route=\/wp\/v2\/users\/5"}],"replies":[{"embeddable":true,"href":"https:\/\/pc.sc.gov.br\/index.php?rest_route=%2Fwp%2Fv2%2Fcomments&post=4162"}],"version-history":[{"count":7,"href":"https:\/\/pc.sc.gov.br\/index.php?rest_route=\/wp\/v2\/posts\/4162\/revisions"}],"predecessor-version":[{"id":4174,"href":"https:\/\/pc.sc.gov.br\/index.php?rest_route=\/wp\/v2\/posts\/4162\/revisions\/4174"}],"wp:featuredmedia":[{"embeddable":true,"href":"https:\/\/pc.sc.gov.br\/index.php?rest_route=\/wp\/v2\/media\/4166"}],"wp:attachment":[{"href":"https:\/\/pc.sc.gov.br\/index.php?rest_route=%2Fwp%2Fv2%2Fmedia&parent=4162"}],"wp:term":[{"taxonomy":"category","embeddable":true,"href":"https:\/\/pc.sc.gov.br\/index.php?rest_route=%2Fwp%2Fv2%2Fcategories&post=4162"},{"taxonomy":"post_tag","embeddable":true,"href":"https:\/\/pc.sc.gov.br\/index.php?rest_route=%2Fwp%2Fv2%2Ftags&post=4162"}],"curies":[{"name":"wp","href":"https:\/\/api.w.org\/{rel}","templated":true}]}}