{"id":4192,"date":"2023-01-18T17:38:45","date_gmt":"2023-01-18T20:38:45","guid":{"rendered":"https:\/\/pc.sc.gov.br\/?p=4192"},"modified":"2023-01-18T17:51:17","modified_gmt":"2023-01-18T20:51:17","slug":"academia-de-policia-civil-de-sc-recebe-visita-do-consulado-dos-estados-unidos-da-america","status":"publish","type":"post","link":"https:\/\/pc.sc.gov.br\/?p=4192","title":{"rendered":"Academia de Pol\u00edcia Civil de SC recebe visita do Consulado dos Estados Unidos da Am\u00e9rica"},"content":{"rendered":"\t\t<div data-elementor-type=\"wp-post\" data-elementor-id=\"4192\" class=\"elementor elementor-4192\" data-elementor-post-type=\"post\">\n\t\t\t\t\t\t<section class=\"elementor-section elementor-top-section elementor-element elementor-element-7e76651 elementor-section-boxed elementor-section-height-default elementor-section-height-default\" data-id=\"7e76651\" data-element_type=\"section\">\n\t\t\t\t\t\t<div class=\"elementor-container elementor-column-gap-default\">\n\t\t\t\t\t<div class=\"elementor-column elementor-col-100 elementor-top-column elementor-element elementor-element-1e29d77\" data-id=\"1e29d77\" data-element_type=\"column\">\n\t\t\t<div class=\"elementor-widget-wrap elementor-element-populated\">\n\t\t\t\t\t\t<div class=\"elementor-element elementor-element-a397a33 elementor-widget elementor-widget-heading\" data-id=\"a397a33\" data-element_type=\"widget\" data-widget_type=\"heading.default\">\n\t\t\t\t<div class=\"elementor-widget-container\">\n\t\t\t\t\t<h2 class=\"elementor-heading-title elementor-size-default\">Academia de Pol\u00edcia Civil de SC recebe visita do Consulado dos Estados Unidos da Am\u00e9rica\n<\/h2>\t\t\t\t<\/div>\n\t\t\t\t<\/div>\n\t\t\t\t<div class=\"elementor-element elementor-element-0e80a5b elementor-widget elementor-widget-image\" data-id=\"0e80a5b\" data-element_type=\"widget\" data-widget_type=\"image.default\">\n\t\t\t\t<div class=\"elementor-widget-container\">\n\t\t\t\t\t\t\t\t\t\t\t\t\t\t\t<img fetchpriority=\"high\" decoding=\"async\" width=\"696\" height=\"493\" src=\"https:\/\/pc.sc.gov.br\/\/wp-content\/uploads\/2023\/01\/PC_ASDABD-HJBFDJGG-1024x726.png\" class=\"attachment-large size-large wp-image-4199\" alt=\"na foto enfrente a ACADEPOL o Delegado-geral da Pol\u00edcia Civil, Ulisses Gabriel, o diretor da Acadepol, delegado de Pol\u00edcia Andr\u00e9 Luiz Bermudez, e o coordenador do Setor de Armamento, Muni\u00e7\u00e3o e Tiro da Acadepol, delegado de Pol\u00edcia Jo\u00e3o Da Cunha Neto. Representando o Consulado Norte-Americano, estiveram presentes o agente especial Ali Ahmed e o representante da Ag\u00eancia de Seguran\u00e7a Diplom\u00e1tica dos EUA, Sr. Oscar.\" srcset=\"https:\/\/pc.sc.gov.br\/\/wp-content\/uploads\/2023\/01\/PC_ASDABD-HJBFDJGG-1024x726.png 1024w, https:\/\/pc.sc.gov.br\/\/wp-content\/uploads\/2023\/01\/PC_ASDABD-HJBFDJGG-300x213.png 300w, https:\/\/pc.sc.gov.br\/\/wp-content\/uploads\/2023\/01\/PC_ASDABD-HJBFDJGG-768x545.png 768w, https:\/\/pc.sc.gov.br\/\/wp-content\/uploads\/2023\/01\/PC_ASDABD-HJBFDJGG-1536x1090.png 1536w, https:\/\/pc.sc.gov.br\/\/wp-content\/uploads\/2023\/01\/PC_ASDABD-HJBFDJGG.png 1748w\" sizes=\"(max-width: 696px) 100vw, 696px\" \/>\t\t\t\t\t\t\t\t\t\t\t\t\t\t\t<\/div>\n\t\t\t\t<\/div>\n\t\t\t\t<div class=\"elementor-element elementor-element-14ce59f elementor-widget elementor-widget-text-editor\" data-id=\"14ce59f\" data-element_type=\"widget\" data-widget_type=\"text-editor.default\">\n\t\t\t\t<div class=\"elementor-widget-container\">\n\t\t\t\t\t\t\t\t\t<p>Na tarde desta quarta-feira (18), a Pol\u00edcia Civil de Santa Catarina, por meio da Academia de Pol\u00edcia Civil (Acadepol), recebeu a visita de representantes do Consulado dos Estados Unidos da Am\u00e9rica para elabora\u00e7\u00e3o de um processo de integra\u00e7\u00e3o de ensino entre as institui\u00e7\u00f5es. Al\u00e9m disso, no encontro foram tratados assuntos como o interc\u00e2mbio de policiais civis de Santa Catarina com pol\u00edcias estadunidenses, capacita\u00e7\u00f5es conjuntas visando o combate ao crime organizado, terrorismo, fac\u00e7\u00f5es criminosas, investiga\u00e7\u00f5es de crimes de corrup\u00e7\u00e3o e do crime institucionalizado, al\u00e9m de temas correlatos \u00e0 estrutura de Pol\u00edcia Judici\u00e1ria.<\/p><p>Na ocasi\u00e3o, estiveram presentes o Delegado-geral da Pol\u00edcia Civil, Ulisses Gabriel, o diretor da Acadepol, delegado de Pol\u00edcia Andr\u00e9 Luiz Bermudez, e o coordenador do Setor de Armamento, Muni\u00e7\u00e3o e Tiro da Acadepol, delegado de Pol\u00edcia Jo\u00e3o Da Cunha Neto. Representando o Consulado Norte-Americano, estiveram presentes o agente especial Ali Ahmed e o representante da Ag\u00eancia de Seguran\u00e7a Diplom\u00e1tica dos EUA, Sr. Oscar.<\/p>\t\t\t\t\t\t\t\t<\/div>\n\t\t\t\t<\/div>\n\t\t\t\t<div class=\"elementor-element elementor-element-a637fca elementor-widget elementor-widget-image\" data-id=\"a637fca\" data-element_type=\"widget\" data-widget_type=\"image.default\">\n\t\t\t\t<div class=\"elementor-widget-container\">\n\t\t\t\t\t\t\t\t\t\t\t\t\t\t\t<img decoding=\"async\" width=\"538\" height=\"525\" src=\"https:\/\/pc.sc.gov.br\/\/wp-content\/uploads\/2023\/01\/PC_SAUSSGHJYJ1ASDSNDSNFKJDSNFSD.jpg\" class=\"attachment-large size-large wp-image-4201\" alt=\"sentados no sof\u00e1 est\u00e3o Delegado-geral da Pol\u00edcia Civil, Ulisses Gabriel ao centro, o diretor da Acadepol, delegado de Pol\u00edcia Andr\u00e9 Luiz Bermudez, e o coordenador do Setor de Armamento, Muni\u00e7\u00e3o e Tiro da Acadepol, delegado de Pol\u00edcia Jo\u00e3o Da Cunha Neto. Representando o Consulado Norte-Americano, estiveram presentes o agente especial Ali Ahmed e o representante da Ag\u00eancia de Seguran\u00e7a Diplom\u00e1tica dos EUA, Sr. Oscar.\" srcset=\"https:\/\/pc.sc.gov.br\/\/wp-content\/uploads\/2023\/01\/PC_SAUSSGHJYJ1ASDSNDSNFKJDSNFSD.jpg 538w, https:\/\/pc.sc.gov.br\/\/wp-content\/uploads\/2023\/01\/PC_SAUSSGHJYJ1ASDSNDSNFKJDSNFSD-300x293.jpg 300w\" sizes=\"(max-width: 538px) 100vw, 538px\" \/>\t\t\t\t\t\t\t\t\t\t\t\t\t\t\t<\/div>\n\t\t\t\t<\/div>\n\t\t\t\t\t<\/div>\n\t\t<\/div>\n\t\t\t\t\t<\/div>\n\t\t<\/section>\n\t\t\t\t<\/div>\n\t\t","protected":false},"excerpt":{"rendered":"<p>Academia de Pol\u00edcia Civil de SC recebe visita do Consulado dos Estados Unidos da Am\u00e9rica Na tarde desta quarta-feira (18), a Pol\u00edcia Civil de Santa Catarina, por meio da Academia de Pol\u00edcia Civil (Acadepol), recebeu a visita de representantes do Consulado dos Estados Unidos da Am\u00e9rica para elabora\u00e7\u00e3o de um processo de integra\u00e7\u00e3o de ensino [&hellip;]<\/p>\n","protected":false},"author":5,"featured_media":4193,"comment_status":"closed","ping_status":"open","sticky":false,"template":"","format":"standard","meta":{"_monsterinsights_skip_tracking":false,"_monsterinsights_sitenote_active":false,"_monsterinsights_sitenote_note":"","_monsterinsights_sitenote_category":0,"footnotes":""},"categories":[1],"tags":[],"class_list":["post-4192","post","type-post","status-publish","format-standard","has-post-thumbnail","hentry","category-sem-categoria"],"_links":{"self":[{"href":"https:\/\/pc.sc.gov.br\/index.php?rest_route=\/wp\/v2\/posts\/4192","targetHints":{"allow":["GET"]}}],"collection":[{"href":"https:\/\/pc.sc.gov.br\/index.php?rest_route=\/wp\/v2\/posts"}],"about":[{"href":"https:\/\/pc.sc.gov.br\/index.php?rest_route=\/wp\/v2\/types\/post"}],"author":[{"embeddable":true,"href":"https:\/\/pc.sc.gov.br\/index.php?rest_route=\/wp\/v2\/users\/5"}],"replies":[{"embeddable":true,"href":"https:\/\/pc.sc.gov.br\/index.php?rest_route=%2Fwp%2Fv2%2Fcomments&post=4192"}],"version-history":[{"count":8,"href":"https:\/\/pc.sc.gov.br\/index.php?rest_route=\/wp\/v2\/posts\/4192\/revisions"}],"predecessor-version":[{"id":4204,"href":"https:\/\/pc.sc.gov.br\/index.php?rest_route=\/wp\/v2\/posts\/4192\/revisions\/4204"}],"wp:featuredmedia":[{"embeddable":true,"href":"https:\/\/pc.sc.gov.br\/index.php?rest_route=\/wp\/v2\/media\/4193"}],"wp:attachment":[{"href":"https:\/\/pc.sc.gov.br\/index.php?rest_route=%2Fwp%2Fv2%2Fmedia&parent=4192"}],"wp:term":[{"taxonomy":"category","embeddable":true,"href":"https:\/\/pc.sc.gov.br\/index.php?rest_route=%2Fwp%2Fv2%2Fcategories&post=4192"},{"taxonomy":"post_tag","embeddable":true,"href":"https:\/\/pc.sc.gov.br\/index.php?rest_route=%2Fwp%2Fv2%2Ftags&post=4192"}],"curies":[{"name":"wp","href":"https:\/\/api.w.org\/{rel}","templated":true}]}}