{"id":4205,"date":"2023-01-18T18:23:14","date_gmt":"2023-01-18T21:23:14","guid":{"rendered":"https:\/\/pc.sc.gov.br\/?p=4205"},"modified":"2023-01-18T18:40:40","modified_gmt":"2023-01-18T21:40:40","slug":"policia-civil-elucida-furto-ocorrido-em-um-galpao-de-reciclagem-em-ranho-queimado","status":"publish","type":"post","link":"https:\/\/pc.sc.gov.br\/?p=4205","title":{"rendered":"Pol\u00edcia Civil elucida furto ocorrido em um galp\u00e3o de reciclagem em Rancho Queimado"},"content":{"rendered":"\t\t<div data-elementor-type=\"wp-post\" data-elementor-id=\"4205\" class=\"elementor elementor-4205\" data-elementor-post-type=\"post\">\n\t\t\t\t\t\t<section class=\"elementor-section elementor-top-section elementor-element elementor-element-a65c414 elementor-section-boxed elementor-section-height-default elementor-section-height-default\" data-id=\"a65c414\" data-element_type=\"section\">\n\t\t\t\t\t\t<div class=\"elementor-container elementor-column-gap-default\">\n\t\t\t\t\t<div class=\"elementor-column elementor-col-100 elementor-top-column elementor-element elementor-element-1a2ce71\" data-id=\"1a2ce71\" data-element_type=\"column\">\n\t\t\t<div class=\"elementor-widget-wrap elementor-element-populated\">\n\t\t\t\t\t\t<div class=\"elementor-element elementor-element-550179f elementor-widget elementor-widget-heading\" data-id=\"550179f\" data-element_type=\"widget\" data-widget_type=\"heading.default\">\n\t\t\t\t<div class=\"elementor-widget-container\">\n\t\t\t\t\t<h2 class=\"elementor-heading-title elementor-size-default\">Pol\u00edcia Civil elucida furto ocorrido em um galp\u00e3o de reciclagem em Rancho Queimado<\/h2>\t\t\t\t<\/div>\n\t\t\t\t<\/div>\n\t\t\t\t<div class=\"elementor-element elementor-element-a2f44bd elementor-widget elementor-widget-image\" data-id=\"a2f44bd\" data-element_type=\"widget\" data-widget_type=\"image.default\">\n\t\t\t\t<div class=\"elementor-widget-container\">\n\t\t\t\t\t\t\t\t\t\t\t\t\t\t\t<img fetchpriority=\"high\" decoding=\"async\" width=\"696\" height=\"522\" src=\"https:\/\/pc.sc.gov.br\/\/wp-content\/uploads\/2022\/12\/Viatura_sirene_noite-1024x768.jpeg\" class=\"attachment-large size-large wp-image-1499\" alt=\"Viatura com sirene ligada\" srcset=\"https:\/\/pc.sc.gov.br\/\/wp-content\/uploads\/2022\/12\/Viatura_sirene_noite-1024x768.jpeg 1024w, https:\/\/pc.sc.gov.br\/\/wp-content\/uploads\/2022\/12\/Viatura_sirene_noite-300x225.jpeg 300w, https:\/\/pc.sc.gov.br\/\/wp-content\/uploads\/2022\/12\/Viatura_sirene_noite-768x576.jpeg 768w, https:\/\/pc.sc.gov.br\/\/wp-content\/uploads\/2022\/12\/Viatura_sirene_noite.jpeg 1280w\" sizes=\"(max-width: 696px) 100vw, 696px\" \/>\t\t\t\t\t\t\t\t\t\t\t\t\t\t\t<\/div>\n\t\t\t\t<\/div>\n\t\t\t\t<div class=\"elementor-element elementor-element-6a66a3b elementor-widget elementor-widget-text-editor\" data-id=\"6a66a3b\" data-element_type=\"widget\" data-widget_type=\"text-editor.default\">\n\t\t\t\t<div class=\"elementor-widget-container\">\n\t\t\t\t\t\t\t\t\t<p>Na ter\u00e7a-feira (17), a Pol\u00edcia Civil de Santa Catarina, por meio da Delegacia de Pol\u00edcia do Munic\u00edpio de Rancho Queimado, concluiu o inqu\u00e9rito policial que investigava um furto ocorrido nas depend\u00eancias de um galp\u00e3o de reciclagem e indiciou duas pessoas. A a\u00e7\u00e3o contou com o apoio da Pol\u00edcia Militar de Santa Catarina.<\/p><p>O galp\u00e3o, localizado em Morro Chato, no interior do munic\u00edpio de Rancho Queimado, foi furtado em agosto de 2019. Na ocasi\u00e3o, duas pessoas arrombaram a porta do galp\u00e3o e furtaram dinheiro, forno micro-ondas, fios de cobre, al\u00e9m de diversos g\u00eaneros aliment\u00edcios.<\/p><p>As imagens existentes no local e de monitoramento da cidade auxiliaram na identifica\u00e7\u00e3o dos investigados. Um deles encontra-se preso atualmente por outro crime e o outro n\u00e3o reside mais na cidade. Os investigados ir\u00e3o responder por furto qualificado.<\/p>\t\t\t\t\t\t\t\t<\/div>\n\t\t\t\t<\/div>\n\t\t\t\t\t<\/div>\n\t\t<\/div>\n\t\t\t\t\t<\/div>\n\t\t<\/section>\n\t\t\t\t<\/div>\n\t\t","protected":false},"excerpt":{"rendered":"<p>Pol\u00edcia Civil elucida furto ocorrido em um galp\u00e3o de reciclagem em Rancho Queimado Na ter\u00e7a-feira (17), a Pol\u00edcia Civil de Santa Catarina, por meio da Delegacia de Pol\u00edcia do Munic\u00edpio de Rancho Queimado, concluiu o inqu\u00e9rito policial que investigava um furto ocorrido nas depend\u00eancias de um galp\u00e3o de reciclagem e indiciou duas pessoas. A a\u00e7\u00e3o [&hellip;]<\/p>\n","protected":false},"author":5,"featured_media":1499,"comment_status":"closed","ping_status":"open","sticky":false,"template":"","format":"standard","meta":{"_monsterinsights_skip_tracking":false,"_monsterinsights_sitenote_active":false,"_monsterinsights_sitenote_note":"","_monsterinsights_sitenote_category":0,"footnotes":""},"categories":[1],"tags":[],"class_list":["post-4205","post","type-post","status-publish","format-standard","has-post-thumbnail","hentry","category-sem-categoria"],"_links":{"self":[{"href":"https:\/\/pc.sc.gov.br\/index.php?rest_route=\/wp\/v2\/posts\/4205","targetHints":{"allow":["GET"]}}],"collection":[{"href":"https:\/\/pc.sc.gov.br\/index.php?rest_route=\/wp\/v2\/posts"}],"about":[{"href":"https:\/\/pc.sc.gov.br\/index.php?rest_route=\/wp\/v2\/types\/post"}],"author":[{"embeddable":true,"href":"https:\/\/pc.sc.gov.br\/index.php?rest_route=\/wp\/v2\/users\/5"}],"replies":[{"embeddable":true,"href":"https:\/\/pc.sc.gov.br\/index.php?rest_route=%2Fwp%2Fv2%2Fcomments&post=4205"}],"version-history":[{"count":12,"href":"https:\/\/pc.sc.gov.br\/index.php?rest_route=\/wp\/v2\/posts\/4205\/revisions"}],"predecessor-version":[{"id":4220,"href":"https:\/\/pc.sc.gov.br\/index.php?rest_route=\/wp\/v2\/posts\/4205\/revisions\/4220"}],"wp:featuredmedia":[{"embeddable":true,"href":"https:\/\/pc.sc.gov.br\/index.php?rest_route=\/wp\/v2\/media\/1499"}],"wp:attachment":[{"href":"https:\/\/pc.sc.gov.br\/index.php?rest_route=%2Fwp%2Fv2%2Fmedia&parent=4205"}],"wp:term":[{"taxonomy":"category","embeddable":true,"href":"https:\/\/pc.sc.gov.br\/index.php?rest_route=%2Fwp%2Fv2%2Fcategories&post=4205"},{"taxonomy":"post_tag","embeddable":true,"href":"https:\/\/pc.sc.gov.br\/index.php?rest_route=%2Fwp%2Fv2%2Ftags&post=4205"}],"curies":[{"name":"wp","href":"https:\/\/api.w.org\/{rel}","templated":true}]}}