{"id":4224,"date":"2023-01-18T20:04:25","date_gmt":"2023-01-18T23:04:25","guid":{"rendered":"https:\/\/pc.sc.gov.br\/?p=4224"},"modified":"2023-01-18T20:06:58","modified_gmt":"2023-01-18T23:06:58","slug":"policia-civil-realiza-acoes-para-otimizar-efetivo-de-delegados-lotados-no-estado","status":"publish","type":"post","link":"https:\/\/pc.sc.gov.br\/?p=4224","title":{"rendered":"Pol\u00edcia Civil realiza a\u00e7\u00f5es para otimizar efetivo de delegados lotados no Estado"},"content":{"rendered":"\t\t<div data-elementor-type=\"wp-post\" data-elementor-id=\"4224\" class=\"elementor elementor-4224\" data-elementor-post-type=\"post\">\n\t\t\t\t\t\t<section class=\"elementor-section elementor-top-section elementor-element elementor-element-1ed58d5 elementor-section-boxed elementor-section-height-default elementor-section-height-default\" data-id=\"1ed58d5\" data-element_type=\"section\">\n\t\t\t\t\t\t<div class=\"elementor-container elementor-column-gap-default\">\n\t\t\t\t\t<div class=\"elementor-column elementor-col-100 elementor-top-column elementor-element elementor-element-fab6a2d\" data-id=\"fab6a2d\" data-element_type=\"column\">\n\t\t\t<div class=\"elementor-widget-wrap elementor-element-populated\">\n\t\t\t\t\t\t<div class=\"elementor-element elementor-element-d90a165 elementor-widget elementor-widget-heading\" data-id=\"d90a165\" data-element_type=\"widget\" data-widget_type=\"heading.default\">\n\t\t\t\t<div class=\"elementor-widget-container\">\n\t\t\t\t\t<h2 class=\"elementor-heading-title elementor-size-default\">Pol\u00edcia Civil realiza a\u00e7\u00f5es para otimizar efetivo de delegados lotados no Estado<\/h2>\t\t\t\t<\/div>\n\t\t\t\t<\/div>\n\t\t\t\t\t<\/div>\n\t\t<\/div>\n\t\t\t\t\t<\/div>\n\t\t<\/section>\n\t\t\t\t<section class=\"elementor-section elementor-top-section elementor-element elementor-element-82a86c4 elementor-section-boxed elementor-section-height-default elementor-section-height-default\" data-id=\"82a86c4\" data-element_type=\"section\">\n\t\t\t\t\t\t<div class=\"elementor-container elementor-column-gap-default\">\n\t\t\t\t\t<div class=\"elementor-column elementor-col-100 elementor-top-column elementor-element elementor-element-c0b1247\" data-id=\"c0b1247\" data-element_type=\"column\">\n\t\t\t<div class=\"elementor-widget-wrap elementor-element-populated\">\n\t\t\t\t\t\t<div class=\"elementor-element elementor-element-704d145 elementor-widget elementor-widget-image\" data-id=\"704d145\" data-element_type=\"widget\" data-widget_type=\"image.default\">\n\t\t\t\t<div class=\"elementor-widget-container\">\n\t\t\t\t\t\t\t\t\t\t\t\t\t\t\t<img fetchpriority=\"high\" decoding=\"async\" width=\"696\" height=\"392\" src=\"https:\/\/pc.sc.gov.br\/\/wp-content\/uploads\/2023\/01\/WhatsApp-Image-2023-01-18-at-13.37.40-1024x576.jpeg\" class=\"attachment-large size-large wp-image-4225\" alt=\"Reuni\u00e3o delegacia-geral\" srcset=\"https:\/\/pc.sc.gov.br\/\/wp-content\/uploads\/2023\/01\/WhatsApp-Image-2023-01-18-at-13.37.40-1024x576.jpeg 1024w, https:\/\/pc.sc.gov.br\/\/wp-content\/uploads\/2023\/01\/WhatsApp-Image-2023-01-18-at-13.37.40-300x169.jpeg 300w, https:\/\/pc.sc.gov.br\/\/wp-content\/uploads\/2023\/01\/WhatsApp-Image-2023-01-18-at-13.37.40-768x432.jpeg 768w, https:\/\/pc.sc.gov.br\/\/wp-content\/uploads\/2023\/01\/WhatsApp-Image-2023-01-18-at-13.37.40-1536x864.jpeg 1536w, https:\/\/pc.sc.gov.br\/\/wp-content\/uploads\/2023\/01\/WhatsApp-Image-2023-01-18-at-13.37.40.jpeg 1600w\" sizes=\"(max-width: 696px) 100vw, 696px\" \/>\t\t\t\t\t\t\t\t\t\t\t\t\t\t\t<\/div>\n\t\t\t\t<\/div>\n\t\t\t\t<div class=\"elementor-element elementor-element-bf3fefc elementor-widget elementor-widget-text-editor\" data-id=\"bf3fefc\" data-element_type=\"widget\" data-widget_type=\"text-editor.default\">\n\t\t\t\t<div class=\"elementor-widget-container\">\n\t\t\t\t\t\t\t\t\t<p>Na manh\u00e3 desta quarta-feira (18), a Pol\u00edcia Civil de Santa Catarina realizou uma reuni\u00e3o de alinhamento de trabalho com delegados que est\u00e3o assumindo unidades da Diretoria Estadual de Investiga\u00e7\u00f5es Criminais (DEIC). O delegado-geral da institui\u00e7\u00e3o, Ulisses Gabriel, esteve presente no encontro juntamente do delegado Gustavo Muniz, que estar\u00e1 \u00e0 frente da Coordenadoria Estadual de Combate \u00e0 Corrup\u00e7\u00e3o e da delegada Patr\u00edcia Fronza, que ficar\u00e1 respons\u00e1vel pela Delegacia de Repress\u00e3o a Crimes Ambientais da DEIC.<\/p><p>Entre as prioridades da atual gest\u00e3o da Pol\u00edcia Civil est\u00e1 otimizar o efetivo da institui\u00e7\u00e3o. As altera\u00e7\u00f5es no quadro de delegados se d\u00e3o por raz\u00f5es t\u00e9cnicas, visando al\u00e7ar delegados mais experientes a postos de suma import\u00e2ncia para a institui\u00e7\u00e3o. Por isso, devido aos problemas relacionados ao efetivo da Pol\u00edcia Civil, o remanejamento de delegados substitutos \u00e9 indispens\u00e1vel.<\/p><p>Al\u00e9m disso, mudan\u00e7as em outras regi\u00f5es do Estado tamb\u00e9m ser\u00e3o necess\u00e1rias. Segundo o delegado-geral, Ulisses Gabriel, ser\u00e1 deslocado um delegado para Itaja\u00ed, j\u00e1 que um dos delegados que atuava l\u00e1 ficar\u00e1 respons\u00e1vel pela Diretoria de Pol\u00edcia do Litoral. Al\u00e9m disso, outro delegado da institui\u00e7\u00e3o far\u00e1 um curso na Escola Superior de Guerra e n\u00e3o atuar\u00e1 na atividade fim enquanto estiver se capacitando.\u00a0<\/p><p>Os munic\u00edpios da Regi\u00e3o Carbon\u00edfera de Crici\u00fama tamb\u00e9m ganhar\u00e3o refor\u00e7o de efetivo policial. Por determina\u00e7\u00e3o do governador do Estado, Jorginho Mello, a Pol\u00edcia Civil de Santa Catarina est\u00e1 encaminhando atos concretos para designar efetivo para a regi\u00e3o. A regi\u00e3o chegou a ter 17 delegados de Pol\u00edcia para quase 500 mil habitantes. Em 2023, a regi\u00e3o conta com aproximadamente 12 delegados lotados. Dessa forma, h\u00e1 delegacias sem delegados, o que vem gerando problemas no combate ao crime. Neste primeiro momento, ser\u00e3o destacados mais dois delegados para a regi\u00e3o por determina\u00e7\u00e3o do governador.<\/p><p>\u201cPor isso, em raz\u00e3o desse d\u00e9ficit de efetivo, a Pol\u00edcia Civil teve que fazer uma adapta\u00e7\u00e3o, que foi necess\u00e1ria para disponibilizar delegados para suprir a demanda nessas regi\u00f5es\u201d, destacou o delegado-geral Ulisses Gabriel.\u00a0\u00a0<\/p><p>Participaram tamb\u00e9m do encontro desta quarta-feira (18), o Diretor de Intelig\u00eancia, delegado Gustavo Madeira, o diretor da DEIC, delegado Daniel R\u00e9gis, e o diretor adjunto da DEIC, delegado Pedro Mendes.<\/p><div>\u00a0<\/div>\t\t\t\t\t\t\t\t<\/div>\n\t\t\t\t<\/div>\n\t\t\t\t\t<\/div>\n\t\t<\/div>\n\t\t\t\t\t<\/div>\n\t\t<\/section>\n\t\t\t\t<section class=\"elementor-section elementor-top-section elementor-element elementor-element-8d262ac elementor-section-boxed elementor-section-height-default elementor-section-height-default\" data-id=\"8d262ac\" data-element_type=\"section\">\n\t\t\t\t\t\t<div class=\"elementor-container elementor-column-gap-default\">\n\t\t\t\t\t<div class=\"elementor-column elementor-col-100 elementor-top-column elementor-element elementor-element-34d6fc8\" data-id=\"34d6fc8\" data-element_type=\"column\">\n\t\t\t<div class=\"elementor-widget-wrap elementor-element-populated\">\n\t\t\t\t\t\t<div class=\"elementor-element elementor-element-2677e08 elementor-widget elementor-widget-image\" data-id=\"2677e08\" data-element_type=\"widget\" data-widget_type=\"image.default\">\n\t\t\t\t<div class=\"elementor-widget-container\">\n\t\t\t\t\t\t\t\t\t\t\t\t\t\t\t<img decoding=\"async\" width=\"696\" height=\"392\" src=\"https:\/\/pc.sc.gov.br\/\/wp-content\/uploads\/2023\/01\/WhatsApp-Image-2023-01-18-at-13.37.39-1024x576.jpeg\" class=\"attachment-large size-large wp-image-4227\" alt=\"\" srcset=\"https:\/\/pc.sc.gov.br\/\/wp-content\/uploads\/2023\/01\/WhatsApp-Image-2023-01-18-at-13.37.39-1024x576.jpeg 1024w, https:\/\/pc.sc.gov.br\/\/wp-content\/uploads\/2023\/01\/WhatsApp-Image-2023-01-18-at-13.37.39-300x169.jpeg 300w, https:\/\/pc.sc.gov.br\/\/wp-content\/uploads\/2023\/01\/WhatsApp-Image-2023-01-18-at-13.37.39-768x432.jpeg 768w, https:\/\/pc.sc.gov.br\/\/wp-content\/uploads\/2023\/01\/WhatsApp-Image-2023-01-18-at-13.37.39-1536x864.jpeg 1536w, https:\/\/pc.sc.gov.br\/\/wp-content\/uploads\/2023\/01\/WhatsApp-Image-2023-01-18-at-13.37.39.jpeg 1600w\" sizes=\"(max-width: 696px) 100vw, 696px\" \/>\t\t\t\t\t\t\t\t\t\t\t\t\t\t\t<\/div>\n\t\t\t\t<\/div>\n\t\t\t\t\t<\/div>\n\t\t<\/div>\n\t\t\t\t\t<\/div>\n\t\t<\/section>\n\t\t\t\t<\/div>\n\t\t","protected":false},"excerpt":{"rendered":"<p>Pol\u00edcia Civil realiza a\u00e7\u00f5es para otimizar efetivo de delegados lotados no Estado Na manh\u00e3 desta quarta-feira (18), a Pol\u00edcia Civil de Santa Catarina realizou uma reuni\u00e3o de alinhamento de trabalho com delegados que est\u00e3o assumindo unidades da Diretoria Estadual de Investiga\u00e7\u00f5es Criminais (DEIC). O delegado-geral da institui\u00e7\u00e3o, Ulisses Gabriel, esteve presente no encontro juntamente do [&hellip;]<\/p>\n","protected":false},"author":5,"featured_media":4225,"comment_status":"closed","ping_status":"open","sticky":false,"template":"","format":"standard","meta":{"_monsterinsights_skip_tracking":false,"_monsterinsights_sitenote_active":false,"_monsterinsights_sitenote_note":"","_monsterinsights_sitenote_category":0,"footnotes":""},"categories":[1],"tags":[],"class_list":["post-4224","post","type-post","status-publish","format-standard","has-post-thumbnail","hentry","category-sem-categoria"],"_links":{"self":[{"href":"https:\/\/pc.sc.gov.br\/index.php?rest_route=\/wp\/v2\/posts\/4224","targetHints":{"allow":["GET"]}}],"collection":[{"href":"https:\/\/pc.sc.gov.br\/index.php?rest_route=\/wp\/v2\/posts"}],"about":[{"href":"https:\/\/pc.sc.gov.br\/index.php?rest_route=\/wp\/v2\/types\/post"}],"author":[{"embeddable":true,"href":"https:\/\/pc.sc.gov.br\/index.php?rest_route=\/wp\/v2\/users\/5"}],"replies":[{"embeddable":true,"href":"https:\/\/pc.sc.gov.br\/index.php?rest_route=%2Fwp%2Fv2%2Fcomments&post=4224"}],"version-history":[{"count":4,"href":"https:\/\/pc.sc.gov.br\/index.php?rest_route=\/wp\/v2\/posts\/4224\/revisions"}],"predecessor-version":[{"id":4230,"href":"https:\/\/pc.sc.gov.br\/index.php?rest_route=\/wp\/v2\/posts\/4224\/revisions\/4230"}],"wp:featuredmedia":[{"embeddable":true,"href":"https:\/\/pc.sc.gov.br\/index.php?rest_route=\/wp\/v2\/media\/4225"}],"wp:attachment":[{"href":"https:\/\/pc.sc.gov.br\/index.php?rest_route=%2Fwp%2Fv2%2Fmedia&parent=4224"}],"wp:term":[{"taxonomy":"category","embeddable":true,"href":"https:\/\/pc.sc.gov.br\/index.php?rest_route=%2Fwp%2Fv2%2Fcategories&post=4224"},{"taxonomy":"post_tag","embeddable":true,"href":"https:\/\/pc.sc.gov.br\/index.php?rest_route=%2Fwp%2Fv2%2Ftags&post=4224"}],"curies":[{"name":"wp","href":"https:\/\/api.w.org\/{rel}","templated":true}]}}