{"id":4231,"date":"2023-01-19T10:55:52","date_gmt":"2023-01-19T13:55:52","guid":{"rendered":"https:\/\/pc.sc.gov.br\/?p=4231"},"modified":"2023-01-19T10:57:38","modified_gmt":"2023-01-19T13:57:38","slug":"policia-civil-prende-duas-pessoas-suspeitas-de-estarem-envolvidas-em-chacina-de-joinville","status":"publish","type":"post","link":"https:\/\/pc.sc.gov.br\/?p=4231","title":{"rendered":"Pol\u00edcia Civil prende duas pessoas suspeitas de estarem envolvidas em Chacina de Joinville"},"content":{"rendered":"\t\t<div data-elementor-type=\"wp-post\" data-elementor-id=\"4231\" class=\"elementor elementor-4231\" data-elementor-post-type=\"post\">\n\t\t\t\t\t\t<section class=\"elementor-section elementor-top-section elementor-element elementor-element-2041f93 elementor-section-boxed elementor-section-height-default elementor-section-height-default\" data-id=\"2041f93\" data-element_type=\"section\">\n\t\t\t\t\t\t<div class=\"elementor-container elementor-column-gap-default\">\n\t\t\t\t\t<div class=\"elementor-column elementor-col-100 elementor-top-column elementor-element elementor-element-0448d65\" data-id=\"0448d65\" data-element_type=\"column\">\n\t\t\t<div class=\"elementor-widget-wrap elementor-element-populated\">\n\t\t\t\t\t\t<div class=\"elementor-element elementor-element-cdfdc32 elementor-widget elementor-widget-heading\" data-id=\"cdfdc32\" data-element_type=\"widget\" data-widget_type=\"heading.default\">\n\t\t\t\t<div class=\"elementor-widget-container\">\n\t\t\t\t\t<h2 class=\"elementor-heading-title elementor-size-default\">Pol\u00edcia Civil prende duas pessoas suspeitas de estarem envolvidas em Chacina de Joinville<\/h2>\t\t\t\t<\/div>\n\t\t\t\t<\/div>\n\t\t\t\t\t<\/div>\n\t\t<\/div>\n\t\t\t\t\t<\/div>\n\t\t<\/section>\n\t\t\t\t<section class=\"elementor-section elementor-top-section elementor-element elementor-element-950c802 elementor-section-boxed elementor-section-height-default elementor-section-height-default\" data-id=\"950c802\" data-element_type=\"section\">\n\t\t\t\t\t\t<div class=\"elementor-container elementor-column-gap-default\">\n\t\t\t\t\t<div class=\"elementor-column elementor-col-100 elementor-top-column elementor-element elementor-element-b7e91ad\" data-id=\"b7e91ad\" data-element_type=\"column\">\n\t\t\t<div class=\"elementor-widget-wrap elementor-element-populated\">\n\t\t\t\t\t\t<div class=\"elementor-element elementor-element-49f6d63 elementor-widget elementor-widget-image\" data-id=\"49f6d63\" data-element_type=\"widget\" data-widget_type=\"image.default\">\n\t\t\t\t<div class=\"elementor-widget-container\">\n\t\t\t\t\t\t\t\t\t\t\t\t\t\t\t<img fetchpriority=\"high\" decoding=\"async\" width=\"696\" height=\"390\" src=\"https:\/\/pc.sc.gov.br\/\/wp-content\/uploads\/2023\/01\/WhatsApp-Image-2023-01-19-at-10.38.45-1024x574.jpeg\" class=\"attachment-large size-large wp-image-4232\" alt=\"Viatura da Homic\u00eddios de Joinville em opera\u00e7\u00e3o.\" srcset=\"https:\/\/pc.sc.gov.br\/\/wp-content\/uploads\/2023\/01\/WhatsApp-Image-2023-01-19-at-10.38.45-1024x574.jpeg 1024w, https:\/\/pc.sc.gov.br\/\/wp-content\/uploads\/2023\/01\/WhatsApp-Image-2023-01-19-at-10.38.45-300x168.jpeg 300w, https:\/\/pc.sc.gov.br\/\/wp-content\/uploads\/2023\/01\/WhatsApp-Image-2023-01-19-at-10.38.45-768x431.jpeg 768w, https:\/\/pc.sc.gov.br\/\/wp-content\/uploads\/2023\/01\/WhatsApp-Image-2023-01-19-at-10.38.45.jpeg 1278w\" sizes=\"(max-width: 696px) 100vw, 696px\" \/>\t\t\t\t\t\t\t\t\t\t\t\t\t\t\t<\/div>\n\t\t\t\t<\/div>\n\t\t\t\t\t<\/div>\n\t\t<\/div>\n\t\t\t\t\t<\/div>\n\t\t<\/section>\n\t\t\t\t<section class=\"elementor-section elementor-top-section elementor-element elementor-element-d518882 elementor-section-boxed elementor-section-height-default elementor-section-height-default\" data-id=\"d518882\" data-element_type=\"section\">\n\t\t\t\t\t\t<div class=\"elementor-container elementor-column-gap-default\">\n\t\t\t\t\t<div class=\"elementor-column elementor-col-100 elementor-top-column elementor-element elementor-element-5cdd0ea\" data-id=\"5cdd0ea\" data-element_type=\"column\">\n\t\t\t<div class=\"elementor-widget-wrap elementor-element-populated\">\n\t\t\t\t\t\t<div class=\"elementor-element elementor-element-6265ab7 elementor-widget elementor-widget-text-editor\" data-id=\"6265ab7\" data-element_type=\"widget\" data-widget_type=\"text-editor.default\">\n\t\t\t\t<div class=\"elementor-widget-container\">\n\t\t\t\t\t\t\t\t\t<p><span style=\"font-family: var( --e-global-typography-text-font-family ), Sans-serif; font-size: var( --e-global-typography-text-font-size );\">N<\/span><span style=\"font-family: var( --e-global-typography-text-font-family ), Sans-serif; font-size: var( --e-global-typography-text-font-size );\">esta quinta-feira (19), a Pol\u00edcia Civil de Santa Catarina, por meio da Delegacia <\/span><span style=\"font-family: var( --e-global-typography-text-font-family ), Sans-serif; font-size: var( --e-global-typography-text-font-size );\">de Homic\u00eddios de Joinville, deflagrou opera\u00e7\u00e3o e prendeu duas<\/span><span style=\"font-family: var( --e-global-typography-text-font-family ), Sans-serif; font-size: var( --e-global-typography-text-font-size ); font-weight: var( --e-global-typography-text-font-weight );\"> <\/span><span style=\"font-family: var( --e-global-typography-text-font-family ), Sans-serif; font-size: var( --e-global-typography-text-font-size );\">pessoas suspeitas de estarem envolvidas no crime que vitimou seis pessoas no bairro Morro do Meio, em Joinville, no \u00faltimo dia 08 de janeiro. A a\u00e7\u00e3o teve por finalidade tamb\u00e9m reunir elementos de prova a cerca do crime.<\/span><\/p>\n<p>As ordens judiciais foram obtidas como resultado da investiga\u00e7\u00e3o que compilou dados produzidos pelos investigadores em conjunto com o aux\u00edlio de policiais militares que atuam na regi\u00e3o e peritos da Pol\u00edcia Cient\u00edfica. Al\u00e9m disso, den\u00fancias an\u00f4nimas recebidas pelo WhatsApp da Pol\u00edcia Civil mostraram-se cruciais para a efici\u00eancia da investiga\u00e7\u00e3o.&nbsp;<\/p>\n<p>A Pol\u00edcia Civil apurou que a motiva\u00e7\u00e3o do crime est\u00e1 relacionada a conflitos entre grupos criminosos rivais, n\u00e3o obstante as v\u00edtimas n\u00e3o possu\u00edrem qualquer vincula\u00e7\u00e3o com fac\u00e7\u00f5es criminosas. Foi poss\u00edvel apurar que, na data dos eventos, as v\u00edtimas foram submetidas a uma esp\u00e9cie de julgamento conduzido pelos criminosos. Dessa forma, o simples motivo de serem provenientes do estado do Paran\u00e1 mostrou-se raz\u00e3o suficiente para as execu\u00e7\u00f5es e destrui\u00e7\u00e3o dos cad\u00e1veres.&nbsp;<\/p>\n<p>Outros dois integrantes da fac\u00e7\u00e3o criminosa seguem foragidos e est\u00e3o sendo procurados. A investiga\u00e7\u00e3o prosseguir\u00e1 com o fim de identificar todos os envolvidos no crime e novas pris\u00f5es podem acontecer no decorrer dos pr\u00f3ximos dias.&nbsp;<\/p>\n<p>Se voc\u00ea que tem informa\u00e7\u00f5es sobre o crime ou o paradeiro dos procurados, colabore com a investiga\u00e7\u00e3o por meio do Whatsapp (47) 3481.2456. O sigilo \u00e9 absoluto.<\/p>\n<div>&nbsp;<\/div>\t\t\t\t\t\t\t\t<\/div>\n\t\t\t\t<\/div>\n\t\t\t\t\t<\/div>\n\t\t<\/div>\n\t\t\t\t\t<\/div>\n\t\t<\/section>\n\t\t\t\t<\/div>\n\t\t","protected":false},"excerpt":{"rendered":"<p>Pol\u00edcia Civil prende duas pessoas suspeitas de estarem envolvidas em Chacina de Joinville Nesta quinta-feira (19), a Pol\u00edcia Civil de Santa Catarina, por meio da Delegacia de Homic\u00eddios de Joinville, deflagrou opera\u00e7\u00e3o e prendeu duas pessoas suspeitas de estarem envolvidas no crime que vitimou seis pessoas no bairro Morro do Meio, em Joinville, no \u00faltimo [&hellip;]<\/p>\n","protected":false},"author":5,"featured_media":4232,"comment_status":"closed","ping_status":"open","sticky":false,"template":"","format":"standard","meta":{"_monsterinsights_skip_tracking":false,"_monsterinsights_sitenote_active":false,"_monsterinsights_sitenote_note":"","_monsterinsights_sitenote_category":0,"footnotes":""},"categories":[1],"tags":[],"class_list":["post-4231","post","type-post","status-publish","format-standard","has-post-thumbnail","hentry","category-sem-categoria"],"_links":{"self":[{"href":"https:\/\/pc.sc.gov.br\/index.php?rest_route=\/wp\/v2\/posts\/4231","targetHints":{"allow":["GET"]}}],"collection":[{"href":"https:\/\/pc.sc.gov.br\/index.php?rest_route=\/wp\/v2\/posts"}],"about":[{"href":"https:\/\/pc.sc.gov.br\/index.php?rest_route=\/wp\/v2\/types\/post"}],"author":[{"embeddable":true,"href":"https:\/\/pc.sc.gov.br\/index.php?rest_route=\/wp\/v2\/users\/5"}],"replies":[{"embeddable":true,"href":"https:\/\/pc.sc.gov.br\/index.php?rest_route=%2Fwp%2Fv2%2Fcomments&post=4231"}],"version-history":[{"count":4,"href":"https:\/\/pc.sc.gov.br\/index.php?rest_route=\/wp\/v2\/posts\/4231\/revisions"}],"predecessor-version":[{"id":4236,"href":"https:\/\/pc.sc.gov.br\/index.php?rest_route=\/wp\/v2\/posts\/4231\/revisions\/4236"}],"wp:featuredmedia":[{"embeddable":true,"href":"https:\/\/pc.sc.gov.br\/index.php?rest_route=\/wp\/v2\/media\/4232"}],"wp:attachment":[{"href":"https:\/\/pc.sc.gov.br\/index.php?rest_route=%2Fwp%2Fv2%2Fmedia&parent=4231"}],"wp:term":[{"taxonomy":"category","embeddable":true,"href":"https:\/\/pc.sc.gov.br\/index.php?rest_route=%2Fwp%2Fv2%2Fcategories&post=4231"},{"taxonomy":"post_tag","embeddable":true,"href":"https:\/\/pc.sc.gov.br\/index.php?rest_route=%2Fwp%2Fv2%2Ftags&post=4231"}],"curies":[{"name":"wp","href":"https:\/\/api.w.org\/{rel}","templated":true}]}}