{"id":4237,"date":"2023-01-19T11:17:52","date_gmt":"2023-01-19T14:17:52","guid":{"rendered":"https:\/\/pc.sc.gov.br\/?p=4237"},"modified":"2023-01-19T11:23:32","modified_gmt":"2023-01-19T14:23:32","slug":"policia-civil-prende-dois-homens-por-trafico-de-drogas-em-balneario-picarras-e-apreende-cerca-de-350-quilos-de-drogas","status":"publish","type":"post","link":"https:\/\/pc.sc.gov.br\/?p=4237","title":{"rendered":"Pol\u00edcia Civil prende dois homens por tr\u00e1fico de drogas em Balne\u00e1rio Pi\u00e7arras e apreende cerca de 350 quilos de drogas"},"content":{"rendered":"\t\t<div data-elementor-type=\"wp-post\" data-elementor-id=\"4237\" class=\"elementor elementor-4237\" data-elementor-post-type=\"post\">\n\t\t\t\t\t\t<section class=\"elementor-section elementor-top-section elementor-element elementor-element-7fc22d4 elementor-section-boxed elementor-section-height-default elementor-section-height-default\" data-id=\"7fc22d4\" data-element_type=\"section\">\n\t\t\t\t\t\t<div class=\"elementor-container elementor-column-gap-default\">\n\t\t\t\t\t<div class=\"elementor-column elementor-col-100 elementor-top-column elementor-element elementor-element-4c9d3d4\" data-id=\"4c9d3d4\" data-element_type=\"column\">\n\t\t\t<div class=\"elementor-widget-wrap elementor-element-populated\">\n\t\t\t\t\t\t<div class=\"elementor-element elementor-element-1bc1d92 elementor-widget elementor-widget-heading\" data-id=\"1bc1d92\" data-element_type=\"widget\" data-widget_type=\"heading.default\">\n\t\t\t\t<div class=\"elementor-widget-container\">\n\t\t\t\t\t<h2 class=\"elementor-heading-title elementor-size-default\">Pol\u00edcia Civil prende dois homens por tr\u00e1fico de drogas em Balne\u00e1rio Pi\u00e7arras e apreende cerca de 350 quilos de drogas<\/h2>\t\t\t\t<\/div>\n\t\t\t\t<\/div>\n\t\t\t\t\t<\/div>\n\t\t<\/div>\n\t\t\t\t\t<\/div>\n\t\t<\/section>\n\t\t\t\t<section class=\"elementor-section elementor-top-section elementor-element elementor-element-a7459cb elementor-section-boxed elementor-section-height-default elementor-section-height-default\" data-id=\"a7459cb\" data-element_type=\"section\">\n\t\t\t\t\t\t<div class=\"elementor-container elementor-column-gap-default\">\n\t\t\t\t\t<div class=\"elementor-column elementor-col-100 elementor-top-column elementor-element elementor-element-c99bfd1\" data-id=\"c99bfd1\" data-element_type=\"column\">\n\t\t\t<div class=\"elementor-widget-wrap elementor-element-populated\">\n\t\t\t\t\t\t<div class=\"elementor-element elementor-element-e21151c elementor-widget elementor-widget-image\" data-id=\"e21151c\" data-element_type=\"widget\" data-widget_type=\"image.default\">\n\t\t\t\t<div class=\"elementor-widget-container\">\n\t\t\t\t\t\t\t\t\t\t\t\t\t\t\t<img fetchpriority=\"high\" decoding=\"async\" width=\"696\" height=\"928\" src=\"https:\/\/pc.sc.gov.br\/\/wp-content\/uploads\/2023\/01\/WhatsApp-Image-2023-01-19-at-08.23.32-768x1024.jpeg\" class=\"attachment-large size-large wp-image-4238\" alt=\"Drogas apreendidas com banner da PCSC ao fundo.\" srcset=\"https:\/\/pc.sc.gov.br\/\/wp-content\/uploads\/2023\/01\/WhatsApp-Image-2023-01-19-at-08.23.32-768x1024.jpeg 768w, https:\/\/pc.sc.gov.br\/\/wp-content\/uploads\/2023\/01\/WhatsApp-Image-2023-01-19-at-08.23.32-225x300.jpeg 225w, https:\/\/pc.sc.gov.br\/\/wp-content\/uploads\/2023\/01\/WhatsApp-Image-2023-01-19-at-08.23.32-1152x1536.jpeg 1152w, https:\/\/pc.sc.gov.br\/\/wp-content\/uploads\/2023\/01\/WhatsApp-Image-2023-01-19-at-08.23.32.jpeg 1200w\" sizes=\"(max-width: 696px) 100vw, 696px\" \/>\t\t\t\t\t\t\t\t\t\t\t\t\t\t\t<\/div>\n\t\t\t\t<\/div>\n\t\t\t\t\t<\/div>\n\t\t<\/div>\n\t\t\t\t\t<\/div>\n\t\t<\/section>\n\t\t\t\t<section class=\"elementor-section elementor-top-section elementor-element elementor-element-f6f8be8 elementor-section-boxed elementor-section-height-default elementor-section-height-default\" data-id=\"f6f8be8\" data-element_type=\"section\">\n\t\t\t\t\t\t<div class=\"elementor-container elementor-column-gap-default\">\n\t\t\t\t\t<div class=\"elementor-column elementor-col-100 elementor-top-column elementor-element elementor-element-5fe9113\" data-id=\"5fe9113\" data-element_type=\"column\">\n\t\t\t<div class=\"elementor-widget-wrap elementor-element-populated\">\n\t\t\t\t\t\t<div class=\"elementor-element elementor-element-8395899 elementor-widget elementor-widget-text-editor\" data-id=\"8395899\" data-element_type=\"widget\" data-widget_type=\"text-editor.default\">\n\t\t\t\t<div class=\"elementor-widget-container\">\n\t\t\t\t\t\t\t\t\t<p>Na tarde da quarta-feira (18), a Pol\u00edcia Civil de Santa Catarina, por meio da Divis\u00e3o de Investiga\u00e7\u00e3o Criminal (DIC) de Blumenau, prendeu dois homens suspeitos pelo crime de tr\u00e1fico de drogas na cidade de Balne\u00e1rio Pi\u00e7arras e apreendeu aproximadamente 350 quilos de drogas.&nbsp;<\/p>\n<p>Segundo a investiga\u00e7\u00e3o, foi constatado que os homens alugaram um ve\u00edculo na cidade de Navegantes para se deslocarem at\u00e9 a regi\u00e3o metropolitana de Curitiba, no Paran\u00e1, para buscarem drogas e revenderem na regi\u00e3o de Blumenau.&nbsp;<\/p>\n<p>A Pol\u00edcia Civil abordou o ve\u00edculo em que os homens estavam quando este chegava a Balne\u00e1rio Pi\u00e7arras, mais precisamente em um im\u00f3vel utilizado para armazenamento das subst\u00e2ncias. Com a abordagem, os agentes da Pol\u00edcia Civil localizaram diversas caixas de papel\u00e3o contendo in\u00fameros tablets de maconha na ca\u00e7amba do ve\u00edculo, totalizando um peso aproximado de 300 quilos.&nbsp;<\/p>\n<p>Na sequ\u00eancia, um dos homens confessou que possu\u00eda uma arma de fogo e mais por\u00e7\u00f5es de drogas em sua resid\u00eancia, no Bairro do Salto do Norte, em Blumenau. Com isso, outra equipe da Pol\u00edcia Civil se deslocou at\u00e9 o im\u00f3vel e logrou \u00eaxito em localizar mais 40 quilos de maconha, 10 quilos de skunk, objetos destinados ao preparo da droga, um rev\u00f3lver calibre .38 e oito muni\u00e7\u00f5es.&nbsp;<\/p>\n<p>Diante dos fatos, os homens foram conduzidos \u00e0 sede da DIC para formaliza\u00e7\u00e3o dos Autos de Pris\u00e3o em Flagrante pelos crimes de tr\u00e1fico de drogas, associa\u00e7\u00e3o para o tr\u00e1fico e posse irregular de arma de fogo. Ao final, os presos foram conduzidos ao Pres\u00eddio Regional de Blumenau, onde aguardam a realiza\u00e7\u00e3o da audi\u00eancia de cust\u00f3dia.<\/p>\n<div>&nbsp;<\/div>\t\t\t\t\t\t\t\t<\/div>\n\t\t\t\t<\/div>\n\t\t\t\t\t<\/div>\n\t\t<\/div>\n\t\t\t\t\t<\/div>\n\t\t<\/section>\n\t\t\t\t<section class=\"elementor-section elementor-top-section elementor-element elementor-element-0895e97 elementor-section-boxed elementor-section-height-default elementor-section-height-default\" data-id=\"0895e97\" data-element_type=\"section\">\n\t\t\t\t\t\t<div class=\"elementor-container elementor-column-gap-default\">\n\t\t\t\t\t<div class=\"elementor-column elementor-col-100 elementor-top-column elementor-element elementor-element-63eee55\" data-id=\"63eee55\" data-element_type=\"column\">\n\t\t\t<div class=\"elementor-widget-wrap elementor-element-populated\">\n\t\t\t\t\t\t<div class=\"elementor-element elementor-element-34ab491 elementor-widget elementor-widget-image\" data-id=\"34ab491\" data-element_type=\"widget\" data-widget_type=\"image.default\">\n\t\t\t\t<div class=\"elementor-widget-container\">\n\t\t\t\t\t\t\t\t\t\t\t\t\t\t\t<img decoding=\"async\" width=\"696\" height=\"928\" src=\"https:\/\/pc.sc.gov.br\/\/wp-content\/uploads\/2023\/01\/WhatsApp-Image-2023-01-19-at-08.23.32-1-768x1024.jpeg\" class=\"attachment-large size-large wp-image-4240\" alt=\"Ca\u00e7amba do carro com caixas contendo drogas.\" srcset=\"https:\/\/pc.sc.gov.br\/\/wp-content\/uploads\/2023\/01\/WhatsApp-Image-2023-01-19-at-08.23.32-1-768x1024.jpeg 768w, https:\/\/pc.sc.gov.br\/\/wp-content\/uploads\/2023\/01\/WhatsApp-Image-2023-01-19-at-08.23.32-1-225x300.jpeg 225w, https:\/\/pc.sc.gov.br\/\/wp-content\/uploads\/2023\/01\/WhatsApp-Image-2023-01-19-at-08.23.32-1-1152x1536.jpeg 1152w, https:\/\/pc.sc.gov.br\/\/wp-content\/uploads\/2023\/01\/WhatsApp-Image-2023-01-19-at-08.23.32-1.jpeg 1200w\" sizes=\"(max-width: 696px) 100vw, 696px\" \/>\t\t\t\t\t\t\t\t\t\t\t\t\t\t\t<\/div>\n\t\t\t\t<\/div>\n\t\t\t\t\t<\/div>\n\t\t<\/div>\n\t\t\t\t\t<\/div>\n\t\t<\/section>\n\t\t\t\t<section class=\"elementor-section elementor-top-section elementor-element elementor-element-5579ca9 elementor-section-boxed elementor-section-height-default elementor-section-height-default\" data-id=\"5579ca9\" data-element_type=\"section\">\n\t\t\t\t\t\t<div class=\"elementor-container elementor-column-gap-default\">\n\t\t\t\t\t<div class=\"elementor-column elementor-col-100 elementor-top-column elementor-element elementor-element-77e00b9\" data-id=\"77e00b9\" data-element_type=\"column\">\n\t\t\t<div class=\"elementor-widget-wrap elementor-element-populated\">\n\t\t\t\t\t\t<div class=\"elementor-element elementor-element-c1d7892 elementor-widget elementor-widget-video\" data-id=\"c1d7892\" data-element_type=\"widget\" data-settings=\"{&quot;video_type&quot;:&quot;hosted&quot;,&quot;controls&quot;:&quot;yes&quot;}\" data-widget_type=\"video.default\">\n\t\t\t\t<div class=\"elementor-widget-container\">\n\t\t\t\t\t\t\t<div class=\"e-hosted-video elementor-wrapper elementor-open-inline\">\n\t\t\t\t\t<video class=\"elementor-video\" src=\"https:\/\/pc.sc.gov.br\/wp-content\/uploads\/2023\/01\/WhatsApp-Video-2023-01-19-at-11.15.28.mp4\" controls=\"\" preload=\"metadata\"><\/video>\n\t\t\t\t<\/div>\n\t\t\t\t\t\t<\/div>\n\t\t\t\t<\/div>\n\t\t\t\t\t<\/div>\n\t\t<\/div>\n\t\t\t\t\t<\/div>\n\t\t<\/section>\n\t\t\t\t<\/div>\n\t\t","protected":false},"excerpt":{"rendered":"<p>Pol\u00edcia Civil prende dois homens por tr\u00e1fico de drogas em Balne\u00e1rio Pi\u00e7arras e apreende cerca de 350 quilos de drogas Na tarde da quarta-feira (18), a Pol\u00edcia Civil de Santa Catarina, por meio da Divis\u00e3o de Investiga\u00e7\u00e3o Criminal (DIC) de Blumenau, prendeu dois homens suspeitos pelo crime de tr\u00e1fico de drogas na cidade de Balne\u00e1rio [&hellip;]<\/p>\n","protected":false},"author":5,"featured_media":4238,"comment_status":"closed","ping_status":"open","sticky":false,"template":"","format":"standard","meta":{"_monsterinsights_skip_tracking":false,"_monsterinsights_sitenote_active":false,"_monsterinsights_sitenote_note":"","_monsterinsights_sitenote_category":0,"footnotes":""},"categories":[1],"tags":[],"class_list":["post-4237","post","type-post","status-publish","format-standard","has-post-thumbnail","hentry","category-sem-categoria"],"_links":{"self":[{"href":"https:\/\/pc.sc.gov.br\/index.php?rest_route=\/wp\/v2\/posts\/4237","targetHints":{"allow":["GET"]}}],"collection":[{"href":"https:\/\/pc.sc.gov.br\/index.php?rest_route=\/wp\/v2\/posts"}],"about":[{"href":"https:\/\/pc.sc.gov.br\/index.php?rest_route=\/wp\/v2\/types\/post"}],"author":[{"embeddable":true,"href":"https:\/\/pc.sc.gov.br\/index.php?rest_route=\/wp\/v2\/users\/5"}],"replies":[{"embeddable":true,"href":"https:\/\/pc.sc.gov.br\/index.php?rest_route=%2Fwp%2Fv2%2Fcomments&post=4237"}],"version-history":[{"count":13,"href":"https:\/\/pc.sc.gov.br\/index.php?rest_route=\/wp\/v2\/posts\/4237\/revisions"}],"predecessor-version":[{"id":4253,"href":"https:\/\/pc.sc.gov.br\/index.php?rest_route=\/wp\/v2\/posts\/4237\/revisions\/4253"}],"wp:featuredmedia":[{"embeddable":true,"href":"https:\/\/pc.sc.gov.br\/index.php?rest_route=\/wp\/v2\/media\/4238"}],"wp:attachment":[{"href":"https:\/\/pc.sc.gov.br\/index.php?rest_route=%2Fwp%2Fv2%2Fmedia&parent=4237"}],"wp:term":[{"taxonomy":"category","embeddable":true,"href":"https:\/\/pc.sc.gov.br\/index.php?rest_route=%2Fwp%2Fv2%2Fcategories&post=4237"},{"taxonomy":"post_tag","embeddable":true,"href":"https:\/\/pc.sc.gov.br\/index.php?rest_route=%2Fwp%2Fv2%2Ftags&post=4237"}],"curies":[{"name":"wp","href":"https:\/\/api.w.org\/{rel}","templated":true}]}}