{"id":4256,"date":"2023-01-19T12:04:23","date_gmt":"2023-01-19T15:04:23","guid":{"rendered":"https:\/\/pc.sc.gov.br\/?p=4256"},"modified":"2023-01-19T17:15:25","modified_gmt":"2023-01-19T20:15:25","slug":"policia-civil-prende-homem-por-simular-assalto-e-causar-tumulto-em-balneario-camboriu","status":"publish","type":"post","link":"https:\/\/pc.sc.gov.br\/?p=4256","title":{"rendered":"Pol\u00edcia Civil prende homem por simular assalto e causar tumulto em Balne\u00e1rio Cambori\u00fa"},"content":{"rendered":"\t\t<div data-elementor-type=\"wp-post\" data-elementor-id=\"4256\" class=\"elementor elementor-4256\" data-elementor-post-type=\"post\">\n\t\t\t\t\t\t<section class=\"elementor-section elementor-top-section elementor-element elementor-element-d0956a2 elementor-section-boxed elementor-section-height-default elementor-section-height-default\" data-id=\"d0956a2\" data-element_type=\"section\">\n\t\t\t\t\t\t<div class=\"elementor-container elementor-column-gap-default\">\n\t\t\t\t\t<div class=\"elementor-column elementor-col-100 elementor-top-column elementor-element elementor-element-5ff84ee\" data-id=\"5ff84ee\" data-element_type=\"column\">\n\t\t\t<div class=\"elementor-widget-wrap elementor-element-populated\">\n\t\t\t\t\t\t<div class=\"elementor-element elementor-element-b384231 elementor-widget elementor-widget-heading\" data-id=\"b384231\" data-element_type=\"widget\" data-widget_type=\"heading.default\">\n\t\t\t\t<div class=\"elementor-widget-container\">\n\t\t\t\t\t<h2 class=\"elementor-heading-title elementor-size-default\">Pol\u00edcia Civil prende homem por simular assalto e causar tumulto em Balne\u00e1rio Cambori\u00fa<\/h2>\t\t\t\t<\/div>\n\t\t\t\t<\/div>\n\t\t\t\t\t<\/div>\n\t\t<\/div>\n\t\t\t\t\t<\/div>\n\t\t<\/section>\n\t\t\t\t<section class=\"elementor-section elementor-top-section elementor-element elementor-element-82c355c elementor-section-boxed elementor-section-height-default elementor-section-height-default\" data-id=\"82c355c\" data-element_type=\"section\">\n\t\t\t\t\t\t<div class=\"elementor-container elementor-column-gap-default\">\n\t\t\t\t\t<div class=\"elementor-column elementor-col-100 elementor-top-column elementor-element elementor-element-f004694\" data-id=\"f004694\" data-element_type=\"column\">\n\t\t\t<div class=\"elementor-widget-wrap elementor-element-populated\">\n\t\t\t\t\t\t<div class=\"elementor-element elementor-element-2152e97 elementor-widget elementor-widget-image\" data-id=\"2152e97\" data-element_type=\"widget\" data-widget_type=\"image.default\">\n\t\t\t\t<div class=\"elementor-widget-container\">\n\t\t\t\t\t\t\t\t\t\t\t\t\t\t\t<img fetchpriority=\"high\" decoding=\"async\" width=\"680\" height=\"510\" src=\"https:\/\/pc.sc.gov.br\/\/wp-content\/uploads\/2022\/12\/BANNER-1.jpg\" class=\"attachment-large size-large wp-image-2739\" alt=\"Banner com a logo da Pol\u00edcia Civil.\" srcset=\"https:\/\/pc.sc.gov.br\/\/wp-content\/uploads\/2022\/12\/BANNER-1.jpg 680w, https:\/\/pc.sc.gov.br\/\/wp-content\/uploads\/2022\/12\/BANNER-1-300x225.jpg 300w\" sizes=\"(max-width: 680px) 100vw, 680px\" \/>\t\t\t\t\t\t\t\t\t\t\t\t\t\t\t<\/div>\n\t\t\t\t<\/div>\n\t\t\t\t\t<\/div>\n\t\t<\/div>\n\t\t\t\t\t<\/div>\n\t\t<\/section>\n\t\t\t\t<section class=\"elementor-section elementor-top-section elementor-element elementor-element-0a4f20e elementor-section-boxed elementor-section-height-default elementor-section-height-default\" data-id=\"0a4f20e\" data-element_type=\"section\">\n\t\t\t\t\t\t<div class=\"elementor-container elementor-column-gap-default\">\n\t\t\t\t\t<div class=\"elementor-column elementor-col-100 elementor-top-column elementor-element elementor-element-c24f69c\" data-id=\"c24f69c\" data-element_type=\"column\">\n\t\t\t<div class=\"elementor-widget-wrap elementor-element-populated\">\n\t\t\t\t\t\t<div class=\"elementor-element elementor-element-3c68169 elementor-widget elementor-widget-text-editor\" data-id=\"3c68169\" data-element_type=\"widget\" data-widget_type=\"text-editor.default\">\n\t\t\t\t<div class=\"elementor-widget-container\">\n\t\t\t\t\t\t\t\t\t<p>Na quarta-feira (18), a Pol\u00edcia Civil de Santa Catarina, por meio da Central de Plant\u00e3o Policial de Balne\u00e1rio Cambori\u00fa, prendeu um homem em flagrante que teria simulado um assalto para o seu canal do Youtube em Balne\u00e1rio Cambori\u00fa. Com a situa\u00e7\u00e3o, o homem teria causado tumulto e mobilizado o efetivo da Pol\u00edcia Militar, inclusive o helic\u00f3ptero da institui\u00e7\u00e3o policial.&nbsp;&nbsp;<\/p>\n<p>Segundo uma testemunha ouvida pela Pol\u00edcia Civil, o homem teria abordado duas mulheres e amea\u00e7ado com uma arma semelhante ao tipo fuzil. Na Delegacia, na presen\u00e7a do seu advogado, o homem se reservou ao direito de permanecer em sil\u00eancio e com ele foram apreendidas as armas de airsoft que teriam sido utilizadas no falso assalto.&nbsp;<\/p>\n<p>Ele foi autuado pela Pol\u00edcia Civil pelo crime de atentado contra a seguran\u00e7a de servi\u00e7o de utilidade p\u00fablica e pela contraven\u00e7\u00e3o penal de provocar alarma, anunciando desastre ou perigo inexistente ou praticar qualquer ato capaz de produzir p\u00e2nico ou tumulto.<\/p>\n<p>O homem foi detido e encaminhado ao Sistema Prisional onde permanece \u00e0 disposi\u00e7\u00e3o da justi\u00e7a.<\/p>\n<div>&nbsp;<\/div>\t\t\t\t\t\t\t\t<\/div>\n\t\t\t\t<\/div>\n\t\t\t\t\t<\/div>\n\t\t<\/div>\n\t\t\t\t\t<\/div>\n\t\t<\/section>\n\t\t\t\t<\/div>\n\t\t","protected":false},"excerpt":{"rendered":"<p>Pol\u00edcia Civil prende homem por simular assalto e causar tumulto em Balne\u00e1rio Cambori\u00fa Na quarta-feira (18), a Pol\u00edcia Civil de Santa Catarina, por meio da Central de Plant\u00e3o Policial de Balne\u00e1rio Cambori\u00fa, prendeu um homem em flagrante que teria simulado um assalto para o seu canal do Youtube em Balne\u00e1rio Cambori\u00fa. Com a situa\u00e7\u00e3o, o [&hellip;]<\/p>\n","protected":false},"author":5,"featured_media":2739,"comment_status":"closed","ping_status":"open","sticky":false,"template":"","format":"standard","meta":{"_monsterinsights_skip_tracking":false,"_monsterinsights_sitenote_active":false,"_monsterinsights_sitenote_note":"","_monsterinsights_sitenote_category":0,"footnotes":""},"categories":[1],"tags":[],"class_list":["post-4256","post","type-post","status-publish","format-standard","has-post-thumbnail","hentry","category-sem-categoria"],"_links":{"self":[{"href":"https:\/\/pc.sc.gov.br\/index.php?rest_route=\/wp\/v2\/posts\/4256","targetHints":{"allow":["GET"]}}],"collection":[{"href":"https:\/\/pc.sc.gov.br\/index.php?rest_route=\/wp\/v2\/posts"}],"about":[{"href":"https:\/\/pc.sc.gov.br\/index.php?rest_route=\/wp\/v2\/types\/post"}],"author":[{"embeddable":true,"href":"https:\/\/pc.sc.gov.br\/index.php?rest_route=\/wp\/v2\/users\/5"}],"replies":[{"embeddable":true,"href":"https:\/\/pc.sc.gov.br\/index.php?rest_route=%2Fwp%2Fv2%2Fcomments&post=4256"}],"version-history":[{"count":10,"href":"https:\/\/pc.sc.gov.br\/index.php?rest_route=\/wp\/v2\/posts\/4256\/revisions"}],"predecessor-version":[{"id":4291,"href":"https:\/\/pc.sc.gov.br\/index.php?rest_route=\/wp\/v2\/posts\/4256\/revisions\/4291"}],"wp:featuredmedia":[{"embeddable":true,"href":"https:\/\/pc.sc.gov.br\/index.php?rest_route=\/wp\/v2\/media\/2739"}],"wp:attachment":[{"href":"https:\/\/pc.sc.gov.br\/index.php?rest_route=%2Fwp%2Fv2%2Fmedia&parent=4256"}],"wp:term":[{"taxonomy":"category","embeddable":true,"href":"https:\/\/pc.sc.gov.br\/index.php?rest_route=%2Fwp%2Fv2%2Fcategories&post=4256"},{"taxonomy":"post_tag","embeddable":true,"href":"https:\/\/pc.sc.gov.br\/index.php?rest_route=%2Fwp%2Fv2%2Ftags&post=4256"}],"curies":[{"name":"wp","href":"https:\/\/api.w.org\/{rel}","templated":true}]}}