{"id":4279,"date":"2023-01-19T13:53:55","date_gmt":"2023-01-19T16:53:55","guid":{"rendered":"https:\/\/pc.sc.gov.br\/?p=4279"},"modified":"2023-01-19T13:58:03","modified_gmt":"2023-01-19T16:58:03","slug":"policia-civil-prende-homem-pelo-homicidio-de-uma-mulher-ocorrido-no-mesmo-dia-em-caibi","status":"publish","type":"post","link":"https:\/\/pc.sc.gov.br\/?p=4279","title":{"rendered":"Pol\u00edcia civil prende homem pelo homic\u00eddio de uma mulher ocorrido no mesmo dia em Caibi"},"content":{"rendered":"\t\t<div data-elementor-type=\"wp-post\" data-elementor-id=\"4279\" class=\"elementor elementor-4279\" data-elementor-post-type=\"post\">\n\t\t\t\t\t\t<section class=\"elementor-section elementor-top-section elementor-element elementor-element-5df4a6c elementor-section-boxed elementor-section-height-default elementor-section-height-default\" data-id=\"5df4a6c\" data-element_type=\"section\">\n\t\t\t\t\t\t<div class=\"elementor-container elementor-column-gap-default\">\n\t\t\t\t\t<div class=\"elementor-column elementor-col-100 elementor-top-column elementor-element elementor-element-9f8f118\" data-id=\"9f8f118\" data-element_type=\"column\">\n\t\t\t<div class=\"elementor-widget-wrap elementor-element-populated\">\n\t\t\t\t\t\t<div class=\"elementor-element elementor-element-9e00517 elementor-widget elementor-widget-heading\" data-id=\"9e00517\" data-element_type=\"widget\" data-widget_type=\"heading.default\">\n\t\t\t\t<div class=\"elementor-widget-container\">\n\t\t\t\t\t<h2 class=\"elementor-heading-title elementor-size-default\">Pol\u00edcia civil prende homem pelo homic\u00eddio de uma mulher ocorrido no mesmo dia em Caibi \n<\/h2>\t\t\t\t<\/div>\n\t\t\t\t<\/div>\n\t\t\t\t<div class=\"elementor-element elementor-element-d0250f9 elementor-widget elementor-widget-image\" data-id=\"d0250f9\" data-element_type=\"widget\" data-widget_type=\"image.default\">\n\t\t\t\t<div class=\"elementor-widget-container\">\n\t\t\t\t\t\t\t\t\t\t\t\t\t\t\t<img fetchpriority=\"high\" decoding=\"async\" width=\"696\" height=\"498\" src=\"https:\/\/pc.sc.gov.br\/\/wp-content\/uploads\/2023\/01\/PC_SAUSSGHJYJ1ASDSDSDSDSNDSNFKJDSNFSD-1024x733.jpg\" class=\"attachment-large size-large wp-image-4280\" alt=\"POLICIAIS EM FRENTE A UMA VIATURA COM A CIRENE LIGADA, O DA ESQUERDA EST\u00c1 COM A ROUPA COM O DIZER DIC POLICIA CIVIL E O DA DIREITA POLICIA CIVIL\" srcset=\"https:\/\/pc.sc.gov.br\/\/wp-content\/uploads\/2023\/01\/PC_SAUSSGHJYJ1ASDSDSDSDSNDSNFKJDSNFSD-1024x733.jpg 1024w, https:\/\/pc.sc.gov.br\/\/wp-content\/uploads\/2023\/01\/PC_SAUSSGHJYJ1ASDSDSDSDSNDSNFKJDSNFSD-300x215.jpg 300w, https:\/\/pc.sc.gov.br\/\/wp-content\/uploads\/2023\/01\/PC_SAUSSGHJYJ1ASDSDSDSDSNDSNFKJDSNFSD-768x550.jpg 768w, https:\/\/pc.sc.gov.br\/\/wp-content\/uploads\/2023\/01\/PC_SAUSSGHJYJ1ASDSDSDSDSNDSNFKJDSNFSD.jpg 1280w\" sizes=\"(max-width: 696px) 100vw, 696px\" \/>\t\t\t\t\t\t\t\t\t\t\t\t\t\t\t<\/div>\n\t\t\t\t<\/div>\n\t\t\t\t<div class=\"elementor-element elementor-element-29f405d elementor-widget elementor-widget-text-editor\" data-id=\"29f405d\" data-element_type=\"widget\" data-widget_type=\"text-editor.default\">\n\t\t\t\t<div class=\"elementor-widget-container\">\n\t\t\t\t\t\t\t\t\t<p>Na quarta-feira (18), a Pol\u00edcia Civil de Santa Catarina, por meio da Delegacia de Pol\u00edcia da Comarca de Palmitos e da Divis\u00e3o de Investiga\u00e7\u00e3o Criminal de Maravilha, elucidou o homic\u00eddio de uma mulher ocorrido na manh\u00e3 do mesmo dia e prendeu o autor do crime. O trabalho contou com o apoio tamb\u00e9m das Delegacias de Pol\u00edcia Municipais de Caibi e Riqueza e da Pol\u00edcia Militar local.<\/p>\n<p>Os moradores da Linha S\u00e3o Jos\u00e9, no interior do munic\u00edpio de Caibi, encontraram o cad\u00e1ver da mulher por volta das 6h da manh\u00e3 enquanto sa\u00edam para trabalhar, momento em que acionaram a Pol\u00edcia. Ao longo da manh\u00e3, as pol\u00edcias Civil, Cient\u00edfica e Militar realizaram a preserva\u00e7\u00e3o, an\u00e1lise e per\u00edcia no local do fato.<\/p>\n<p>J\u00e1 de in\u00edcio, foi poss\u00edvel perceber que a v\u00edtima foi morta com um disparo de arma de fogo, provavelmente calibre de arma curta. Al\u00e9m disso, foram constatados sinais de que o corpo da v\u00edtima foi esmagado por atropelamento durante a fuga do autor do local do fato.<\/p>\n<p>Segundo apurado, autor e v\u00edtima se encontraram em uma boate localizada entre os munic\u00edpios de Caibi e Riqueza e sa\u00edram juntos do local por volta das 4 horas da manh\u00e3, dirigindo-se por vias rurais at\u00e9 o local onde o homic\u00eddio foi consumado.<span style=\"font-family: var( --e-global-typography-primary-font-family ), Sans-serif; font-size: var( --e-global-typography-primary-font-size ); font-weight: var( --e-global-typography-primary-font-weight ); letter-spacing: var( --e-global-typography-primary-letter-spacing );\">&nbsp;<\/span><\/p>\n<p>Em relato inicial, o autor alegou que realizou o disparo ap\u00f3s uma briga causada pelo fato dele ter a<span style=\"font-family: var( --e-global-typography-primary-font-family ), Sans-serif; font-size: var( --e-global-typography-primary-font-size ); font-weight: var( --e-global-typography-primary-font-weight ); letter-spacing: var( --e-global-typography-primary-letter-spacing );\">gredido a v\u00edtima durante rela\u00e7\u00e3o sexual, sendo que, ap\u00f3s breve briga, ele sacou a arma de fogo do tipo rev\u00f3lver, calibre .38 SPL, que portava e efetuou um \u00fanico disparo no rosto da v\u00edtima. Os elementos de prova colhidos mostram que o autor pegou o carro da v\u00edtima e fugiu na dire\u00e7\u00e3o de Caibi, onde abandonou o ve\u00edculo na rodovia de acesso \u00e0 cidade e continuou a fuga a p\u00e9.<\/span><\/p>\n<p>A Pol\u00edcia Civil representou pela decreta\u00e7\u00e3o da pris\u00e3o tempor\u00e1ria do investigado e o inqu\u00e9rito policial deve ser conclu\u00eddo nos pr\u00f3ximos dias, ap\u00f3s a complementa\u00e7\u00e3o das provas t\u00e9cnicas necess\u00e1rias. O autor foi autuado em flagrante pela Central da Pol\u00edcia Civil em Maravilha e encaminhado ao Complexo Penitenci\u00e1rio de Chapec\u00f3, onde permanece \u00e0 disposi\u00e7\u00e3o do Poder Judici\u00e1rio.<\/p>\n<p>Abaixo o Delegado de Pol\u00edcia Rodrigo Moura fala sobre o caso:<\/p>\n<p><\/p>\t\t\t\t\t\t\t\t<\/div>\n\t\t\t\t<\/div>\n\t\t\t\t<div class=\"elementor-element elementor-element-dc321ff elementor-widget elementor-widget-video\" data-id=\"dc321ff\" data-element_type=\"widget\" data-settings=\"{&quot;video_type&quot;:&quot;hosted&quot;,&quot;controls&quot;:&quot;yes&quot;}\" data-widget_type=\"video.default\">\n\t\t\t\t<div class=\"elementor-widget-container\">\n\t\t\t\t\t\t\t<div class=\"e-hosted-video elementor-wrapper elementor-open-inline\">\n\t\t\t\t\t<video class=\"elementor-video\" src=\"https:\/\/pc.sc.gov.br\/wp-content\/uploads\/2023\/01\/WhatsApp-Video-2023-01-19-at-13.45.30.mp4\" controls=\"\" preload=\"metadata\"><\/video>\n\t\t\t\t<\/div>\n\t\t\t\t\t\t<\/div>\n\t\t\t\t<\/div>\n\t\t\t\t<div class=\"elementor-element elementor-element-e54623d elementor-widget elementor-widget-video\" data-id=\"e54623d\" data-element_type=\"widget\" data-settings=\"{&quot;video_type&quot;:&quot;hosted&quot;,&quot;controls&quot;:&quot;yes&quot;}\" data-widget_type=\"video.default\">\n\t\t\t\t<div class=\"elementor-widget-container\">\n\t\t\t\t\t\t\t<div class=\"e-hosted-video elementor-wrapper elementor-open-inline\">\n\t\t\t\t\t<video class=\"elementor-video\" src=\"https:\/\/pc.sc.gov.br\/wp-content\/uploads\/2023\/01\/WhatsApp-Video-2023-01-19-at-13.45.46.mp4\" controls=\"\" preload=\"metadata\"><\/video>\n\t\t\t\t<\/div>\n\t\t\t\t\t\t<\/div>\n\t\t\t\t<\/div>\n\t\t\t\t<div class=\"elementor-element elementor-element-6aa6e81 elementor-widget elementor-widget-video\" data-id=\"6aa6e81\" data-element_type=\"widget\" data-settings=\"{&quot;video_type&quot;:&quot;hosted&quot;,&quot;controls&quot;:&quot;yes&quot;}\" data-widget_type=\"video.default\">\n\t\t\t\t<div class=\"elementor-widget-container\">\n\t\t\t\t\t\t\t<div class=\"e-hosted-video elementor-wrapper elementor-open-inline\">\n\t\t\t\t\t<video class=\"elementor-video\" src=\"https:\/\/pc.sc.gov.br\/wp-content\/uploads\/2023\/01\/WhatsApp-Video-2023-01-19-at-13.46.00.mp4\" controls=\"\" preload=\"metadata\"><\/video>\n\t\t\t\t<\/div>\n\t\t\t\t\t\t<\/div>\n\t\t\t\t<\/div>\n\t\t\t\t\t<\/div>\n\t\t<\/div>\n\t\t\t\t\t<\/div>\n\t\t<\/section>\n\t\t\t\t<\/div>\n\t\t","protected":false},"excerpt":{"rendered":"<p>Pol\u00edcia civil prende homem pelo homic\u00eddio de uma mulher ocorrido no mesmo dia em Caibi Na quarta-feira (18), a Pol\u00edcia Civil de Santa Catarina, por meio da Delegacia de Pol\u00edcia da Comarca de Palmitos e da Divis\u00e3o de Investiga\u00e7\u00e3o Criminal de Maravilha, elucidou o homic\u00eddio de uma mulher ocorrido na manh\u00e3 do mesmo dia e [&hellip;]<\/p>\n","protected":false},"author":5,"featured_media":4287,"comment_status":"closed","ping_status":"open","sticky":false,"template":"","format":"standard","meta":{"_monsterinsights_skip_tracking":false,"_monsterinsights_sitenote_active":false,"_monsterinsights_sitenote_note":"","_monsterinsights_sitenote_category":0,"footnotes":""},"categories":[1],"tags":[],"class_list":["post-4279","post","type-post","status-publish","format-standard","has-post-thumbnail","hentry","category-sem-categoria"],"_links":{"self":[{"href":"https:\/\/pc.sc.gov.br\/index.php?rest_route=\/wp\/v2\/posts\/4279","targetHints":{"allow":["GET"]}}],"collection":[{"href":"https:\/\/pc.sc.gov.br\/index.php?rest_route=\/wp\/v2\/posts"}],"about":[{"href":"https:\/\/pc.sc.gov.br\/index.php?rest_route=\/wp\/v2\/types\/post"}],"author":[{"embeddable":true,"href":"https:\/\/pc.sc.gov.br\/index.php?rest_route=\/wp\/v2\/users\/5"}],"replies":[{"embeddable":true,"href":"https:\/\/pc.sc.gov.br\/index.php?rest_route=%2Fwp%2Fv2%2Fcomments&post=4279"}],"version-history":[{"count":4,"href":"https:\/\/pc.sc.gov.br\/index.php?rest_route=\/wp\/v2\/posts\/4279\/revisions"}],"predecessor-version":[{"id":4288,"href":"https:\/\/pc.sc.gov.br\/index.php?rest_route=\/wp\/v2\/posts\/4279\/revisions\/4288"}],"wp:featuredmedia":[{"embeddable":true,"href":"https:\/\/pc.sc.gov.br\/index.php?rest_route=\/wp\/v2\/media\/4287"}],"wp:attachment":[{"href":"https:\/\/pc.sc.gov.br\/index.php?rest_route=%2Fwp%2Fv2%2Fmedia&parent=4279"}],"wp:term":[{"taxonomy":"category","embeddable":true,"href":"https:\/\/pc.sc.gov.br\/index.php?rest_route=%2Fwp%2Fv2%2Fcategories&post=4279"},{"taxonomy":"post_tag","embeddable":true,"href":"https:\/\/pc.sc.gov.br\/index.php?rest_route=%2Fwp%2Fv2%2Ftags&post=4279"}],"curies":[{"name":"wp","href":"https:\/\/api.w.org\/{rel}","templated":true}]}}