{"id":4292,"date":"2023-01-19T18:40:22","date_gmt":"2023-01-19T21:40:22","guid":{"rendered":"https:\/\/pc.sc.gov.br\/?p=4292"},"modified":"2023-01-19T18:44:16","modified_gmt":"2023-01-19T21:44:16","slug":"delegado-geral-da-policia-civil-promove-encontro-com-ex-delegados-gerais-da-instituicao-nesta-quinta-feira-19","status":"publish","type":"post","link":"https:\/\/pc.sc.gov.br\/?p=4292","title":{"rendered":"Delegado-geral da Pol\u00edcia Civil promove encontro com ex-delegados-gerais da institui\u00e7\u00e3o nesta quinta-feira (19)"},"content":{"rendered":"\t\t<div data-elementor-type=\"wp-post\" data-elementor-id=\"4292\" class=\"elementor elementor-4292\" data-elementor-post-type=\"post\">\n\t\t\t\t\t\t<section class=\"elementor-section elementor-top-section elementor-element elementor-element-cf0dd96 elementor-section-boxed elementor-section-height-default elementor-section-height-default\" data-id=\"cf0dd96\" data-element_type=\"section\">\n\t\t\t\t\t\t<div class=\"elementor-container elementor-column-gap-default\">\n\t\t\t\t\t<div class=\"elementor-column elementor-col-100 elementor-top-column elementor-element elementor-element-ed8ded9\" data-id=\"ed8ded9\" data-element_type=\"column\">\n\t\t\t<div class=\"elementor-widget-wrap elementor-element-populated\">\n\t\t\t\t\t\t<div class=\"elementor-element elementor-element-635a170 elementor-widget elementor-widget-heading\" data-id=\"635a170\" data-element_type=\"widget\" data-widget_type=\"heading.default\">\n\t\t\t\t<div class=\"elementor-widget-container\">\n\t\t\t\t\t<h2 class=\"elementor-heading-title elementor-size-default\">Delegado-geral da Pol\u00edcia Civil promove encontro com ex-delegados-gerais da institui\u00e7\u00e3o nesta quinta-feira (19)\n<\/h2>\t\t\t\t<\/div>\n\t\t\t\t<\/div>\n\t\t\t\t<div class=\"elementor-element elementor-element-1567fbf elementor-widget elementor-widget-image\" data-id=\"1567fbf\" data-element_type=\"widget\" data-widget_type=\"image.default\">\n\t\t\t\t<div class=\"elementor-widget-container\">\n\t\t\t\t\t\t\t\t\t\t\t\t\t\t\t<img fetchpriority=\"high\" decoding=\"async\" width=\"1536\" height=\"925\" src=\"https:\/\/pc.sc.gov.br\/\/wp-content\/uploads\/2023\/01\/PC_DNSAJFNKJFNDSJFNKJGNDFGHNFDHBKNHJFJK-1536x925.jpg\" class=\"attachment-1536x1536 size-1536x1536 wp-image-4294\" alt=\"na foto presentes delegado Ulisses Gabriel delegada Michele Alves Correa Rebelo; delegado Gustavo Madeira da Silveira; Andr\u00e9 Luiz Bermudez Pereira; delegado Daniel S\u00e1 Fortes R\u00e9gis; delegado Gustavo Altemar; delegado F\u00e1bio Os\u00f3rio; delegado Raphael Giordani e os ex-delegados-gerais Ademar Jo\u00e3o Rezende; Jaceguay Marques Trilha; Maur\u00edcio Jos\u00e9 Eskudlark; Aldo Pinheiro D&#039;\u00c1villa; Artur Nitz; Paulo Norberto Koerich; Laurito Akira Sato e Marcos Flavio Ghizoni Junior.\" srcset=\"https:\/\/pc.sc.gov.br\/\/wp-content\/uploads\/2023\/01\/PC_DNSAJFNKJFNDSJFNKJGNDFGHNFDHBKNHJFJK-1536x925.jpg 1536w, https:\/\/pc.sc.gov.br\/\/wp-content\/uploads\/2023\/01\/PC_DNSAJFNKJFNDSJFNKJGNDFGHNFDHBKNHJFJK-300x181.jpg 300w, https:\/\/pc.sc.gov.br\/\/wp-content\/uploads\/2023\/01\/PC_DNSAJFNKJFNDSJFNKJGNDFGHNFDHBKNHJFJK-1024x616.jpg 1024w, https:\/\/pc.sc.gov.br\/\/wp-content\/uploads\/2023\/01\/PC_DNSAJFNKJFNDSJFNKJGNDFGHNFDHBKNHJFJK-768x462.jpg 768w, https:\/\/pc.sc.gov.br\/\/wp-content\/uploads\/2023\/01\/PC_DNSAJFNKJFNDSJFNKJGNDFGHNFDHBKNHJFJK.jpg 1578w\" sizes=\"(max-width: 1536px) 100vw, 1536px\" \/>\t\t\t\t\t\t\t\t\t\t\t\t\t\t\t<\/div>\n\t\t\t\t<\/div>\n\t\t\t\t<div class=\"elementor-element elementor-element-f12993f elementor-widget elementor-widget-text-editor\" data-id=\"f12993f\" data-element_type=\"widget\" data-widget_type=\"text-editor.default\">\n\t\t\t\t<div class=\"elementor-widget-container\">\n\t\t\t\t\t\t\t\t\t<p>Nesta quinta-feira (19), o delegado-geral da Pol\u00edcia Civil de Santa Catarina, Ulisses Gabriel, promoveu um encontro com ex-delegados-gerais e diretores da Pol\u00edcia Civil. O atual delegado-geral agradeceu a presen\u00e7a de todos e ressaltou a relev\u00e2ncia dessa integra\u00e7\u00e3o para a institui\u00e7\u00e3o em prol dos interesses da sociedade.<span style=\"font-family: var( --e-global-typography-primary-font-family ), Sans-serif; font-size: var( --e-global-typography-primary-font-size ); font-weight: var( --e-global-typography-primary-font-weight ); letter-spacing: var( --e-global-typography-primary-letter-spacing );\">&nbsp;<\/span><\/p><p>\u201c\u00c9 importante promover essa estrutura\u00e7\u00e3o da Pol\u00edcia Civil com pessoas que conhecem a institui\u00e7\u00e3o policial e fazem parte dela\u201d, apontou o delegado-geral Ulisses Gabriel.<span style=\"font-family: var( --e-global-typography-primary-font-family ), Sans-serif; font-size: var( --e-global-typography-primary-font-size ); font-weight: var( --e-global-typography-primary-font-weight ); letter-spacing: var( --e-global-typography-primary-letter-spacing );\">&nbsp;<\/span><\/p><p>Al\u00e9m do compartilhamento de experi\u00eancia e conhecimento, entre os assuntos discutidos no encontro estiveram as elei\u00e7\u00f5es para o Conselho Consultivo Superior da Pol\u00edcia Civil, que se aproximam, a representatividade e o poder deliberativo do \u00f3rg\u00e3o.<span style=\"font-family: var( --e-global-typography-primary-font-family ), Sans-serif; font-size: var( --e-global-typography-primary-font-size ); font-weight: var( --e-global-typography-primary-font-weight ); letter-spacing: var( --e-global-typography-primary-letter-spacing );\">&nbsp;<\/span><\/p><p>O encontro contou com a presen\u00e7a dos ex-delegados-gerais Ademar Jo\u00e3o Rezende; Jaceguay Marques Trilha; Maur\u00edcio Jos\u00e9 Eskudlark; Aldo Pinheiro D&#8217;\u00c1villa; Artur Nitz; Paulo Norberto Koerich; Laurito Akira Sato e Marcos Flavio Ghizoni Junior.<span style=\"font-family: var( --e-global-typography-primary-font-family ), Sans-serif; font-size: var( --e-global-typography-primary-font-size ); font-weight: var( --e-global-typography-primary-font-weight ); letter-spacing: var( --e-global-typography-primary-letter-spacing );\">&nbsp;<\/span><\/p><p>Estiveram presentes tamb\u00e9m a Diretora de Pol\u00edcia da Grande Florian\u00f3polis, delegada Michele Alves Correa Rebelo; o Diretor de Intelig\u00eancia, delegado Gustavo Madeira da Silveira; o diretor da Acadepol, delegado Andr\u00e9 Luiz Bermudez Pereira; o Diretor da Diretoria Estadual de Investiga\u00e7\u00f5es Criminais, delegado Daniel S\u00e1 Fortes R\u00e9gis; o diretor de Administra\u00e7\u00e3o e Finan\u00e7as, delegado Gustavo Altemar; o futuro diretor de Pol\u00edcia do Litoral, delegado F\u00e1bio Os\u00f3rio; e o atual Diretor de Pol\u00edcia do Litoral, delegado Raphael Giordani, que se afastar\u00e1 do cargo para realiza\u00e7\u00e3o de uma capacita\u00e7\u00e3o.<span style=\"font-family: var( --e-global-typography-primary-font-family ), Sans-serif; font-size: var( --e-global-typography-primary-font-size ); font-weight: var( --e-global-typography-primary-font-weight ); letter-spacing: var( --e-global-typography-primary-letter-spacing );\">&nbsp;<\/span><\/p><p>O evento aconteceu no Gabinete da Policia Civil de Santa Catarina, \u00e0s 15h, em Florian\u00f3polis.<\/p>\t\t\t\t\t\t\t\t<\/div>\n\t\t\t\t<\/div>\n\t\t\t\t<div class=\"elementor-element elementor-element-4895f95 elementor-widget elementor-widget-image\" data-id=\"4895f95\" data-element_type=\"widget\" data-widget_type=\"image.default\">\n\t\t\t\t<div class=\"elementor-widget-container\">\n\t\t\t\t\t\t\t\t\t\t\t\t\t\t\t<img decoding=\"async\" width=\"1536\" height=\"1152\" src=\"https:\/\/pc.sc.gov.br\/\/wp-content\/uploads\/2023\/01\/PC_DNSAJFNKJFNDSJFNKJGNDFGHNFDHBKNHJFJK5-1536x1152.jpg\" class=\"attachment-1536x1536 size-1536x1536 wp-image-4295\" alt=\"Na foto sentados ao centro delegado Ulisses Gabriel, presente em volta do Delegado Geral estavam delegada Michele Alves Correa Rebelo; delegado Gustavo Madeira da Silveira; Andr\u00e9 Luiz Bermudez Pereira; delegado Daniel S\u00e1 Fortes R\u00e9gis; delegado Gustavo Altemar; delegado F\u00e1bio Os\u00f3rio; delegado Raphael Giordani e os ex-delegados-gerais Ademar Jo\u00e3o Rezende; Jaceguay Marques Trilha; Maur\u00edcio Jos\u00e9 Eskudlark; Aldo Pinheiro D&#039;\u00c1villa; Artur Nitz; Paulo Norberto Koerich; Laurito Akira Sato e Marcos Flavio Ghizoni Junior.\" srcset=\"https:\/\/pc.sc.gov.br\/\/wp-content\/uploads\/2023\/01\/PC_DNSAJFNKJFNDSJFNKJGNDFGHNFDHBKNHJFJK5-1536x1152.jpg 1536w, https:\/\/pc.sc.gov.br\/\/wp-content\/uploads\/2023\/01\/PC_DNSAJFNKJFNDSJFNKJGNDFGHNFDHBKNHJFJK5-300x225.jpg 300w, https:\/\/pc.sc.gov.br\/\/wp-content\/uploads\/2023\/01\/PC_DNSAJFNKJFNDSJFNKJGNDFGHNFDHBKNHJFJK5-1024x768.jpg 1024w, https:\/\/pc.sc.gov.br\/\/wp-content\/uploads\/2023\/01\/PC_DNSAJFNKJFNDSJFNKJGNDFGHNFDHBKNHJFJK5-768x576.jpg 768w, https:\/\/pc.sc.gov.br\/\/wp-content\/uploads\/2023\/01\/PC_DNSAJFNKJFNDSJFNKJGNDFGHNFDHBKNHJFJK5.jpg 1600w\" sizes=\"(max-width: 1536px) 100vw, 1536px\" \/>\t\t\t\t\t\t\t\t\t\t\t\t\t\t\t<\/div>\n\t\t\t\t<\/div>\n\t\t\t\t\t<\/div>\n\t\t<\/div>\n\t\t\t\t\t<\/div>\n\t\t<\/section>\n\t\t\t\t<\/div>\n\t\t","protected":false},"excerpt":{"rendered":"<p>Delegado-geral da Pol\u00edcia Civil promove encontro com ex-delegados-gerais da institui\u00e7\u00e3o nesta quinta-feira (19) Nesta quinta-feira (19), o delegado-geral da Pol\u00edcia Civil de Santa Catarina, Ulisses Gabriel, promoveu um encontro com ex-delegados-gerais e diretores da Pol\u00edcia Civil. O atual delegado-geral agradeceu a presen\u00e7a de todos e ressaltou a relev\u00e2ncia dessa integra\u00e7\u00e3o para a institui\u00e7\u00e3o em prol [&hellip;]<\/p>\n","protected":false},"author":5,"featured_media":4293,"comment_status":"closed","ping_status":"open","sticky":false,"template":"","format":"standard","meta":{"_monsterinsights_skip_tracking":false,"_monsterinsights_sitenote_active":false,"_monsterinsights_sitenote_note":"","_monsterinsights_sitenote_category":0,"footnotes":""},"categories":[1],"tags":[],"class_list":["post-4292","post","type-post","status-publish","format-standard","has-post-thumbnail","hentry","category-sem-categoria"],"_links":{"self":[{"href":"https:\/\/pc.sc.gov.br\/index.php?rest_route=\/wp\/v2\/posts\/4292","targetHints":{"allow":["GET"]}}],"collection":[{"href":"https:\/\/pc.sc.gov.br\/index.php?rest_route=\/wp\/v2\/posts"}],"about":[{"href":"https:\/\/pc.sc.gov.br\/index.php?rest_route=\/wp\/v2\/types\/post"}],"author":[{"embeddable":true,"href":"https:\/\/pc.sc.gov.br\/index.php?rest_route=\/wp\/v2\/users\/5"}],"replies":[{"embeddable":true,"href":"https:\/\/pc.sc.gov.br\/index.php?rest_route=%2Fwp%2Fv2%2Fcomments&post=4292"}],"version-history":[{"count":7,"href":"https:\/\/pc.sc.gov.br\/index.php?rest_route=\/wp\/v2\/posts\/4292\/revisions"}],"predecessor-version":[{"id":4303,"href":"https:\/\/pc.sc.gov.br\/index.php?rest_route=\/wp\/v2\/posts\/4292\/revisions\/4303"}],"wp:featuredmedia":[{"embeddable":true,"href":"https:\/\/pc.sc.gov.br\/index.php?rest_route=\/wp\/v2\/media\/4293"}],"wp:attachment":[{"href":"https:\/\/pc.sc.gov.br\/index.php?rest_route=%2Fwp%2Fv2%2Fmedia&parent=4292"}],"wp:term":[{"taxonomy":"category","embeddable":true,"href":"https:\/\/pc.sc.gov.br\/index.php?rest_route=%2Fwp%2Fv2%2Fcategories&post=4292"},{"taxonomy":"post_tag","embeddable":true,"href":"https:\/\/pc.sc.gov.br\/index.php?rest_route=%2Fwp%2Fv2%2Ftags&post=4292"}],"curies":[{"name":"wp","href":"https:\/\/api.w.org\/{rel}","templated":true}]}}