{"id":4312,"date":"2023-01-19T18:54:49","date_gmt":"2023-01-19T21:54:49","guid":{"rendered":"https:\/\/pc.sc.gov.br\/?p=4312"},"modified":"2023-01-19T18:56:45","modified_gmt":"2023-01-19T21:56:45","slug":"policia-civil-prende-homem-suspeito-por-homicidio-que-estava-foragido-em-balneario-camboriu","status":"publish","type":"post","link":"https:\/\/pc.sc.gov.br\/?p=4312","title":{"rendered":"Pol\u00edcia Civil prende homem suspeito por homic\u00eddio que estava foragido em Balne\u00e1rio Cambori\u00fa"},"content":{"rendered":"\t\t<div data-elementor-type=\"wp-post\" data-elementor-id=\"4312\" class=\"elementor elementor-4312\" data-elementor-post-type=\"post\">\n\t\t\t\t\t\t<section class=\"elementor-section elementor-top-section elementor-element elementor-element-33dd029 elementor-section-boxed elementor-section-height-default elementor-section-height-default\" data-id=\"33dd029\" data-element_type=\"section\">\n\t\t\t\t\t\t<div class=\"elementor-container elementor-column-gap-default\">\n\t\t\t\t\t<div class=\"elementor-column elementor-col-100 elementor-top-column elementor-element elementor-element-13c9a4a\" data-id=\"13c9a4a\" data-element_type=\"column\">\n\t\t\t<div class=\"elementor-widget-wrap elementor-element-populated\">\n\t\t\t\t\t\t<div class=\"elementor-element elementor-element-2fe1b5b elementor-widget elementor-widget-heading\" data-id=\"2fe1b5b\" data-element_type=\"widget\" data-widget_type=\"heading.default\">\n\t\t\t\t<div class=\"elementor-widget-container\">\n\t\t\t\t\t<h2 class=\"elementor-heading-title elementor-size-default\">Pol\u00edcia Civil prende homem suspeito por homic\u00eddio que estava foragido em Balne\u00e1rio Cambori\u00fa <\/h2>\t\t\t\t<\/div>\n\t\t\t\t<\/div>\n\t\t\t\t<div class=\"elementor-element elementor-element-ffdee89 elementor-widget elementor-widget-image\" data-id=\"ffdee89\" data-element_type=\"widget\" data-widget_type=\"image.default\">\n\t\t\t\t<div class=\"elementor-widget-container\">\n\t\t\t\t\t\t\t\t\t\t\t\t\t\t\t<img fetchpriority=\"high\" decoding=\"async\" width=\"696\" height=\"539\" src=\"https:\/\/pc.sc.gov.br\/\/wp-content\/uploads\/2023\/01\/PC_DNSAJFNKJFNDSJFNASHUAHSAUHSKJGNDFGHNFDHBKNHJFJK52-1024x793.jpg\" class=\"attachment-large size-large wp-image-4314\" alt=\"POLICIAL CIVIL EM FRENTE A UMA VIATURA DA POLICIA CIVIL\" srcset=\"https:\/\/pc.sc.gov.br\/\/wp-content\/uploads\/2023\/01\/PC_DNSAJFNKJFNDSJFNASHUAHSAUHSKJGNDFGHNFDHBKNHJFJK52-1024x793.jpg 1024w, https:\/\/pc.sc.gov.br\/\/wp-content\/uploads\/2023\/01\/PC_DNSAJFNKJFNDSJFNASHUAHSAUHSKJGNDFGHNFDHBKNHJFJK52-300x232.jpg 300w, https:\/\/pc.sc.gov.br\/\/wp-content\/uploads\/2023\/01\/PC_DNSAJFNKJFNDSJFNASHUAHSAUHSKJGNDFGHNFDHBKNHJFJK52-768x595.jpg 768w, https:\/\/pc.sc.gov.br\/\/wp-content\/uploads\/2023\/01\/PC_DNSAJFNKJFNDSJFNASHUAHSAUHSKJGNDFGHNFDHBKNHJFJK52.jpg 1178w\" sizes=\"(max-width: 696px) 100vw, 696px\" \/>\t\t\t\t\t\t\t\t\t\t\t\t\t\t\t<\/div>\n\t\t\t\t<\/div>\n\t\t\t\t<div class=\"elementor-element elementor-element-1f46bcb elementor-widget elementor-widget-text-editor\" data-id=\"1f46bcb\" data-element_type=\"widget\" data-widget_type=\"text-editor.default\">\n\t\t\t\t<div class=\"elementor-widget-container\">\n\t\t\t\t\t\t\t\t\t<p>Nesta quinta-feira (19), a Pol\u00edcia Civil de Santa Catarina, por meio da Divis\u00e3o de Investiga\u00e7\u00e3o Criminal de Balne\u00e1rio Cambori\u00fa, cumpriu mandado de pris\u00e3o preventiva em desfavor de um homem suspeito de ser um dos autores do homic\u00eddio de um homem, ocorrido no dia 24 de junho do ano passado, na localidade conhecida como \u201cPortinho\u201d, no bairro da Barra, Balne\u00e1rio Cambori\u00fa.<\/p><p>Conforme apurado, dois homens em uma motocicleta teriam abordado a v\u00edtima e a alvejado com m\u00faltiplos disparos de arma de fogo. A motiva\u00e7\u00e3o do crime seria uma desaven\u00e7a anterior. Ap\u00f3s o crime, ambos os autores empreenderam fuga. Contudo, depois de permanecer por meses foragidos, um dos homens foi localizado pela equipe da Pol\u00edcia Civil em um apartamento, no bairro Nova Esperan\u00e7a, em Balne\u00e1rio Cambori\u00fa.<span style=\"font-family: var( --e-global-typography-primary-font-family ), Sans-serif; font-size: var( --e-global-typography-primary-font-size ); font-weight: var( --e-global-typography-primary-font-weight ); letter-spacing: var( --e-global-typography-primary-letter-spacing );\">&nbsp;<\/span><\/p><p>O preso foi encaminhado ao Pres\u00eddio do Vale do Itaja\u00ed, onde aguardar\u00e1 a conclus\u00e3o da investiga\u00e7\u00e3o.<\/p>\t\t\t\t\t\t\t\t<\/div>\n\t\t\t\t<\/div>\n\t\t\t\t\t<\/div>\n\t\t<\/div>\n\t\t\t\t\t<\/div>\n\t\t<\/section>\n\t\t\t\t<\/div>\n\t\t","protected":false},"excerpt":{"rendered":"<p>Pol\u00edcia Civil prende homem suspeito por homic\u00eddio que estava foragido em Balne\u00e1rio Cambori\u00fa Nesta quinta-feira (19), a Pol\u00edcia Civil de Santa Catarina, por meio da Divis\u00e3o de Investiga\u00e7\u00e3o Criminal de Balne\u00e1rio Cambori\u00fa, cumpriu mandado de pris\u00e3o preventiva em desfavor de um homem suspeito de ser um dos autores do homic\u00eddio de um homem, ocorrido no [&hellip;]<\/p>\n","protected":false},"author":5,"featured_media":4314,"comment_status":"closed","ping_status":"open","sticky":false,"template":"","format":"standard","meta":{"_monsterinsights_skip_tracking":false,"_monsterinsights_sitenote_active":false,"_monsterinsights_sitenote_note":"","_monsterinsights_sitenote_category":0,"footnotes":""},"categories":[1],"tags":[],"class_list":["post-4312","post","type-post","status-publish","format-standard","has-post-thumbnail","hentry","category-sem-categoria"],"_links":{"self":[{"href":"https:\/\/pc.sc.gov.br\/index.php?rest_route=\/wp\/v2\/posts\/4312","targetHints":{"allow":["GET"]}}],"collection":[{"href":"https:\/\/pc.sc.gov.br\/index.php?rest_route=\/wp\/v2\/posts"}],"about":[{"href":"https:\/\/pc.sc.gov.br\/index.php?rest_route=\/wp\/v2\/types\/post"}],"author":[{"embeddable":true,"href":"https:\/\/pc.sc.gov.br\/index.php?rest_route=\/wp\/v2\/users\/5"}],"replies":[{"embeddable":true,"href":"https:\/\/pc.sc.gov.br\/index.php?rest_route=%2Fwp%2Fv2%2Fcomments&post=4312"}],"version-history":[{"count":4,"href":"https:\/\/pc.sc.gov.br\/index.php?rest_route=\/wp\/v2\/posts\/4312\/revisions"}],"predecessor-version":[{"id":4318,"href":"https:\/\/pc.sc.gov.br\/index.php?rest_route=\/wp\/v2\/posts\/4312\/revisions\/4318"}],"wp:featuredmedia":[{"embeddable":true,"href":"https:\/\/pc.sc.gov.br\/index.php?rest_route=\/wp\/v2\/media\/4314"}],"wp:attachment":[{"href":"https:\/\/pc.sc.gov.br\/index.php?rest_route=%2Fwp%2Fv2%2Fmedia&parent=4312"}],"wp:term":[{"taxonomy":"category","embeddable":true,"href":"https:\/\/pc.sc.gov.br\/index.php?rest_route=%2Fwp%2Fv2%2Fcategories&post=4312"},{"taxonomy":"post_tag","embeddable":true,"href":"https:\/\/pc.sc.gov.br\/index.php?rest_route=%2Fwp%2Fv2%2Ftags&post=4312"}],"curies":[{"name":"wp","href":"https:\/\/api.w.org\/{rel}","templated":true}]}}