{"id":4319,"date":"2023-01-19T19:49:44","date_gmt":"2023-01-19T22:49:44","guid":{"rendered":"https:\/\/pc.sc.gov.br\/?p=4319"},"modified":"2023-01-19T19:52:11","modified_gmt":"2023-01-19T22:52:11","slug":"policia-civil-apreende-114-tablets-de-cocaina-e-homem-e-preso-em-barra-velha","status":"publish","type":"post","link":"https:\/\/pc.sc.gov.br\/?p=4319","title":{"rendered":"Pol\u00edcia Civil apreende 114 tablets de coca\u00edna e homem \u00e9 preso em Barra Velha"},"content":{"rendered":"\t\t<div data-elementor-type=\"wp-post\" data-elementor-id=\"4319\" class=\"elementor elementor-4319\" data-elementor-post-type=\"post\">\n\t\t\t\t\t\t<section class=\"elementor-section elementor-top-section elementor-element elementor-element-a69a0f2 elementor-section-boxed elementor-section-height-default elementor-section-height-default\" data-id=\"a69a0f2\" data-element_type=\"section\">\n\t\t\t\t\t\t<div class=\"elementor-container elementor-column-gap-default\">\n\t\t\t\t\t<div class=\"elementor-column elementor-col-100 elementor-top-column elementor-element elementor-element-1fd10ab\" data-id=\"1fd10ab\" data-element_type=\"column\">\n\t\t\t<div class=\"elementor-widget-wrap elementor-element-populated\">\n\t\t\t\t\t\t<div class=\"elementor-element elementor-element-73751e3 elementor-widget elementor-widget-heading\" data-id=\"73751e3\" data-element_type=\"widget\" data-widget_type=\"heading.default\">\n\t\t\t\t<div class=\"elementor-widget-container\">\n\t\t\t\t\t<h2 class=\"elementor-heading-title elementor-size-default\">Pol\u00edcia Civil apreende 114 tablets de coca\u00edna e homem \u00e9 preso em Barra Velha<\/h2>\t\t\t\t<\/div>\n\t\t\t\t<\/div>\n\t\t\t\t<div class=\"elementor-element elementor-element-e9491ee elementor-widget elementor-widget-image\" data-id=\"e9491ee\" data-element_type=\"widget\" data-widget_type=\"image.default\">\n\t\t\t\t<div class=\"elementor-widget-container\">\n\t\t\t\t\t\t\t\t\t\t\t\t\t\t\t<img fetchpriority=\"high\" decoding=\"async\" width=\"696\" height=\"928\" src=\"https:\/\/pc.sc.gov.br\/\/wp-content\/uploads\/2023\/01\/WhatsApp-Image-2023-01-19-at-19.30.50-768x1024.jpeg\" class=\"attachment-large size-large wp-image-4320\" alt=\"Tablets de coca\u00edna apreendidos ao lado de viatura\" srcset=\"https:\/\/pc.sc.gov.br\/\/wp-content\/uploads\/2023\/01\/WhatsApp-Image-2023-01-19-at-19.30.50-768x1024.jpeg 768w, https:\/\/pc.sc.gov.br\/\/wp-content\/uploads\/2023\/01\/WhatsApp-Image-2023-01-19-at-19.30.50-225x300.jpeg 225w, https:\/\/pc.sc.gov.br\/\/wp-content\/uploads\/2023\/01\/WhatsApp-Image-2023-01-19-at-19.30.50-1152x1536.jpeg 1152w, https:\/\/pc.sc.gov.br\/\/wp-content\/uploads\/2023\/01\/WhatsApp-Image-2023-01-19-at-19.30.50.jpeg 1200w\" sizes=\"(max-width: 696px) 100vw, 696px\" \/>\t\t\t\t\t\t\t\t\t\t\t\t\t\t\t<\/div>\n\t\t\t\t<\/div>\n\t\t\t\t\t<\/div>\n\t\t<\/div>\n\t\t\t\t\t<\/div>\n\t\t<\/section>\n\t\t\t\t<section class=\"elementor-section elementor-top-section elementor-element elementor-element-f128022 elementor-section-boxed elementor-section-height-default elementor-section-height-default\" data-id=\"f128022\" data-element_type=\"section\">\n\t\t\t\t\t\t<div class=\"elementor-container elementor-column-gap-default\">\n\t\t\t\t\t<div class=\"elementor-column elementor-col-100 elementor-top-column elementor-element elementor-element-db296d7\" data-id=\"db296d7\" data-element_type=\"column\">\n\t\t\t<div class=\"elementor-widget-wrap elementor-element-populated\">\n\t\t\t\t\t\t<div class=\"elementor-element elementor-element-c3c6726 elementor-widget elementor-widget-text-editor\" data-id=\"c3c6726\" data-element_type=\"widget\" data-widget_type=\"text-editor.default\">\n\t\t\t\t<div class=\"elementor-widget-container\">\n\t\t\t\t\t\t\t\t\t<p><span style=\"font-family: var( --e-global-typography-text-font-family ), Sans-serif; font-size: var( --e-global-typography-text-font-size );\">N<\/span><span style=\"font-family: var( --e-global-typography-text-font-family ), Sans-serif; font-size: var( --e-global-typography-text-font-size );\">esta quinta-feira (19), a Pol\u00edcia Civil de Santa Catarina, por meio da Delegacia de Pol\u00edcia da Comarca de Barra Velha, apreendeu 114 tablets de coca\u00edna e uma arma de fogo calibre .25, municiada. A droga estava sendo transportada em um ve\u00edculo modelo Eco Sport, que era alvo de investiga\u00e7\u00e3o da Pol\u00edcia Civil. Os policiais tentaram abordar o ve\u00edculo na BR 101, perto do desvio da Pol\u00edcia Rodovi\u00e1ria Federal de Barra Velha, mas o motorista empreendeu fuga.<\/span><\/p>\n<p>Os policiais seguiram o carro e visualizaram que o condutor levantou a m\u00e3o direita e que segurava uma arma de fogo, fazendo men\u00e7\u00e3o de disparar contra os policiais, por isso, a Pol\u00edcia Civil reagiu \u00e0 injusta agress\u00e3o e o condutor restou ferido por um disparo de arma de fogo na perna direita.&nbsp;<\/p>\n<p>O Corpo de Bombeiros foi acionado e prestou socorro ao condutor, que foi encaminhado para o hospital. O homem ser\u00e1 autuado em flagrante por tr\u00e1fico de drogas e porte ilegal de arma de fogo.<\/p>\t\t\t\t\t\t\t\t<\/div>\n\t\t\t\t<\/div>\n\t\t\t\t\t<\/div>\n\t\t<\/div>\n\t\t\t\t\t<\/div>\n\t\t<\/section>\n\t\t\t\t<section class=\"elementor-section elementor-top-section elementor-element elementor-element-d7bbbed elementor-section-boxed elementor-section-height-default elementor-section-height-default\" data-id=\"d7bbbed\" data-element_type=\"section\">\n\t\t\t\t\t\t<div class=\"elementor-container elementor-column-gap-default\">\n\t\t\t\t\t<div class=\"elementor-column elementor-col-100 elementor-top-column elementor-element elementor-element-76b8433\" data-id=\"76b8433\" data-element_type=\"column\">\n\t\t\t<div class=\"elementor-widget-wrap elementor-element-populated\">\n\t\t\t\t\t\t<div class=\"elementor-element elementor-element-7e6d576 elementor-widget elementor-widget-video\" data-id=\"7e6d576\" data-element_type=\"widget\" data-settings=\"{&quot;video_type&quot;:&quot;hosted&quot;,&quot;controls&quot;:&quot;yes&quot;}\" data-widget_type=\"video.default\">\n\t\t\t\t<div class=\"elementor-widget-container\">\n\t\t\t\t\t\t\t<div class=\"e-hosted-video elementor-wrapper elementor-open-inline\">\n\t\t\t\t\t<video class=\"elementor-video\" src=\"https:\/\/pc.sc.gov.br\/wp-content\/uploads\/2023\/01\/WhatsApp-Video-2023-01-19-at-19.48.01.mp4\" controls=\"\" preload=\"metadata\"><\/video>\n\t\t\t\t<\/div>\n\t\t\t\t\t\t<\/div>\n\t\t\t\t<\/div>\n\t\t\t\t\t<\/div>\n\t\t<\/div>\n\t\t\t\t\t<\/div>\n\t\t<\/section>\n\t\t\t\t<\/div>\n\t\t","protected":false},"excerpt":{"rendered":"<p>Pol\u00edcia Civil apreende 114 tablets de coca\u00edna e homem \u00e9 preso em Barra Velha Nesta quinta-feira (19), a Pol\u00edcia Civil de Santa Catarina, por meio da Delegacia de Pol\u00edcia da Comarca de Barra Velha, apreendeu 114 tablets de coca\u00edna e uma arma de fogo calibre .25, municiada. A droga estava sendo transportada em um ve\u00edculo [&hellip;]<\/p>\n","protected":false},"author":5,"featured_media":4320,"comment_status":"closed","ping_status":"open","sticky":false,"template":"","format":"standard","meta":{"_monsterinsights_skip_tracking":false,"_monsterinsights_sitenote_active":false,"_monsterinsights_sitenote_note":"","_monsterinsights_sitenote_category":0,"footnotes":""},"categories":[1],"tags":[],"class_list":["post-4319","post","type-post","status-publish","format-standard","has-post-thumbnail","hentry","category-sem-categoria"],"_links":{"self":[{"href":"https:\/\/pc.sc.gov.br\/index.php?rest_route=\/wp\/v2\/posts\/4319","targetHints":{"allow":["GET"]}}],"collection":[{"href":"https:\/\/pc.sc.gov.br\/index.php?rest_route=\/wp\/v2\/posts"}],"about":[{"href":"https:\/\/pc.sc.gov.br\/index.php?rest_route=\/wp\/v2\/types\/post"}],"author":[{"embeddable":true,"href":"https:\/\/pc.sc.gov.br\/index.php?rest_route=\/wp\/v2\/users\/5"}],"replies":[{"embeddable":true,"href":"https:\/\/pc.sc.gov.br\/index.php?rest_route=%2Fwp%2Fv2%2Fcomments&post=4319"}],"version-history":[{"count":4,"href":"https:\/\/pc.sc.gov.br\/index.php?rest_route=\/wp\/v2\/posts\/4319\/revisions"}],"predecessor-version":[{"id":4325,"href":"https:\/\/pc.sc.gov.br\/index.php?rest_route=\/wp\/v2\/posts\/4319\/revisions\/4325"}],"wp:featuredmedia":[{"embeddable":true,"href":"https:\/\/pc.sc.gov.br\/index.php?rest_route=\/wp\/v2\/media\/4320"}],"wp:attachment":[{"href":"https:\/\/pc.sc.gov.br\/index.php?rest_route=%2Fwp%2Fv2%2Fmedia&parent=4319"}],"wp:term":[{"taxonomy":"category","embeddable":true,"href":"https:\/\/pc.sc.gov.br\/index.php?rest_route=%2Fwp%2Fv2%2Fcategories&post=4319"},{"taxonomy":"post_tag","embeddable":true,"href":"https:\/\/pc.sc.gov.br\/index.php?rest_route=%2Fwp%2Fv2%2Ftags&post=4319"}],"curies":[{"name":"wp","href":"https:\/\/api.w.org\/{rel}","templated":true}]}}