{"id":4327,"date":"2023-01-19T20:10:24","date_gmt":"2023-01-19T23:10:24","guid":{"rendered":"https:\/\/pc.sc.gov.br\/?p=4327"},"modified":"2023-01-23T21:42:26","modified_gmt":"2023-01-24T00:42:26","slug":"policia-civil-apreende-drogas-e-arma-de-fogo-em-florianopolis","status":"publish","type":"post","link":"https:\/\/pc.sc.gov.br\/?p=4327","title":{"rendered":"Pol\u00edcia Civil apreende drogas e arma de fogo em Florian\u00f3polis"},"content":{"rendered":"\t\t<div data-elementor-type=\"wp-post\" data-elementor-id=\"4327\" class=\"elementor elementor-4327\" data-elementor-post-type=\"post\">\n\t\t\t\t\t\t<section class=\"elementor-section elementor-top-section elementor-element elementor-element-354d453 elementor-section-boxed elementor-section-height-default elementor-section-height-default\" data-id=\"354d453\" data-element_type=\"section\">\n\t\t\t\t\t\t<div class=\"elementor-container elementor-column-gap-default\">\n\t\t\t\t\t<div class=\"elementor-column elementor-col-100 elementor-top-column elementor-element elementor-element-f67520f\" data-id=\"f67520f\" data-element_type=\"column\">\n\t\t\t<div class=\"elementor-widget-wrap elementor-element-populated\">\n\t\t\t\t\t\t<div class=\"elementor-element elementor-element-fc25f50 elementor-widget elementor-widget-heading\" data-id=\"fc25f50\" data-element_type=\"widget\" data-widget_type=\"heading.default\">\n\t\t\t\t<div class=\"elementor-widget-container\">\n\t\t\t\t\t<h2 class=\"elementor-heading-title elementor-size-default\">Pol\u00edcia Civil apreende drogas e arma de fogo em Florian\u00f3polis<\/h2>\t\t\t\t<\/div>\n\t\t\t\t<\/div>\n\t\t\t\t\t<\/div>\n\t\t<\/div>\n\t\t\t\t\t<\/div>\n\t\t<\/section>\n\t\t\t\t<section class=\"elementor-section elementor-top-section elementor-element elementor-element-adc2b59 elementor-section-boxed elementor-section-height-default elementor-section-height-default\" data-id=\"adc2b59\" data-element_type=\"section\">\n\t\t\t\t\t\t<div class=\"elementor-container elementor-column-gap-default\">\n\t\t\t\t\t<div class=\"elementor-column elementor-col-100 elementor-top-column elementor-element elementor-element-eef357b\" data-id=\"eef357b\" data-element_type=\"column\">\n\t\t\t<div class=\"elementor-widget-wrap elementor-element-populated\">\n\t\t\t\t\t\t<div class=\"elementor-element elementor-element-a7b4409 elementor-widget elementor-widget-image\" data-id=\"a7b4409\" data-element_type=\"widget\" data-widget_type=\"image.default\">\n\t\t\t\t<div class=\"elementor-widget-container\">\n\t\t\t\t\t\t\t\t\t\t\t\t\t\t\t<img fetchpriority=\"high\" decoding=\"async\" width=\"696\" height=\"522\" src=\"https:\/\/pc.sc.gov.br\/\/wp-content\/uploads\/2023\/01\/WhatsApp-Image-2023-01-19-at-20.05.06-1024x768.jpeg\" class=\"attachment-large size-large wp-image-4328\" alt=\"Drogas e arma apreendidas.\" srcset=\"https:\/\/pc.sc.gov.br\/\/wp-content\/uploads\/2023\/01\/WhatsApp-Image-2023-01-19-at-20.05.06-1024x768.jpeg 1024w, https:\/\/pc.sc.gov.br\/\/wp-content\/uploads\/2023\/01\/WhatsApp-Image-2023-01-19-at-20.05.06-300x225.jpeg 300w, https:\/\/pc.sc.gov.br\/\/wp-content\/uploads\/2023\/01\/WhatsApp-Image-2023-01-19-at-20.05.06-768x576.jpeg 768w, https:\/\/pc.sc.gov.br\/\/wp-content\/uploads\/2023\/01\/WhatsApp-Image-2023-01-19-at-20.05.06-1536x1152.jpeg 1536w, https:\/\/pc.sc.gov.br\/\/wp-content\/uploads\/2023\/01\/WhatsApp-Image-2023-01-19-at-20.05.06.jpeg 1600w\" sizes=\"(max-width: 696px) 100vw, 696px\" \/>\t\t\t\t\t\t\t\t\t\t\t\t\t\t\t<\/div>\n\t\t\t\t<\/div>\n\t\t\t\t\t<\/div>\n\t\t<\/div>\n\t\t\t\t\t<\/div>\n\t\t<\/section>\n\t\t\t\t<section class=\"elementor-section elementor-top-section elementor-element elementor-element-bc0e9c7 elementor-section-boxed elementor-section-height-default elementor-section-height-default\" data-id=\"bc0e9c7\" data-element_type=\"section\">\n\t\t\t\t\t\t<div class=\"elementor-container elementor-column-gap-default\">\n\t\t\t\t\t<div class=\"elementor-column elementor-col-100 elementor-top-column elementor-element elementor-element-7abf37e\" data-id=\"7abf37e\" data-element_type=\"column\">\n\t\t\t<div class=\"elementor-widget-wrap elementor-element-populated\">\n\t\t\t\t\t\t<div class=\"elementor-element elementor-element-7bc3b52 elementor-widget elementor-widget-text-editor\" data-id=\"7bc3b52\" data-element_type=\"widget\" data-widget_type=\"text-editor.default\">\n\t\t\t\t<div class=\"elementor-widget-container\">\n\t\t\t\t\t\t\t\t\t<p><span style=\"font-family: var( --e-global-typography-text-font-family ), Sans-serif; font-size: var( --e-global-typography-text-font-size );\">Nesta quinta-feira (19), a Pol\u00edcia Civil de Santa Catarina, por meio da Coordenadoria de Opera\u00e7\u00f5es Policiais com C\u00e3es e a Coordenadoria de Opera\u00e7\u00f5es e Recursos Especiais, apreendeu coca\u00edna, maconha, haxixe e um rev\u00f3lver calibre .38 SPL, na Comunidade Chico Mendes, em Florian\u00f3polis.&nbsp;<\/span><\/p>\n<p>Ap\u00f3s a coleta de informa\u00e7\u00f5es pelas unidades, foram aplicados c\u00e3es de detec\u00e7\u00e3o que localizaram os materiais il\u00edcitos em esconderijos no local. As apura\u00e7\u00f5es prosseguem para identificar a autoria do delito.<\/p>\n<div>&nbsp;<\/div>\t\t\t\t\t\t\t\t<\/div>\n\t\t\t\t<\/div>\n\t\t\t\t\t<\/div>\n\t\t<\/div>\n\t\t\t\t\t<\/div>\n\t\t<\/section>\n\t\t\t\t<\/div>\n\t\t","protected":false},"excerpt":{"rendered":"<p>Pol\u00edcia Civil apreende drogas e arma de fogo em Florian\u00f3polis Nesta quinta-feira (19), a Pol\u00edcia Civil de Santa Catarina, por meio da Coordenadoria de Opera\u00e7\u00f5es Policiais com C\u00e3es e a Coordenadoria de Opera\u00e7\u00f5es e Recursos Especiais, apreendeu coca\u00edna, maconha, haxixe e um rev\u00f3lver calibre .38 SPL, na Comunidade Chico Mendes, em Florian\u00f3polis.&nbsp; Ap\u00f3s a coleta [&hellip;]<\/p>\n","protected":false},"author":5,"featured_media":4328,"comment_status":"closed","ping_status":"open","sticky":false,"template":"","format":"standard","meta":{"_monsterinsights_skip_tracking":false,"_monsterinsights_sitenote_active":false,"_monsterinsights_sitenote_note":"","_monsterinsights_sitenote_category":0,"footnotes":""},"categories":[1],"tags":[],"class_list":["post-4327","post","type-post","status-publish","format-standard","has-post-thumbnail","hentry","category-sem-categoria"],"_links":{"self":[{"href":"https:\/\/pc.sc.gov.br\/index.php?rest_route=\/wp\/v2\/posts\/4327","targetHints":{"allow":["GET"]}}],"collection":[{"href":"https:\/\/pc.sc.gov.br\/index.php?rest_route=\/wp\/v2\/posts"}],"about":[{"href":"https:\/\/pc.sc.gov.br\/index.php?rest_route=\/wp\/v2\/types\/post"}],"author":[{"embeddable":true,"href":"https:\/\/pc.sc.gov.br\/index.php?rest_route=\/wp\/v2\/users\/5"}],"replies":[{"embeddable":true,"href":"https:\/\/pc.sc.gov.br\/index.php?rest_route=%2Fwp%2Fv2%2Fcomments&post=4327"}],"version-history":[{"count":7,"href":"https:\/\/pc.sc.gov.br\/index.php?rest_route=\/wp\/v2\/posts\/4327\/revisions"}],"predecessor-version":[{"id":4460,"href":"https:\/\/pc.sc.gov.br\/index.php?rest_route=\/wp\/v2\/posts\/4327\/revisions\/4460"}],"wp:featuredmedia":[{"embeddable":true,"href":"https:\/\/pc.sc.gov.br\/index.php?rest_route=\/wp\/v2\/media\/4328"}],"wp:attachment":[{"href":"https:\/\/pc.sc.gov.br\/index.php?rest_route=%2Fwp%2Fv2%2Fmedia&parent=4327"}],"wp:term":[{"taxonomy":"category","embeddable":true,"href":"https:\/\/pc.sc.gov.br\/index.php?rest_route=%2Fwp%2Fv2%2Fcategories&post=4327"},{"taxonomy":"post_tag","embeddable":true,"href":"https:\/\/pc.sc.gov.br\/index.php?rest_route=%2Fwp%2Fv2%2Ftags&post=4327"}],"curies":[{"name":"wp","href":"https:\/\/api.w.org\/{rel}","templated":true}]}}