{"id":4338,"date":"2023-01-20T13:47:01","date_gmt":"2023-01-20T16:47:01","guid":{"rendered":"https:\/\/pc.sc.gov.br\/?p=4338"},"modified":"2023-01-20T13:48:47","modified_gmt":"2023-01-20T16:48:47","slug":"policia-civil-deflagra-operacao-contra-o-trafico-de-drogas-na-capital-e-duas-pessoas-sao-presas","status":"publish","type":"post","link":"https:\/\/pc.sc.gov.br\/?p=4338","title":{"rendered":"Pol\u00edcia Civil deflagra opera\u00e7\u00e3o contra o tr\u00e1fico de drogas na Capital e duas pessoas s\u00e3o presas"},"content":{"rendered":"\t\t<div data-elementor-type=\"wp-post\" data-elementor-id=\"4338\" class=\"elementor elementor-4338\" data-elementor-post-type=\"post\">\n\t\t\t\t\t\t<section class=\"elementor-section elementor-top-section elementor-element elementor-element-750b579 elementor-section-boxed elementor-section-height-default elementor-section-height-default\" data-id=\"750b579\" data-element_type=\"section\">\n\t\t\t\t\t\t<div class=\"elementor-container elementor-column-gap-default\">\n\t\t\t\t\t<div class=\"elementor-column elementor-col-100 elementor-top-column elementor-element elementor-element-cf7e44e\" data-id=\"cf7e44e\" data-element_type=\"column\">\n\t\t\t<div class=\"elementor-widget-wrap elementor-element-populated\">\n\t\t\t\t\t\t<div class=\"elementor-element elementor-element-756eb39 elementor-widget elementor-widget-heading\" data-id=\"756eb39\" data-element_type=\"widget\" data-widget_type=\"heading.default\">\n\t\t\t\t<div class=\"elementor-widget-container\">\n\t\t\t\t\t<h2 class=\"elementor-heading-title elementor-size-default\">Pol\u00edcia Civil deflagra opera\u00e7\u00e3o contra o tr\u00e1fico de drogas na Capital e duas pessoas s\u00e3o presas\n\n<\/h2>\t\t\t\t<\/div>\n\t\t\t\t<\/div>\n\t\t\t\t<div class=\"elementor-element elementor-element-50f7777 elementor-widget elementor-widget-image\" data-id=\"50f7777\" data-element_type=\"widget\" data-widget_type=\"image.default\">\n\t\t\t\t<div class=\"elementor-widget-container\">\n\t\t\t\t\t\t\t\t\t\t\t\t\t\t\t<img fetchpriority=\"high\" decoding=\"async\" width=\"1536\" height=\"864\" src=\"https:\/\/pc.sc.gov.br\/\/wp-content\/uploads\/2023\/01\/PC_DNSAJFDHBKNHJFJK52-1536x864.jpg\" class=\"attachment-1536x1536 size-1536x1536 wp-image-4339\" alt=\"sobre a mesa dinheiro, drogas (maconha, coca\u00edna e lan\u00e7a perfume), dinheiro proveniente do tr\u00e1fico (notas picadas), balan\u00e7a de precis\u00e3o, r\u00e1dios comunicadores e agenda com anota\u00e7\u00f5es da contabilidade do tr\u00e1fico\" srcset=\"https:\/\/pc.sc.gov.br\/\/wp-content\/uploads\/2023\/01\/PC_DNSAJFDHBKNHJFJK52-1536x864.jpg 1536w, https:\/\/pc.sc.gov.br\/\/wp-content\/uploads\/2023\/01\/PC_DNSAJFDHBKNHJFJK52-300x169.jpg 300w, https:\/\/pc.sc.gov.br\/\/wp-content\/uploads\/2023\/01\/PC_DNSAJFDHBKNHJFJK52-1024x576.jpg 1024w, https:\/\/pc.sc.gov.br\/\/wp-content\/uploads\/2023\/01\/PC_DNSAJFDHBKNHJFJK52-768x432.jpg 768w, https:\/\/pc.sc.gov.br\/\/wp-content\/uploads\/2023\/01\/PC_DNSAJFDHBKNHJFJK52.jpg 1600w\" sizes=\"(max-width: 1536px) 100vw, 1536px\" \/>\t\t\t\t\t\t\t\t\t\t\t\t\t\t\t<\/div>\n\t\t\t\t<\/div>\n\t\t\t\t<div class=\"elementor-element elementor-element-0a0f5c0 elementor-widget elementor-widget-text-editor\" data-id=\"0a0f5c0\" data-element_type=\"widget\" data-widget_type=\"text-editor.default\">\n\t\t\t\t<div class=\"elementor-widget-container\">\n\t\t\t\t\t\t\t\t\t<p>Nesta sexta-feira (20), a Pol\u00edcia Civil de Santa Catarina, por meio da Delegacia de Pol\u00edcia de Combate \u00e0s Drogas (DECOD), da Academia de Pol\u00edcia Civil e da 7\u00b0 Delegacia de Pol\u00edcia da Capital, deflagrou opera\u00e7\u00e3o policial contra o tr\u00e1fico de drogas e associa\u00e7\u00e3o para o tr\u00e1fico no bairro Canasvieiras, em Florian\u00f3polis. No total, duas pessoas foram presas, sendo uma delas em flagrante, e outras duas pessoas menores de idade foram apreendidas.<\/p><p>A opera\u00e7\u00e3o visou o cumprimento de 14 mandados de busca e apreens\u00e3o e sete mandados de pris\u00e3o tempor\u00e1ria expedidos pelo ju\u00edzo da Capital. Al\u00e9m das ordens judiciais cumpridas, foram lavrados um auto de pris\u00e3o em flagrante e dois autos de apura\u00e7\u00e3o de ato infracional por infra\u00e7\u00e3o disposta no art. 33 da Lei 11343\/2006.<\/p><p>Foram apreendidas drogas (maconha, coca\u00edna e lan\u00e7a perfume), dinheiro proveniente do tr\u00e1fico (notas picadas), balan\u00e7a de precis\u00e3o, r\u00e1dios comunicadores e agenda com anota\u00e7\u00f5es da contabilidade do tr\u00e1fico. Participaram da opera\u00e7\u00e3o cerca de 60 policiais, sendo alguns deles provenientes de outras unidades da Pol\u00edcia Civil que tamb\u00e9m prestaram apoio \u00e0 a\u00e7\u00e3o.<\/p>\t\t\t\t\t\t\t\t<\/div>\n\t\t\t\t<\/div>\n\t\t\t\t<div class=\"elementor-element elementor-element-de6f098 elementor-widget elementor-widget-image\" data-id=\"de6f098\" data-element_type=\"widget\" data-widget_type=\"image.default\">\n\t\t\t\t<div class=\"elementor-widget-container\">\n\t\t\t\t\t\t\t\t\t\t\t\t\t\t\t<img decoding=\"async\" width=\"696\" height=\"392\" src=\"https:\/\/pc.sc.gov.br\/\/wp-content\/uploads\/2023\/01\/PC_DNSAJFDHBKNHJFJK52362-1024x576.jpg\" class=\"attachment-large size-large wp-image-4342\" alt=\"\" srcset=\"https:\/\/pc.sc.gov.br\/\/wp-content\/uploads\/2023\/01\/PC_DNSAJFDHBKNHJFJK52362-1024x576.jpg 1024w, https:\/\/pc.sc.gov.br\/\/wp-content\/uploads\/2023\/01\/PC_DNSAJFDHBKNHJFJK52362-300x169.jpg 300w, https:\/\/pc.sc.gov.br\/\/wp-content\/uploads\/2023\/01\/PC_DNSAJFDHBKNHJFJK52362-768x432.jpg 768w, https:\/\/pc.sc.gov.br\/\/wp-content\/uploads\/2023\/01\/PC_DNSAJFDHBKNHJFJK52362-1536x864.jpg 1536w, https:\/\/pc.sc.gov.br\/\/wp-content\/uploads\/2023\/01\/PC_DNSAJFDHBKNHJFJK52362.jpg 1600w\" sizes=\"(max-width: 696px) 100vw, 696px\" \/>\t\t\t\t\t\t\t\t\t\t\t\t\t\t\t<\/div>\n\t\t\t\t<\/div>\n\t\t\t\t<div class=\"elementor-element elementor-element-6bb43bc elementor-widget elementor-widget-image\" data-id=\"6bb43bc\" data-element_type=\"widget\" data-widget_type=\"image.default\">\n\t\t\t\t<div class=\"elementor-widget-container\">\n\t\t\t\t\t\t\t\t\t\t\t\t\t\t\t<img decoding=\"async\" width=\"696\" height=\"411\" src=\"https:\/\/pc.sc.gov.br\/\/wp-content\/uploads\/2023\/01\/PC_DNSAJFDHBKNHJFJK52655-1024x604.jpg\" class=\"attachment-large size-large wp-image-4340\" alt=\"placa da\" srcset=\"https:\/\/pc.sc.gov.br\/\/wp-content\/uploads\/2023\/01\/PC_DNSAJFDHBKNHJFJK52655-1024x604.jpg 1024w, https:\/\/pc.sc.gov.br\/\/wp-content\/uploads\/2023\/01\/PC_DNSAJFDHBKNHJFJK52655-300x177.jpg 300w, https:\/\/pc.sc.gov.br\/\/wp-content\/uploads\/2023\/01\/PC_DNSAJFDHBKNHJFJK52655-768x453.jpg 768w, https:\/\/pc.sc.gov.br\/\/wp-content\/uploads\/2023\/01\/PC_DNSAJFDHBKNHJFJK52655.jpg 1525w\" sizes=\"(max-width: 696px) 100vw, 696px\" \/>\t\t\t\t\t\t\t\t\t\t\t\t\t\t\t<\/div>\n\t\t\t\t<\/div>\n\t\t\t\t\t<\/div>\n\t\t<\/div>\n\t\t\t\t\t<\/div>\n\t\t<\/section>\n\t\t\t\t<\/div>\n\t\t","protected":false},"excerpt":{"rendered":"<p>Pol\u00edcia Civil deflagra opera\u00e7\u00e3o contra o tr\u00e1fico de drogas na Capital e duas pessoas s\u00e3o presas Nesta sexta-feira (20), a Pol\u00edcia Civil de Santa Catarina, por meio da Delegacia de Pol\u00edcia de Combate \u00e0s Drogas (DECOD), da Academia de Pol\u00edcia Civil e da 7\u00b0 Delegacia de Pol\u00edcia da Capital, deflagrou opera\u00e7\u00e3o policial contra o tr\u00e1fico [&hellip;]<\/p>\n","protected":false},"author":5,"featured_media":4339,"comment_status":"closed","ping_status":"open","sticky":false,"template":"","format":"standard","meta":{"_monsterinsights_skip_tracking":false,"_monsterinsights_sitenote_active":false,"_monsterinsights_sitenote_note":"","_monsterinsights_sitenote_category":0,"footnotes":""},"categories":[1],"tags":[],"class_list":["post-4338","post","type-post","status-publish","format-standard","has-post-thumbnail","hentry","category-sem-categoria"],"_links":{"self":[{"href":"https:\/\/pc.sc.gov.br\/index.php?rest_route=\/wp\/v2\/posts\/4338","targetHints":{"allow":["GET"]}}],"collection":[{"href":"https:\/\/pc.sc.gov.br\/index.php?rest_route=\/wp\/v2\/posts"}],"about":[{"href":"https:\/\/pc.sc.gov.br\/index.php?rest_route=\/wp\/v2\/types\/post"}],"author":[{"embeddable":true,"href":"https:\/\/pc.sc.gov.br\/index.php?rest_route=\/wp\/v2\/users\/5"}],"replies":[{"embeddable":true,"href":"https:\/\/pc.sc.gov.br\/index.php?rest_route=%2Fwp%2Fv2%2Fcomments&post=4338"}],"version-history":[{"count":4,"href":"https:\/\/pc.sc.gov.br\/index.php?rest_route=\/wp\/v2\/posts\/4338\/revisions"}],"predecessor-version":[{"id":4346,"href":"https:\/\/pc.sc.gov.br\/index.php?rest_route=\/wp\/v2\/posts\/4338\/revisions\/4346"}],"wp:featuredmedia":[{"embeddable":true,"href":"https:\/\/pc.sc.gov.br\/index.php?rest_route=\/wp\/v2\/media\/4339"}],"wp:attachment":[{"href":"https:\/\/pc.sc.gov.br\/index.php?rest_route=%2Fwp%2Fv2%2Fmedia&parent=4338"}],"wp:term":[{"taxonomy":"category","embeddable":true,"href":"https:\/\/pc.sc.gov.br\/index.php?rest_route=%2Fwp%2Fv2%2Fcategories&post=4338"},{"taxonomy":"post_tag","embeddable":true,"href":"https:\/\/pc.sc.gov.br\/index.php?rest_route=%2Fwp%2Fv2%2Ftags&post=4338"}],"curies":[{"name":"wp","href":"https:\/\/api.w.org\/{rel}","templated":true}]}}