{"id":4347,"date":"2023-01-20T13:54:38","date_gmt":"2023-01-20T16:54:38","guid":{"rendered":"https:\/\/pc.sc.gov.br\/?p=4347"},"modified":"2023-01-20T13:57:53","modified_gmt":"2023-01-20T16:57:53","slug":"policias-civil-e-penal-deflagram-operacao-integra-e-cumprem-20-mandados-de-busca-e-apreensao-no-estado","status":"publish","type":"post","link":"https:\/\/pc.sc.gov.br\/?p=4347","title":{"rendered":"Pol\u00edcias Civil e Penal deflagram opera\u00e7\u00e3o \u201cIntegra\u201d e cumprem 20 mandados de busca e apreens\u00e3o no Estado"},"content":{"rendered":"\t\t<div data-elementor-type=\"wp-post\" data-elementor-id=\"4347\" class=\"elementor elementor-4347\" data-elementor-post-type=\"post\">\n\t\t\t\t\t\t<section class=\"elementor-section elementor-top-section elementor-element elementor-element-6937221 elementor-section-boxed elementor-section-height-default elementor-section-height-default\" data-id=\"6937221\" data-element_type=\"section\">\n\t\t\t\t\t\t<div class=\"elementor-container elementor-column-gap-default\">\n\t\t\t\t\t<div class=\"elementor-column elementor-col-100 elementor-top-column elementor-element elementor-element-72faffa\" data-id=\"72faffa\" data-element_type=\"column\">\n\t\t\t<div class=\"elementor-widget-wrap elementor-element-populated\">\n\t\t\t\t\t\t<div class=\"elementor-element elementor-element-8f9fbdd elementor-widget elementor-widget-heading\" data-id=\"8f9fbdd\" data-element_type=\"widget\" data-widget_type=\"heading.default\">\n\t\t\t\t<div class=\"elementor-widget-container\">\n\t\t\t\t\t<h2 class=\"elementor-heading-title elementor-size-default\">Pol\u00edcias Civil e Penal deflagram opera\u00e7\u00e3o \u201cIntegra\u201d e cumprem 20 mandados de busca e apreens\u00e3o no Estado\n<\/h2>\t\t\t\t<\/div>\n\t\t\t\t<\/div>\n\t\t\t\t<div class=\"elementor-element elementor-element-ef0f394 elementor-widget elementor-widget-image\" data-id=\"ef0f394\" data-element_type=\"widget\" data-widget_type=\"image.default\">\n\t\t\t\t<div class=\"elementor-widget-container\">\n\t\t\t\t\t\t\t\t\t\t\t\t\t\t\t<img fetchpriority=\"high\" decoding=\"async\" width=\"696\" height=\"450\" src=\"https:\/\/pc.sc.gov.br\/\/wp-content\/uploads\/2023\/01\/PC_DNSAJFDHBKNHJFJSFSDFDFDF523628925462652-1024x662.jpg\" class=\"attachment-large size-large wp-image-4348\" alt=\"viatura policia civil no lado direito e viatura da policia penal no lado esquerdo, ambos em frente do pr\u00e9dio do presidio regional de Joinville\" srcset=\"https:\/\/pc.sc.gov.br\/\/wp-content\/uploads\/2023\/01\/PC_DNSAJFDHBKNHJFJSFSDFDFDF523628925462652-1024x662.jpg 1024w, https:\/\/pc.sc.gov.br\/\/wp-content\/uploads\/2023\/01\/PC_DNSAJFDHBKNHJFJSFSDFDFDF523628925462652-300x194.jpg 300w, https:\/\/pc.sc.gov.br\/\/wp-content\/uploads\/2023\/01\/PC_DNSAJFDHBKNHJFJSFSDFDFDF523628925462652-768x497.jpg 768w, https:\/\/pc.sc.gov.br\/\/wp-content\/uploads\/2023\/01\/PC_DNSAJFDHBKNHJFJSFSDFDFDF523628925462652.jpg 1075w\" sizes=\"(max-width: 696px) 100vw, 696px\" \/>\t\t\t\t\t\t\t\t\t\t\t\t\t\t\t<\/div>\n\t\t\t\t<\/div>\n\t\t\t\t<div class=\"elementor-element elementor-element-081b676 elementor-widget elementor-widget-text-editor\" data-id=\"081b676\" data-element_type=\"widget\" data-widget_type=\"text-editor.default\">\n\t\t\t\t<div class=\"elementor-widget-container\">\n\t\t\t\t\t\t\t\t\t<p>Nesta sexta-feira (20), a Pol\u00edcia Civil de Santa Catarina, por meio da Delegacia de Repress\u00e3o ao Crime Organizado da Diretoria Estadual de Investiga\u00e7\u00f5es Criminais, e a Pol\u00edcia Penal deflagraram a opera\u00e7\u00e3o \u201cIntegra\u201d, visando o cumprimento de 20 mandados de busca e apreens\u00e3o em celas de pres\u00eddios e resid\u00eancias de integrantes de uma organiza\u00e7\u00e3o criminosa criada em S\u00e3o Paulo e com atua\u00e7\u00e3o no Estado de Santa Catarina.<\/p><p>Na ocasi\u00e3o, seis aparelhos celulares e diversos manuscritos da organiza\u00e7\u00e3o criminosa investigada foram apreendidos. Os mandados foram cumpridos simultaneamente nas cidades de cidades de Itapo\u00e1, Araquar\u00ed e Joinville, bem como nas unidades prisionais de Chapec\u00f3, S\u00e3o Pedro de Alc\u00e2ntara, Jaragu\u00e1 do Sul e Joinville, locais onde est\u00e3o recolhidos parte dos integrantes dessa organiza\u00e7\u00e3o criminosa.<\/p><p>Ap\u00f3s a Pol\u00edcia Penal apreender aparelhos de telefone celulares no Pres\u00eddio de Joinville, a Pol\u00edcia Civil iniciou a investiga\u00e7\u00e3o que resultou na identifica\u00e7\u00e3o de 18 integrantes da organiza\u00e7\u00e3o criminosa. Agora, a investiga\u00e7\u00e3o prossegue visando o indiciamento dos respons\u00e1veis pelos crimes.<\/p>\t\t\t\t\t\t\t\t<\/div>\n\t\t\t\t<\/div>\n\t\t\t\t<div class=\"elementor-element elementor-element-0d8a95c elementor-widget elementor-widget-image\" data-id=\"0d8a95c\" data-element_type=\"widget\" data-widget_type=\"image.default\">\n\t\t\t\t<div class=\"elementor-widget-container\">\n\t\t\t\t\t\t\t\t\t\t\t\t\t\t\t<img decoding=\"async\" width=\"696\" height=\"315\" src=\"https:\/\/pc.sc.gov.br\/\/wp-content\/uploads\/2023\/01\/PC_DNSAJFDHBKNHJFJSFSDFDFDF523628925462562-1024x464.jpg\" class=\"attachment-large size-large wp-image-4350\" alt=\"viatura estacionadas de forma lateral policia penal e civil da esquerda pra direita em frente do pr\u00e9dio do presidio regional de Joinville\" srcset=\"https:\/\/pc.sc.gov.br\/\/wp-content\/uploads\/2023\/01\/PC_DNSAJFDHBKNHJFJSFSDFDFDF523628925462562-1024x464.jpg 1024w, https:\/\/pc.sc.gov.br\/\/wp-content\/uploads\/2023\/01\/PC_DNSAJFDHBKNHJFJSFSDFDFDF523628925462562-300x136.jpg 300w, https:\/\/pc.sc.gov.br\/\/wp-content\/uploads\/2023\/01\/PC_DNSAJFDHBKNHJFJSFSDFDFDF523628925462562-768x348.jpg 768w, https:\/\/pc.sc.gov.br\/\/wp-content\/uploads\/2023\/01\/PC_DNSAJFDHBKNHJFJSFSDFDFDF523628925462562.jpg 1261w\" sizes=\"(max-width: 696px) 100vw, 696px\" \/>\t\t\t\t\t\t\t\t\t\t\t\t\t\t\t<\/div>\n\t\t\t\t<\/div>\n\t\t\t\t\t<\/div>\n\t\t<\/div>\n\t\t\t\t\t<\/div>\n\t\t<\/section>\n\t\t\t\t<\/div>\n\t\t","protected":false},"excerpt":{"rendered":"<p>Pol\u00edcias Civil e Penal deflagram opera\u00e7\u00e3o \u201cIntegra\u201d e cumprem 20 mandados de busca e apreens\u00e3o no Estado Nesta sexta-feira (20), a Pol\u00edcia Civil de Santa Catarina, por meio da Delegacia de Repress\u00e3o ao Crime Organizado da Diretoria Estadual de Investiga\u00e7\u00f5es Criminais, e a Pol\u00edcia Penal deflagraram a opera\u00e7\u00e3o \u201cIntegra\u201d, visando o cumprimento de 20 mandados [&hellip;]<\/p>\n","protected":false},"author":5,"featured_media":4357,"comment_status":"closed","ping_status":"open","sticky":false,"template":"","format":"standard","meta":{"_monsterinsights_skip_tracking":false,"_monsterinsights_sitenote_active":false,"_monsterinsights_sitenote_note":"","_monsterinsights_sitenote_category":0,"footnotes":""},"categories":[1],"tags":[],"class_list":["post-4347","post","type-post","status-publish","format-standard","has-post-thumbnail","hentry","category-sem-categoria"],"_links":{"self":[{"href":"https:\/\/pc.sc.gov.br\/index.php?rest_route=\/wp\/v2\/posts\/4347","targetHints":{"allow":["GET"]}}],"collection":[{"href":"https:\/\/pc.sc.gov.br\/index.php?rest_route=\/wp\/v2\/posts"}],"about":[{"href":"https:\/\/pc.sc.gov.br\/index.php?rest_route=\/wp\/v2\/types\/post"}],"author":[{"embeddable":true,"href":"https:\/\/pc.sc.gov.br\/index.php?rest_route=\/wp\/v2\/users\/5"}],"replies":[{"embeddable":true,"href":"https:\/\/pc.sc.gov.br\/index.php?rest_route=%2Fwp%2Fv2%2Fcomments&post=4347"}],"version-history":[{"count":4,"href":"https:\/\/pc.sc.gov.br\/index.php?rest_route=\/wp\/v2\/posts\/4347\/revisions"}],"predecessor-version":[{"id":4354,"href":"https:\/\/pc.sc.gov.br\/index.php?rest_route=\/wp\/v2\/posts\/4347\/revisions\/4354"}],"wp:featuredmedia":[{"embeddable":true,"href":"https:\/\/pc.sc.gov.br\/index.php?rest_route=\/wp\/v2\/media\/4357"}],"wp:attachment":[{"href":"https:\/\/pc.sc.gov.br\/index.php?rest_route=%2Fwp%2Fv2%2Fmedia&parent=4347"}],"wp:term":[{"taxonomy":"category","embeddable":true,"href":"https:\/\/pc.sc.gov.br\/index.php?rest_route=%2Fwp%2Fv2%2Fcategories&post=4347"},{"taxonomy":"post_tag","embeddable":true,"href":"https:\/\/pc.sc.gov.br\/index.php?rest_route=%2Fwp%2Fv2%2Ftags&post=4347"}],"curies":[{"name":"wp","href":"https:\/\/api.w.org\/{rel}","templated":true}]}}