{"id":4419,"date":"2023-01-23T17:29:40","date_gmt":"2023-01-23T20:29:40","guid":{"rendered":"https:\/\/pc.sc.gov.br\/?p=4419"},"modified":"2023-01-23T17:32:17","modified_gmt":"2023-01-23T20:32:17","slug":"policia-civil-promove-acao-de-aproximacao-a-comunidade-na-cabeceira-da-ponte-hercilio-luz","status":"publish","type":"post","link":"https:\/\/pc.sc.gov.br\/?p=4419","title":{"rendered":"Pol\u00edcia Civil promove a\u00e7\u00e3o de aproxima\u00e7\u00e3o \u00e0 comunidade na cabeceira da Ponte Herc\u00edlio Luz"},"content":{"rendered":"\t\t<div data-elementor-type=\"wp-post\" data-elementor-id=\"4419\" class=\"elementor elementor-4419\" data-elementor-post-type=\"post\">\n\t\t\t\t\t\t<section class=\"elementor-section elementor-top-section elementor-element elementor-element-9199d53 elementor-section-boxed elementor-section-height-default elementor-section-height-default\" data-id=\"9199d53\" data-element_type=\"section\">\n\t\t\t\t\t\t<div class=\"elementor-container elementor-column-gap-default\">\n\t\t\t\t\t<div class=\"elementor-column elementor-col-100 elementor-top-column elementor-element elementor-element-3cb0802\" data-id=\"3cb0802\" data-element_type=\"column\">\n\t\t\t<div class=\"elementor-widget-wrap elementor-element-populated\">\n\t\t\t\t\t\t<div class=\"elementor-element elementor-element-63a5993 elementor-widget elementor-widget-heading\" data-id=\"63a5993\" data-element_type=\"widget\" data-widget_type=\"heading.default\">\n\t\t\t\t<div class=\"elementor-widget-container\">\n\t\t\t\t\t<h2 class=\"elementor-heading-title elementor-size-default\">Pol\u00edcia Civil promove a\u00e7\u00e3o de aproxima\u00e7\u00e3o \u00e0 comunidade na cabeceira da Ponte Herc\u00edlio Luz\n<\/h2>\t\t\t\t<\/div>\n\t\t\t\t<\/div>\n\t\t\t\t<div class=\"elementor-element elementor-element-5c80417 elementor-widget elementor-widget-image\" data-id=\"5c80417\" data-element_type=\"widget\" data-widget_type=\"image.default\">\n\t\t\t\t<div class=\"elementor-widget-container\">\n\t\t\t\t\t\t\t\t\t\t\t\t\t\t\t<img fetchpriority=\"high\" decoding=\"async\" width=\"1536\" height=\"1152\" src=\"https:\/\/pc.sc.gov.br\/\/wp-content\/uploads\/2023\/01\/PC_SJDBSJDJSDNSJSFSBJKFBDDSG-1536x1152.jpg\" class=\"attachment-1536x1536 size-1536x1536 wp-image-4420\" alt=\"Ponte Herc\u00edlio Luz de fundo, na frente quatro policiais e duas viaturas da Pol\u00edcia Civil\" srcset=\"https:\/\/pc.sc.gov.br\/\/wp-content\/uploads\/2023\/01\/PC_SJDBSJDJSDNSJSFSBJKFBDDSG-1536x1152.jpg 1536w, https:\/\/pc.sc.gov.br\/\/wp-content\/uploads\/2023\/01\/PC_SJDBSJDJSDNSJSFSBJKFBDDSG-300x225.jpg 300w, https:\/\/pc.sc.gov.br\/\/wp-content\/uploads\/2023\/01\/PC_SJDBSJDJSDNSJSFSBJKFBDDSG-1024x768.jpg 1024w, https:\/\/pc.sc.gov.br\/\/wp-content\/uploads\/2023\/01\/PC_SJDBSJDJSDNSJSFSBJKFBDDSG-768x576.jpg 768w, https:\/\/pc.sc.gov.br\/\/wp-content\/uploads\/2023\/01\/PC_SJDBSJDJSDNSJSFSBJKFBDDSG.jpg 1600w\" sizes=\"(max-width: 1536px) 100vw, 1536px\" \/>\t\t\t\t\t\t\t\t\t\t\t\t\t\t\t<\/div>\n\t\t\t\t<\/div>\n\t\t\t\t<div class=\"elementor-element elementor-element-34c54df elementor-widget elementor-widget-text-editor\" data-id=\"34c54df\" data-element_type=\"widget\" data-widget_type=\"text-editor.default\">\n\t\t\t\t<div class=\"elementor-widget-container\">\n\t\t\t\t\t\t\t\t\t<p>No \u00faltimo final de semana (21 e 22), a Pol\u00edcia Civil de Santa Catarina, por meio da Diretoria de Pol\u00edcia da Grande Florian\u00f3polis, da Academia de Pol\u00edcia Civil e da Delegacia de Prote\u00e7\u00e3o ao Turista, realizou mais um evento da Opera\u00e7\u00e3o \u201cVer\u00e3o Seguro\u201d de aproxima\u00e7\u00e3o da entidade policial \u00e0 sociedade catarinense.<\/p><p>Durante todo o final de semana, policiais civis estiveram no mais famoso cart\u00e3o postal da Capital, na cabeceira da Ponte Herc\u00edlio Luz, dando dicas de seguran\u00e7a aos pais para que passem com tranquilidade a temporada de f\u00e9rias de ver\u00e3o e distribuindo adesivos de Policial Civil Mirim para as crian\u00e7as.<\/p><p>Al\u00e9m disso, os pequenos puderam tirar fotografias e terem a oportunidade de conhecer uma viatura oficial de perto. Ainda durante esta temporada de ver\u00e3o novos eventos ser\u00e3o realizados.<\/p>\t\t\t\t\t\t\t\t<\/div>\n\t\t\t\t<\/div>\n\t\t\t\t<div class=\"elementor-element elementor-element-7a845eb elementor-widget elementor-widget-image\" data-id=\"7a845eb\" data-element_type=\"widget\" data-widget_type=\"image.default\">\n\t\t\t\t<div class=\"elementor-widget-container\">\n\t\t\t\t\t\t\t\t\t\t\t\t\t\t\t<img decoding=\"async\" width=\"1271\" height=\"787\" src=\"https:\/\/pc.sc.gov.br\/\/wp-content\/uploads\/2023\/01\/PC_SJDBSJDFSBJKFBDDSG.jpg\" class=\"attachment-1536x1536 size-1536x1536 wp-image-4421\" alt=\"Quatro Policiais Civis em frente a viatura ao lado deles um painel para tirar foto com a figura de crian\u00e7a vestindo roupa da policia\" srcset=\"https:\/\/pc.sc.gov.br\/\/wp-content\/uploads\/2023\/01\/PC_SJDBSJDFSBJKFBDDSG.jpg 1271w, https:\/\/pc.sc.gov.br\/\/wp-content\/uploads\/2023\/01\/PC_SJDBSJDFSBJKFBDDSG-300x186.jpg 300w, https:\/\/pc.sc.gov.br\/\/wp-content\/uploads\/2023\/01\/PC_SJDBSJDFSBJKFBDDSG-1024x634.jpg 1024w, https:\/\/pc.sc.gov.br\/\/wp-content\/uploads\/2023\/01\/PC_SJDBSJDFSBJKFBDDSG-768x476.jpg 768w\" sizes=\"(max-width: 1271px) 100vw, 1271px\" \/>\t\t\t\t\t\t\t\t\t\t\t\t\t\t\t<\/div>\n\t\t\t\t<\/div>\n\t\t\t\t\t<\/div>\n\t\t<\/div>\n\t\t\t\t\t<\/div>\n\t\t<\/section>\n\t\t\t\t<\/div>\n\t\t","protected":false},"excerpt":{"rendered":"<p>Pol\u00edcia Civil promove a\u00e7\u00e3o de aproxima\u00e7\u00e3o \u00e0 comunidade na cabeceira da Ponte Herc\u00edlio Luz No \u00faltimo final de semana (21 e 22), a Pol\u00edcia Civil de Santa Catarina, por meio da Diretoria de Pol\u00edcia da Grande Florian\u00f3polis, da Academia de Pol\u00edcia Civil e da Delegacia de Prote\u00e7\u00e3o ao Turista, realizou mais um evento da Opera\u00e7\u00e3o [&hellip;]<\/p>\n","protected":false},"author":5,"featured_media":4422,"comment_status":"closed","ping_status":"open","sticky":false,"template":"","format":"standard","meta":{"_monsterinsights_skip_tracking":false,"_monsterinsights_sitenote_active":false,"_monsterinsights_sitenote_note":"","_monsterinsights_sitenote_category":0,"footnotes":""},"categories":[1],"tags":[],"class_list":["post-4419","post","type-post","status-publish","format-standard","has-post-thumbnail","hentry","category-sem-categoria"],"_links":{"self":[{"href":"https:\/\/pc.sc.gov.br\/index.php?rest_route=\/wp\/v2\/posts\/4419","targetHints":{"allow":["GET"]}}],"collection":[{"href":"https:\/\/pc.sc.gov.br\/index.php?rest_route=\/wp\/v2\/posts"}],"about":[{"href":"https:\/\/pc.sc.gov.br\/index.php?rest_route=\/wp\/v2\/types\/post"}],"author":[{"embeddable":true,"href":"https:\/\/pc.sc.gov.br\/index.php?rest_route=\/wp\/v2\/users\/5"}],"replies":[{"embeddable":true,"href":"https:\/\/pc.sc.gov.br\/index.php?rest_route=%2Fwp%2Fv2%2Fcomments&post=4419"}],"version-history":[{"count":4,"href":"https:\/\/pc.sc.gov.br\/index.php?rest_route=\/wp\/v2\/posts\/4419\/revisions"}],"predecessor-version":[{"id":4426,"href":"https:\/\/pc.sc.gov.br\/index.php?rest_route=\/wp\/v2\/posts\/4419\/revisions\/4426"}],"wp:featuredmedia":[{"embeddable":true,"href":"https:\/\/pc.sc.gov.br\/index.php?rest_route=\/wp\/v2\/media\/4422"}],"wp:attachment":[{"href":"https:\/\/pc.sc.gov.br\/index.php?rest_route=%2Fwp%2Fv2%2Fmedia&parent=4419"}],"wp:term":[{"taxonomy":"category","embeddable":true,"href":"https:\/\/pc.sc.gov.br\/index.php?rest_route=%2Fwp%2Fv2%2Fcategories&post=4419"},{"taxonomy":"post_tag","embeddable":true,"href":"https:\/\/pc.sc.gov.br\/index.php?rest_route=%2Fwp%2Fv2%2Ftags&post=4419"}],"curies":[{"name":"wp","href":"https:\/\/api.w.org\/{rel}","templated":true}]}}