{"id":4535,"date":"2023-01-25T19:59:46","date_gmt":"2023-01-25T22:59:46","guid":{"rendered":"https:\/\/pc.sc.gov.br\/?p=4535"},"modified":"2023-01-25T20:01:05","modified_gmt":"2023-01-25T23:01:05","slug":"policia-civil-prende-homem-investigado-por-tortura-feminicidio-tentado-e-carcere-privado-em-sao-lourenco","status":"publish","type":"post","link":"https:\/\/pc.sc.gov.br\/?p=4535","title":{"rendered":"Pol\u00edcia Civil prende homem investigado por tortura, feminic\u00eddio tentado e c\u00e1rcere privado em S\u00e3o Louren\u00e7o"},"content":{"rendered":"\t\t<div data-elementor-type=\"wp-post\" data-elementor-id=\"4535\" class=\"elementor elementor-4535\" data-elementor-post-type=\"post\">\n\t\t\t\t\t\t<section class=\"elementor-section elementor-top-section elementor-element elementor-element-1d97a35 elementor-section-boxed elementor-section-height-default elementor-section-height-default\" data-id=\"1d97a35\" data-element_type=\"section\">\n\t\t\t\t\t\t<div class=\"elementor-container elementor-column-gap-default\">\n\t\t\t\t\t<div class=\"elementor-column elementor-col-100 elementor-top-column elementor-element elementor-element-83bbde4\" data-id=\"83bbde4\" data-element_type=\"column\">\n\t\t\t<div class=\"elementor-widget-wrap elementor-element-populated\">\n\t\t\t\t\t\t<div class=\"elementor-element elementor-element-a070a30 elementor-widget elementor-widget-heading\" data-id=\"a070a30\" data-element_type=\"widget\" data-widget_type=\"heading.default\">\n\t\t\t\t<div class=\"elementor-widget-container\">\n\t\t\t\t\t<h2 class=\"elementor-heading-title elementor-size-default\">Pol\u00edcia Civil prende homem investigado por tortura, feminic\u00eddio tentado e c\u00e1rcere privado em S\u00e3o Louren\u00e7o<\/h2>\t\t\t\t<\/div>\n\t\t\t\t<\/div>\n\t\t\t\t\t<\/div>\n\t\t<\/div>\n\t\t\t\t\t<\/div>\n\t\t<\/section>\n\t\t\t\t<section class=\"elementor-section elementor-top-section elementor-element elementor-element-6ae953e elementor-section-boxed elementor-section-height-default elementor-section-height-default\" data-id=\"6ae953e\" data-element_type=\"section\">\n\t\t\t\t\t\t<div class=\"elementor-container elementor-column-gap-default\">\n\t\t\t\t\t<div class=\"elementor-column elementor-col-100 elementor-top-column elementor-element elementor-element-8fffe3b\" data-id=\"8fffe3b\" data-element_type=\"column\">\n\t\t\t<div class=\"elementor-widget-wrap elementor-element-populated\">\n\t\t\t\t\t\t<div class=\"elementor-element elementor-element-44a692d elementor-widget elementor-widget-image\" data-id=\"44a692d\" data-element_type=\"widget\" data-widget_type=\"image.default\">\n\t\t\t\t<div class=\"elementor-widget-container\">\n\t\t\t\t\t\t\t\t\t\t\t\t\t\t\t<img fetchpriority=\"high\" decoding=\"async\" width=\"680\" height=\"571\" src=\"https:\/\/pc.sc.gov.br\/\/wp-content\/uploads\/2023\/01\/dfdsfgdgfd.jpg\" class=\"attachment-large size-large wp-image-4447\" alt=\"\" srcset=\"https:\/\/pc.sc.gov.br\/\/wp-content\/uploads\/2023\/01\/dfdsfgdgfd.jpg 680w, https:\/\/pc.sc.gov.br\/\/wp-content\/uploads\/2023\/01\/dfdsfgdgfd-300x252.jpg 300w\" sizes=\"(max-width: 680px) 100vw, 680px\" \/>\t\t\t\t\t\t\t\t\t\t\t\t\t\t\t<\/div>\n\t\t\t\t<\/div>\n\t\t\t\t\t<\/div>\n\t\t<\/div>\n\t\t\t\t\t<\/div>\n\t\t<\/section>\n\t\t\t\t<section class=\"elementor-section elementor-top-section elementor-element elementor-element-b0048e3 elementor-section-boxed elementor-section-height-default elementor-section-height-default\" data-id=\"b0048e3\" data-element_type=\"section\">\n\t\t\t\t\t\t<div class=\"elementor-container elementor-column-gap-default\">\n\t\t\t\t\t<div class=\"elementor-column elementor-col-100 elementor-top-column elementor-element elementor-element-879438a\" data-id=\"879438a\" data-element_type=\"column\">\n\t\t\t<div class=\"elementor-widget-wrap elementor-element-populated\">\n\t\t\t\t\t\t<div class=\"elementor-element elementor-element-6dd6bd5 elementor-widget elementor-widget-text-editor\" data-id=\"6dd6bd5\" data-element_type=\"widget\" data-widget_type=\"text-editor.default\">\n\t\t\t\t<div class=\"elementor-widget-container\">\n\t\t\t\t\t\t\t\t\t<p>\u00a0<\/p><p>Nesta quarta-feira, (25), a Pol\u00edcia Civil de Santa Catarina, por meio das Delegacias de Pol\u00edcia de Ascurra, Timb\u00f3 e de S\u00e3o Louren\u00e7o do Oeste, deu cumprimento a um mandado de pris\u00e3o preventiva expedido em desfavor de um homem pelo cometimento dos crimes de tortura, feminic\u00eddio tentado e c\u00e1rcere privado. Os crimes teriam sido praticados contra a companheira do homem, no bairro Diamante, na cidade de Rodeio.<\/p><p>A investiga\u00e7\u00e3o iniciou ap\u00f3s a v\u00edtima dar entrada a um hospital na cidade de Timb\u00f3 com m\u00faltiplas les\u00f5es graves por todo o corpo no dia 20 de janeiro de 2023. Na oportunidade, o primeiro atendimento foi prestado pela Pol\u00edcia Civil da Comarca de Timb\u00f3 e pelo delegado da Central de Plant\u00e3o da Comarca de Blumenau.<\/p><p>Durante as dilig\u00eancias, foi poss\u00edvel constatar que a v\u00edtima possu\u00eda les\u00f5es extensas por todo o corpo. A mulher informou que vinha sendo mantida em c\u00e1rcere privado por aproximadamente tr\u00eas meses e que era torturada de forma continuada por seu companheiro. Em raz\u00e3o das torturas, a v\u00edtima possu\u00eda grande corte na cabe\u00e7a, al\u00e9m de apresentar as costelas e uma das pernas quebradas.<\/p><p>Com base no apurado, foi representado ao Poder Judici\u00e1rio pela pris\u00e3o preventiva do investigado, sendo o pleito referendado pelo Minist\u00e9rio P\u00fablico. A pris\u00e3o foi decretada pelos crimes previstos nos artigos 121 \u00a72\u00ba, IV e VI, c.c. art. 14, II, art. 147, art. 148, todos do C\u00f3digo Penal; e 1\u00ba, II e \u00a74\u00ba, III, da Lei 9455\/97.<\/p><p>Desde ter\u00e7a-feira (24), quando as medidas foram deferidas pelo Poder Judici\u00e1rio, foram empreendidas diversas dilig\u00eancias com a finalidade de cumprir o mandado de pris\u00e3o, todavia, foi constatado que o investigado havia fugido para o Oeste Catarinense.\u00a0<\/p><p>Em continuidade \u00e0s investiga\u00e7\u00f5es, o suspeito foi localizado pela equipe na cidade de S\u00e3o Louren\u00e7o do Oeste, com o suporte das Delegacias da Comarca e Divis\u00e3o de Investiga\u00e7\u00e3o Criminal, quando tentava fugir de uma a\u00e7\u00e3o policial da Delegacia de Pol\u00edcia de Ascurra.<\/p><p>O preso ser\u00e1 encaminhado ao Sistema Penitenci\u00e1rio catarinense e segue \u00e0 disposi\u00e7\u00e3o do Poder Judici\u00e1rio.\u00a0<\/p><div>\u00a0<\/div>\t\t\t\t\t\t\t\t<\/div>\n\t\t\t\t<\/div>\n\t\t\t\t\t<\/div>\n\t\t<\/div>\n\t\t\t\t\t<\/div>\n\t\t<\/section>\n\t\t\t\t<\/div>\n\t\t","protected":false},"excerpt":{"rendered":"<p>Pol\u00edcia Civil prende homem investigado por tortura, feminic\u00eddio tentado e c\u00e1rcere privado em S\u00e3o Louren\u00e7o \u00a0 Nesta quarta-feira, (25), a Pol\u00edcia Civil de Santa Catarina, por meio das Delegacias de Pol\u00edcia de Ascurra, Timb\u00f3 e de S\u00e3o Louren\u00e7o do Oeste, deu cumprimento a um mandado de pris\u00e3o preventiva expedido em desfavor de um homem pelo [&hellip;]<\/p>\n","protected":false},"author":5,"featured_media":4447,"comment_status":"closed","ping_status":"open","sticky":false,"template":"","format":"standard","meta":{"_monsterinsights_skip_tracking":false,"_monsterinsights_sitenote_active":false,"_monsterinsights_sitenote_note":"","_monsterinsights_sitenote_category":0,"footnotes":""},"categories":[1],"tags":[],"class_list":["post-4535","post","type-post","status-publish","format-standard","has-post-thumbnail","hentry","category-sem-categoria"],"_links":{"self":[{"href":"https:\/\/pc.sc.gov.br\/index.php?rest_route=\/wp\/v2\/posts\/4535","targetHints":{"allow":["GET"]}}],"collection":[{"href":"https:\/\/pc.sc.gov.br\/index.php?rest_route=\/wp\/v2\/posts"}],"about":[{"href":"https:\/\/pc.sc.gov.br\/index.php?rest_route=\/wp\/v2\/types\/post"}],"author":[{"embeddable":true,"href":"https:\/\/pc.sc.gov.br\/index.php?rest_route=\/wp\/v2\/users\/5"}],"replies":[{"embeddable":true,"href":"https:\/\/pc.sc.gov.br\/index.php?rest_route=%2Fwp%2Fv2%2Fcomments&post=4535"}],"version-history":[{"count":4,"href":"https:\/\/pc.sc.gov.br\/index.php?rest_route=\/wp\/v2\/posts\/4535\/revisions"}],"predecessor-version":[{"id":4539,"href":"https:\/\/pc.sc.gov.br\/index.php?rest_route=\/wp\/v2\/posts\/4535\/revisions\/4539"}],"wp:featuredmedia":[{"embeddable":true,"href":"https:\/\/pc.sc.gov.br\/index.php?rest_route=\/wp\/v2\/media\/4447"}],"wp:attachment":[{"href":"https:\/\/pc.sc.gov.br\/index.php?rest_route=%2Fwp%2Fv2%2Fmedia&parent=4535"}],"wp:term":[{"taxonomy":"category","embeddable":true,"href":"https:\/\/pc.sc.gov.br\/index.php?rest_route=%2Fwp%2Fv2%2Fcategories&post=4535"},{"taxonomy":"post_tag","embeddable":true,"href":"https:\/\/pc.sc.gov.br\/index.php?rest_route=%2Fwp%2Fv2%2Ftags&post=4535"}],"curies":[{"name":"wp","href":"https:\/\/api.w.org\/{rel}","templated":true}]}}