{"id":4541,"date":"2023-01-26T13:49:40","date_gmt":"2023-01-26T16:49:40","guid":{"rendered":"https:\/\/pc.sc.gov.br\/?p=4541"},"modified":"2023-01-26T13:51:04","modified_gmt":"2023-01-26T16:51:04","slug":"policias-civil-e-cientifica-deflagram-operacao-ao-combate-a-exploracao-e-ao-abuso-sexual-infantil-em-joinville","status":"publish","type":"post","link":"https:\/\/pc.sc.gov.br\/?p=4541","title":{"rendered":"Pol\u00edcias Civil e Cient\u00edfica deflagram opera\u00e7\u00e3o ao combate \u00e0 explora\u00e7\u00e3o e ao abuso sexual infantil em Joinville"},"content":{"rendered":"\t\t<div data-elementor-type=\"wp-post\" data-elementor-id=\"4541\" class=\"elementor elementor-4541\" data-elementor-post-type=\"post\">\n\t\t\t\t\t\t<section class=\"elementor-section elementor-top-section elementor-element elementor-element-a549277 elementor-section-boxed elementor-section-height-default elementor-section-height-default\" data-id=\"a549277\" data-element_type=\"section\">\n\t\t\t\t\t\t<div class=\"elementor-container elementor-column-gap-default\">\n\t\t\t\t\t<div class=\"elementor-column elementor-col-100 elementor-top-column elementor-element elementor-element-bcefdef\" data-id=\"bcefdef\" data-element_type=\"column\">\n\t\t\t<div class=\"elementor-widget-wrap elementor-element-populated\">\n\t\t\t\t\t\t<div class=\"elementor-element elementor-element-7e64d86 elementor-widget elementor-widget-heading\" data-id=\"7e64d86\" data-element_type=\"widget\" data-widget_type=\"heading.default\">\n\t\t\t\t<div class=\"elementor-widget-container\">\n\t\t\t\t\t<h2 class=\"elementor-heading-title elementor-size-default\">Pol\u00edcias Civil e Cient\u00edfica deflagram opera\u00e7\u00e3o ao combate \u00e0 explora\u00e7\u00e3o e ao abuso sexual infantil em Joinville\n<\/h2>\t\t\t\t<\/div>\n\t\t\t\t<\/div>\n\t\t\t\t<div class=\"elementor-element elementor-element-62b7a70 elementor-widget elementor-widget-image\" data-id=\"62b7a70\" data-element_type=\"widget\" data-widget_type=\"image.default\">\n\t\t\t\t<div class=\"elementor-widget-container\">\n\t\t\t\t\t\t\t\t\t\t\t\t\t\t\t<img fetchpriority=\"high\" decoding=\"async\" width=\"1536\" height=\"691\" src=\"https:\/\/pc.sc.gov.br\/\/wp-content\/uploads\/2023\/01\/PC_SADHADBSAJDFFKDSNGKGMBJFBDNKJGDFKJG-1536x691.jpg\" class=\"attachment-1536x1536 size-1536x1536 wp-image-4542\" alt=\"viatura da policia cientifica e a frente dela policiais da policia cientifica e ao lado policiais civis em frente a viatura da policia civil\" srcset=\"https:\/\/pc.sc.gov.br\/\/wp-content\/uploads\/2023\/01\/PC_SADHADBSAJDFFKDSNGKGMBJFBDNKJGDFKJG-1536x691.jpg 1536w, https:\/\/pc.sc.gov.br\/\/wp-content\/uploads\/2023\/01\/PC_SADHADBSAJDFFKDSNGKGMBJFBDNKJGDFKJG-300x135.jpg 300w, https:\/\/pc.sc.gov.br\/\/wp-content\/uploads\/2023\/01\/PC_SADHADBSAJDFFKDSNGKGMBJFBDNKJGDFKJG-1024x461.jpg 1024w, https:\/\/pc.sc.gov.br\/\/wp-content\/uploads\/2023\/01\/PC_SADHADBSAJDFFKDSNGKGMBJFBDNKJGDFKJG-768x346.jpg 768w, https:\/\/pc.sc.gov.br\/\/wp-content\/uploads\/2023\/01\/PC_SADHADBSAJDFFKDSNGKGMBJFBDNKJGDFKJG.jpg 1600w\" sizes=\"(max-width: 1536px) 100vw, 1536px\" \/>\t\t\t\t\t\t\t\t\t\t\t\t\t\t\t<\/div>\n\t\t\t\t<\/div>\n\t\t\t\t<div class=\"elementor-element elementor-element-8c7507c elementor-widget elementor-widget-text-editor\" data-id=\"8c7507c\" data-element_type=\"widget\" data-widget_type=\"text-editor.default\">\n\t\t\t\t<div class=\"elementor-widget-container\">\n\t\t\t\t\t\t\t\t\t<p>Nesta quinta-feira (26), a Pol\u00edcia Civil de Santa Catarina, por meio da Delegacia de Repress\u00e3o aos Crimes de Inform\u00e1tica e do Laborat\u00f3rio de Tecnologia Cibern\u00e9tica da Diretoria Estadual de Investiga\u00e7\u00f5es Criminais, e a Pol\u00edcia Cient\u00edfica deflagraram a opera\u00e7\u00e3o \u201cAnjos da Guarda 2\u201d, visando identificar um suspeito de armazenar fotos e v\u00eddeos de conte\u00fado relacionado \u00e0 explora\u00e7\u00e3o e ao abuso sexual infantil.<\/p><p>Foi cumprido um mandado de busca e apreens\u00e3o na cidade de Joinville e, durante as buscas, foram encontrados os identificadores relacionados ao armazenamento do conte\u00fado il\u00edcito em equipamentos inform\u00e1ticos do investigado, o qual confirmou que armazenava conte\u00fado de abuso sexual infantil. Diversos equipamentos eletr\u00f4nicos do investigado foram apreendidos e foram encaminhados \u00e0 Pol\u00edcia Cient\u00edfica para realiza\u00e7\u00e3o de per\u00edcia.<\/p><p>O caso \u00e9 fruto de investiga\u00e7\u00e3o realizada pela Pol\u00edcia Civil atrav\u00e9s de den\u00fancia recebida em parceria ao Nacional Center for Missing &amp; Exploited Children, dos EUA, da Pol\u00edcia Federal e da Pol\u00edcia Civil.<\/p>\t\t\t\t\t\t\t\t<\/div>\n\t\t\t\t<\/div>\n\t\t\t\t\t<\/div>\n\t\t<\/div>\n\t\t\t\t\t<\/div>\n\t\t<\/section>\n\t\t\t\t<\/div>\n\t\t","protected":false},"excerpt":{"rendered":"<p>Pol\u00edcias Civil e Cient\u00edfica deflagram opera\u00e7\u00e3o ao combate \u00e0 explora\u00e7\u00e3o e ao abuso sexual infantil em Joinville Nesta quinta-feira (26), a Pol\u00edcia Civil de Santa Catarina, por meio da Delegacia de Repress\u00e3o aos Crimes de Inform\u00e1tica e do Laborat\u00f3rio de Tecnologia Cibern\u00e9tica da Diretoria Estadual de Investiga\u00e7\u00f5es Criminais, e a Pol\u00edcia Cient\u00edfica deflagraram a opera\u00e7\u00e3o [&hellip;]<\/p>\n","protected":false},"author":5,"featured_media":4542,"comment_status":"closed","ping_status":"open","sticky":false,"template":"","format":"standard","meta":{"_monsterinsights_skip_tracking":false,"_monsterinsights_sitenote_active":false,"_monsterinsights_sitenote_note":"","_monsterinsights_sitenote_category":0,"footnotes":""},"categories":[1],"tags":[],"class_list":["post-4541","post","type-post","status-publish","format-standard","has-post-thumbnail","hentry","category-sem-categoria"],"_links":{"self":[{"href":"https:\/\/pc.sc.gov.br\/index.php?rest_route=\/wp\/v2\/posts\/4541","targetHints":{"allow":["GET"]}}],"collection":[{"href":"https:\/\/pc.sc.gov.br\/index.php?rest_route=\/wp\/v2\/posts"}],"about":[{"href":"https:\/\/pc.sc.gov.br\/index.php?rest_route=\/wp\/v2\/types\/post"}],"author":[{"embeddable":true,"href":"https:\/\/pc.sc.gov.br\/index.php?rest_route=\/wp\/v2\/users\/5"}],"replies":[{"embeddable":true,"href":"https:\/\/pc.sc.gov.br\/index.php?rest_route=%2Fwp%2Fv2%2Fcomments&post=4541"}],"version-history":[{"count":4,"href":"https:\/\/pc.sc.gov.br\/index.php?rest_route=\/wp\/v2\/posts\/4541\/revisions"}],"predecessor-version":[{"id":4546,"href":"https:\/\/pc.sc.gov.br\/index.php?rest_route=\/wp\/v2\/posts\/4541\/revisions\/4546"}],"wp:featuredmedia":[{"embeddable":true,"href":"https:\/\/pc.sc.gov.br\/index.php?rest_route=\/wp\/v2\/media\/4542"}],"wp:attachment":[{"href":"https:\/\/pc.sc.gov.br\/index.php?rest_route=%2Fwp%2Fv2%2Fmedia&parent=4541"}],"wp:term":[{"taxonomy":"category","embeddable":true,"href":"https:\/\/pc.sc.gov.br\/index.php?rest_route=%2Fwp%2Fv2%2Fcategories&post=4541"},{"taxonomy":"post_tag","embeddable":true,"href":"https:\/\/pc.sc.gov.br\/index.php?rest_route=%2Fwp%2Fv2%2Ftags&post=4541"}],"curies":[{"name":"wp","href":"https:\/\/api.w.org\/{rel}","templated":true}]}}