{"id":4559,"date":"2023-01-26T14:18:46","date_gmt":"2023-01-26T17:18:46","guid":{"rendered":"https:\/\/pc.sc.gov.br\/?p=4559"},"modified":"2023-01-26T14:22:45","modified_gmt":"2023-01-26T17:22:45","slug":"policias-civil-e-militar-deflagram-operacao-contra-crime-organizado-e-trafico-de-drogas-na-capital","status":"publish","type":"post","link":"https:\/\/pc.sc.gov.br\/?p=4559","title":{"rendered":"Pol\u00edcias Civil e Militar deflagram opera\u00e7\u00e3o contra crime organizado e tr\u00e1fico de drogas na Capital"},"content":{"rendered":"\t\t<div data-elementor-type=\"wp-post\" data-elementor-id=\"4559\" class=\"elementor elementor-4559\" data-elementor-post-type=\"post\">\n\t\t\t\t\t\t<section class=\"elementor-section elementor-top-section elementor-element elementor-element-1cde5c7 elementor-section-boxed elementor-section-height-default elementor-section-height-default\" data-id=\"1cde5c7\" data-element_type=\"section\">\n\t\t\t\t\t\t<div class=\"elementor-container elementor-column-gap-default\">\n\t\t\t\t\t<div class=\"elementor-column elementor-col-100 elementor-top-column elementor-element elementor-element-030d5b6\" data-id=\"030d5b6\" data-element_type=\"column\">\n\t\t\t<div class=\"elementor-widget-wrap elementor-element-populated\">\n\t\t\t\t\t\t<div class=\"elementor-element elementor-element-c36eae8 elementor-widget elementor-widget-heading\" data-id=\"c36eae8\" data-element_type=\"widget\" data-widget_type=\"heading.default\">\n\t\t\t\t<div class=\"elementor-widget-container\">\n\t\t\t\t\t<h2 class=\"elementor-heading-title elementor-size-default\">Pol\u00edcias Civil e Militar deflagram opera\u00e7\u00e3o contra crime organizado e tr\u00e1fico de drogas na Capital\n<\/h2>\t\t\t\t<\/div>\n\t\t\t\t<\/div>\n\t\t\t\t<div class=\"elementor-element elementor-element-cadc50f elementor-widget elementor-widget-image\" data-id=\"cadc50f\" data-element_type=\"widget\" data-widget_type=\"image.default\">\n\t\t\t\t<div class=\"elementor-widget-container\">\n\t\t\t\t\t\t\t\t\t\t\t\t\t\t\t<img fetchpriority=\"high\" decoding=\"async\" width=\"696\" height=\"522\" src=\"https:\/\/pc.sc.gov.br\/\/wp-content\/uploads\/2023\/01\/DROGAS-E-EMBLEMA-DA-PM-E-PC-1024x768.jpg\" class=\"attachment-large size-large wp-image-4560\" alt=\"DROGAS E EMBLEMA DA POLICIA MILITAR E POLICIA CIVIL\" srcset=\"https:\/\/pc.sc.gov.br\/\/wp-content\/uploads\/2023\/01\/DROGAS-E-EMBLEMA-DA-PM-E-PC-1024x768.jpg 1024w, https:\/\/pc.sc.gov.br\/\/wp-content\/uploads\/2023\/01\/DROGAS-E-EMBLEMA-DA-PM-E-PC-300x225.jpg 300w, https:\/\/pc.sc.gov.br\/\/wp-content\/uploads\/2023\/01\/DROGAS-E-EMBLEMA-DA-PM-E-PC-768x576.jpg 768w, https:\/\/pc.sc.gov.br\/\/wp-content\/uploads\/2023\/01\/DROGAS-E-EMBLEMA-DA-PM-E-PC-1536x1152.jpg 1536w, https:\/\/pc.sc.gov.br\/\/wp-content\/uploads\/2023\/01\/DROGAS-E-EMBLEMA-DA-PM-E-PC.jpg 1600w\" sizes=\"(max-width: 696px) 100vw, 696px\" \/>\t\t\t\t\t\t\t\t\t\t\t\t\t\t\t<\/div>\n\t\t\t\t<\/div>\n\t\t\t\t<div class=\"elementor-element elementor-element-57275ba elementor-widget elementor-widget-text-editor\" data-id=\"57275ba\" data-element_type=\"widget\" data-widget_type=\"text-editor.default\">\n\t\t\t\t<div class=\"elementor-widget-container\">\n\t\t\t\t\t\t\t\t\t<p>Nesta quinta-feira (26), a Pol\u00edcia Civil, por meio da Delegacia de Combate ao Crime Organizado da Capital, e a Pol\u00edcia Militar deflagram uma opera\u00e7\u00e3o policial para coibir os crimes de integrar organiza\u00e7\u00f5es criminosas, porte ilegal de arma de fogo e tr\u00e1fico de drogas. No total, foram cumpridos dez mandados de busca e apreens\u00e3o, na regi\u00e3o do bairro Abra\u00e3o, em Florian\u00f3polis.<span style=\"font-family: var( --e-global-typography-primary-font-family ), Sans-serif; font-size: var( --e-global-typography-primary-font-size ); font-weight: var( --e-global-typography-primary-font-weight ); letter-spacing: var( --e-global-typography-primary-letter-spacing );\">&nbsp;<\/span><\/p><p>As a\u00e7\u00f5es resultaram na apreens\u00e3o de drogas e outros objetos relacionados com as investiga\u00e7\u00f5es. Participaram da opera\u00e7\u00e3o, policiais civis das Unidades da Diretoria de Pol\u00edcia da Grande Florian\u00f3polis e do N\u00facleo de Opera\u00e7\u00f5es com C\u00e3es e Policiais Militares do 22 BPM e do Canil da Pol\u00edcia Militar.<\/p>\t\t\t\t\t\t\t\t<\/div>\n\t\t\t\t<\/div>\n\t\t\t\t\t<\/div>\n\t\t<\/div>\n\t\t\t\t\t<\/div>\n\t\t<\/section>\n\t\t\t\t<\/div>\n\t\t","protected":false},"excerpt":{"rendered":"<p>Pol\u00edcias Civil e Militar deflagram opera\u00e7\u00e3o contra crime organizado e tr\u00e1fico de drogas na Capital Nesta quinta-feira (26), a Pol\u00edcia Civil, por meio da Delegacia de Combate ao Crime Organizado da Capital, e a Pol\u00edcia Militar deflagram uma opera\u00e7\u00e3o policial para coibir os crimes de integrar organiza\u00e7\u00f5es criminosas, porte ilegal de arma de fogo e [&hellip;]<\/p>\n","protected":false},"author":5,"featured_media":4566,"comment_status":"closed","ping_status":"open","sticky":false,"template":"","format":"standard","meta":{"_monsterinsights_skip_tracking":false,"_monsterinsights_sitenote_active":false,"_monsterinsights_sitenote_note":"","_monsterinsights_sitenote_category":0,"footnotes":""},"categories":[1],"tags":[],"class_list":["post-4559","post","type-post","status-publish","format-standard","has-post-thumbnail","hentry","category-sem-categoria"],"_links":{"self":[{"href":"https:\/\/pc.sc.gov.br\/index.php?rest_route=\/wp\/v2\/posts\/4559","targetHints":{"allow":["GET"]}}],"collection":[{"href":"https:\/\/pc.sc.gov.br\/index.php?rest_route=\/wp\/v2\/posts"}],"about":[{"href":"https:\/\/pc.sc.gov.br\/index.php?rest_route=\/wp\/v2\/types\/post"}],"author":[{"embeddable":true,"href":"https:\/\/pc.sc.gov.br\/index.php?rest_route=\/wp\/v2\/users\/5"}],"replies":[{"embeddable":true,"href":"https:\/\/pc.sc.gov.br\/index.php?rest_route=%2Fwp%2Fv2%2Fcomments&post=4559"}],"version-history":[{"count":4,"href":"https:\/\/pc.sc.gov.br\/index.php?rest_route=\/wp\/v2\/posts\/4559\/revisions"}],"predecessor-version":[{"id":4564,"href":"https:\/\/pc.sc.gov.br\/index.php?rest_route=\/wp\/v2\/posts\/4559\/revisions\/4564"}],"wp:featuredmedia":[{"embeddable":true,"href":"https:\/\/pc.sc.gov.br\/index.php?rest_route=\/wp\/v2\/media\/4566"}],"wp:attachment":[{"href":"https:\/\/pc.sc.gov.br\/index.php?rest_route=%2Fwp%2Fv2%2Fmedia&parent=4559"}],"wp:term":[{"taxonomy":"category","embeddable":true,"href":"https:\/\/pc.sc.gov.br\/index.php?rest_route=%2Fwp%2Fv2%2Fcategories&post=4559"},{"taxonomy":"post_tag","embeddable":true,"href":"https:\/\/pc.sc.gov.br\/index.php?rest_route=%2Fwp%2Fv2%2Ftags&post=4559"}],"curies":[{"name":"wp","href":"https:\/\/api.w.org\/{rel}","templated":true}]}}