{"id":4567,"date":"2023-01-26T15:45:15","date_gmt":"2023-01-26T18:45:15","guid":{"rendered":"https:\/\/pc.sc.gov.br\/?p=4567"},"modified":"2023-01-26T15:48:42","modified_gmt":"2023-01-26T18:48:42","slug":"policia-civil-desmantela-estabelecimento-suspeito-de-funcionar-como-desmanche-de-veiculos-em-sao-jose-e-prende-proprietario","status":"publish","type":"post","link":"https:\/\/pc.sc.gov.br\/?p=4567","title":{"rendered":"Pol\u00edcia Civil desmantela estabelecimento suspeito de funcionar como \u201cdesmanche\u201d de ve\u00edculos em S\u00e3o Jos\u00e9 e prende propriet\u00e1rio"},"content":{"rendered":"\t\t<div data-elementor-type=\"wp-post\" data-elementor-id=\"4567\" class=\"elementor elementor-4567\" data-elementor-post-type=\"post\">\n\t\t\t\t\t\t<section class=\"elementor-section elementor-top-section elementor-element elementor-element-debc864 elementor-section-boxed elementor-section-height-default elementor-section-height-default\" data-id=\"debc864\" data-element_type=\"section\">\n\t\t\t\t\t\t<div class=\"elementor-container elementor-column-gap-default\">\n\t\t\t\t\t<div class=\"elementor-column elementor-col-100 elementor-top-column elementor-element elementor-element-d54ee61\" data-id=\"d54ee61\" data-element_type=\"column\">\n\t\t\t<div class=\"elementor-widget-wrap elementor-element-populated\">\n\t\t\t\t\t\t<div class=\"elementor-element elementor-element-775ed3c elementor-widget elementor-widget-heading\" data-id=\"775ed3c\" data-element_type=\"widget\" data-widget_type=\"heading.default\">\n\t\t\t\t<div class=\"elementor-widget-container\">\n\t\t\t\t\t<h2 class=\"elementor-heading-title elementor-size-default\">Pol\u00edcia Civil desmantela estabelecimento suspeito de funcionar como \u201cdesmanche\u201d de ve\u00edculos em S\u00e3o Jos\u00e9 e prende propriet\u00e1rio\n<\/h2>\t\t\t\t<\/div>\n\t\t\t\t<\/div>\n\t\t\t\t<div class=\"elementor-element elementor-element-37490d4 elementor-widget elementor-widget-image\" data-id=\"37490d4\" data-element_type=\"widget\" data-widget_type=\"image.default\">\n\t\t\t\t<div class=\"elementor-widget-container\">\n\t\t\t\t\t\t\t\t\t\t\t\t\t\t\t<img fetchpriority=\"high\" decoding=\"async\" width=\"1536\" height=\"1149\" src=\"https:\/\/pc.sc.gov.br\/\/wp-content\/uploads\/2023\/01\/PC_SADHADBSAJDFFKDSNGKGM5415BJFB152152DNKJGDFKJG1515-1536x1149.jpg\" class=\"attachment-1536x1536 size-1536x1536 wp-image-4569\" alt=\"policial da policia civil e da policia cientifica em frente a estabelecimento\" srcset=\"https:\/\/pc.sc.gov.br\/\/wp-content\/uploads\/2023\/01\/PC_SADHADBSAJDFFKDSNGKGM5415BJFB152152DNKJGDFKJG1515-1536x1149.jpg 1536w, https:\/\/pc.sc.gov.br\/\/wp-content\/uploads\/2023\/01\/PC_SADHADBSAJDFFKDSNGKGM5415BJFB152152DNKJGDFKJG1515-300x224.jpg 300w, https:\/\/pc.sc.gov.br\/\/wp-content\/uploads\/2023\/01\/PC_SADHADBSAJDFFKDSNGKGM5415BJFB152152DNKJGDFKJG1515-1024x766.jpg 1024w, https:\/\/pc.sc.gov.br\/\/wp-content\/uploads\/2023\/01\/PC_SADHADBSAJDFFKDSNGKGM5415BJFB152152DNKJGDFKJG1515-768x575.jpg 768w, https:\/\/pc.sc.gov.br\/\/wp-content\/uploads\/2023\/01\/PC_SADHADBSAJDFFKDSNGKGM5415BJFB152152DNKJGDFKJG1515.jpg 1600w\" sizes=\"(max-width: 1536px) 100vw, 1536px\" \/>\t\t\t\t\t\t\t\t\t\t\t\t\t\t\t<\/div>\n\t\t\t\t<\/div>\n\t\t\t\t<div class=\"elementor-element elementor-element-a41519a elementor-widget elementor-widget-text-editor\" data-id=\"a41519a\" data-element_type=\"widget\" data-widget_type=\"text-editor.default\">\n\t\t\t\t<div class=\"elementor-widget-container\">\n\t\t\t\t\t\t\t\t\t<p>Na quarta-feira (25), a Pol\u00edcia Civil de Santa Catarina, por meio da Delegacia de Furtos e Roubos de Ve\u00edculos da Diretoria Estadual de Investiga\u00e7\u00f5es Criminais, juntamente da Policia Cient\u00edfica desmantelou um estabelecimento suspeito de funcionar como um \u201cdesmanche\u201d de ve\u00edculos no Bairro Barreiros, em S\u00e3o Jos\u00e9. A a\u00e7\u00e3o foi executada em continuidade \u00e0s investiga\u00e7\u00f5es referentes a furto, roubo e com\u00e9rcio irregular de pe\u00e7as de ve\u00edculos.<\/p><p>Durante a dilig\u00eancias foram localizadas partes de dois ve\u00edculos com registro de furto ou\/e roubo em S\u00e3o Paulo e Porto Alegre, no ano de 2022, al\u00e9m de partes e pe\u00e7as de outros ve\u00edculos com sinais suprimidos, sem identifica\u00e7\u00e3o e origem definida.<\/p><p>O propriet\u00e1rio do local e os bens apreendidos foram conduzidos \u00e0 sede da DEIC para formaliza\u00e7\u00e3o dos procedimentos. O homem foi preso em flagrante por recepta\u00e7\u00e3o qualificada.<\/p>\t\t\t\t\t\t\t\t<\/div>\n\t\t\t\t<\/div>\n\t\t\t\t<div class=\"elementor-element elementor-element-83a280b elementor-widget elementor-widget-image\" data-id=\"83a280b\" data-element_type=\"widget\" data-widget_type=\"image.default\">\n\t\t\t\t<div class=\"elementor-widget-container\">\n\t\t\t\t\t\t\t\t\t\t\t\t\t\t\t<img decoding=\"async\" width=\"696\" height=\"522\" src=\"https:\/\/pc.sc.gov.br\/\/wp-content\/uploads\/2023\/01\/PC_SADHADBSAJDFFKDSNGKGM5415BJFB152152DNKJGDFKJG15155215-1024x768.jpg\" class=\"attachment-large size-large wp-image-4568\" alt=\"carro danificado\" srcset=\"https:\/\/pc.sc.gov.br\/\/wp-content\/uploads\/2023\/01\/PC_SADHADBSAJDFFKDSNGKGM5415BJFB152152DNKJGDFKJG15155215-1024x768.jpg 1024w, https:\/\/pc.sc.gov.br\/\/wp-content\/uploads\/2023\/01\/PC_SADHADBSAJDFFKDSNGKGM5415BJFB152152DNKJGDFKJG15155215-300x225.jpg 300w, https:\/\/pc.sc.gov.br\/\/wp-content\/uploads\/2023\/01\/PC_SADHADBSAJDFFKDSNGKGM5415BJFB152152DNKJGDFKJG15155215-768x576.jpg 768w, https:\/\/pc.sc.gov.br\/\/wp-content\/uploads\/2023\/01\/PC_SADHADBSAJDFFKDSNGKGM5415BJFB152152DNKJGDFKJG15155215-1536x1152.jpg 1536w, https:\/\/pc.sc.gov.br\/\/wp-content\/uploads\/2023\/01\/PC_SADHADBSAJDFFKDSNGKGM5415BJFB152152DNKJGDFKJG15155215.jpg 1600w\" sizes=\"(max-width: 696px) 100vw, 696px\" \/>\t\t\t\t\t\t\t\t\t\t\t\t\t\t\t<\/div>\n\t\t\t\t<\/div>\n\t\t\t\t<div class=\"elementor-element elementor-element-e56f783 elementor-widget elementor-widget-image\" data-id=\"e56f783\" data-element_type=\"widget\" data-widget_type=\"image.default\">\n\t\t\t\t<div class=\"elementor-widget-container\">\n\t\t\t\t\t\t\t\t\t\t\t\t\t\t\t<img decoding=\"async\" width=\"696\" height=\"521\" src=\"https:\/\/pc.sc.gov.br\/\/wp-content\/uploads\/2023\/01\/PC_SADHADBSAJDFFKDSNGKGM5415BJFB152152DNKJGDFKJG-1024x766.jpg\" class=\"attachment-large size-large wp-image-4570\" alt=\"dois policiais da policia cientifica e um policial civil pr\u00f3ximo a parte de carros desmontados nas paredes\" srcset=\"https:\/\/pc.sc.gov.br\/\/wp-content\/uploads\/2023\/01\/PC_SADHADBSAJDFFKDSNGKGM5415BJFB152152DNKJGDFKJG-1024x766.jpg 1024w, https:\/\/pc.sc.gov.br\/\/wp-content\/uploads\/2023\/01\/PC_SADHADBSAJDFFKDSNGKGM5415BJFB152152DNKJGDFKJG-300x224.jpg 300w, https:\/\/pc.sc.gov.br\/\/wp-content\/uploads\/2023\/01\/PC_SADHADBSAJDFFKDSNGKGM5415BJFB152152DNKJGDFKJG-768x575.jpg 768w, https:\/\/pc.sc.gov.br\/\/wp-content\/uploads\/2023\/01\/PC_SADHADBSAJDFFKDSNGKGM5415BJFB152152DNKJGDFKJG-1536x1149.jpg 1536w, https:\/\/pc.sc.gov.br\/\/wp-content\/uploads\/2023\/01\/PC_SADHADBSAJDFFKDSNGKGM5415BJFB152152DNKJGDFKJG.jpg 1600w\" sizes=\"(max-width: 696px) 100vw, 696px\" \/>\t\t\t\t\t\t\t\t\t\t\t\t\t\t\t<\/div>\n\t\t\t\t<\/div>\n\t\t\t\t\t<\/div>\n\t\t<\/div>\n\t\t\t\t\t<\/div>\n\t\t<\/section>\n\t\t\t\t<\/div>\n\t\t","protected":false},"excerpt":{"rendered":"<p>Pol\u00edcia Civil desmantela estabelecimento suspeito de funcionar como \u201cdesmanche\u201d de ve\u00edculos em S\u00e3o Jos\u00e9 e prende propriet\u00e1rio Na quarta-feira (25), a Pol\u00edcia Civil de Santa Catarina, por meio da Delegacia de Furtos e Roubos de Ve\u00edculos da Diretoria Estadual de Investiga\u00e7\u00f5es Criminais, juntamente da Policia Cient\u00edfica desmantelou um estabelecimento suspeito de funcionar como um \u201cdesmanche\u201d [&hellip;]<\/p>\n","protected":false},"author":5,"featured_media":4569,"comment_status":"closed","ping_status":"open","sticky":false,"template":"","format":"standard","meta":{"_monsterinsights_skip_tracking":false,"_monsterinsights_sitenote_active":false,"_monsterinsights_sitenote_note":"","_monsterinsights_sitenote_category":0,"footnotes":""},"categories":[1],"tags":[],"class_list":["post-4567","post","type-post","status-publish","format-standard","has-post-thumbnail","hentry","category-sem-categoria"],"_links":{"self":[{"href":"https:\/\/pc.sc.gov.br\/index.php?rest_route=\/wp\/v2\/posts\/4567","targetHints":{"allow":["GET"]}}],"collection":[{"href":"https:\/\/pc.sc.gov.br\/index.php?rest_route=\/wp\/v2\/posts"}],"about":[{"href":"https:\/\/pc.sc.gov.br\/index.php?rest_route=\/wp\/v2\/types\/post"}],"author":[{"embeddable":true,"href":"https:\/\/pc.sc.gov.br\/index.php?rest_route=\/wp\/v2\/users\/5"}],"replies":[{"embeddable":true,"href":"https:\/\/pc.sc.gov.br\/index.php?rest_route=%2Fwp%2Fv2%2Fcomments&post=4567"}],"version-history":[{"count":4,"href":"https:\/\/pc.sc.gov.br\/index.php?rest_route=\/wp\/v2\/posts\/4567\/revisions"}],"predecessor-version":[{"id":4574,"href":"https:\/\/pc.sc.gov.br\/index.php?rest_route=\/wp\/v2\/posts\/4567\/revisions\/4574"}],"wp:featuredmedia":[{"embeddable":true,"href":"https:\/\/pc.sc.gov.br\/index.php?rest_route=\/wp\/v2\/media\/4569"}],"wp:attachment":[{"href":"https:\/\/pc.sc.gov.br\/index.php?rest_route=%2Fwp%2Fv2%2Fmedia&parent=4567"}],"wp:term":[{"taxonomy":"category","embeddable":true,"href":"https:\/\/pc.sc.gov.br\/index.php?rest_route=%2Fwp%2Fv2%2Fcategories&post=4567"},{"taxonomy":"post_tag","embeddable":true,"href":"https:\/\/pc.sc.gov.br\/index.php?rest_route=%2Fwp%2Fv2%2Ftags&post=4567"}],"curies":[{"name":"wp","href":"https:\/\/api.w.org\/{rel}","templated":true}]}}