{"id":4575,"date":"2023-01-26T18:00:47","date_gmt":"2023-01-26T21:00:47","guid":{"rendered":"https:\/\/pc.sc.gov.br\/?p=4575"},"modified":"2023-01-26T18:03:54","modified_gmt":"2023-01-26T21:03:54","slug":"policia-civil-e-receita-federal-apreendem-mais-de-100-comprimidos-de-ecstasy-na-capital","status":"publish","type":"post","link":"https:\/\/pc.sc.gov.br\/?p=4575","title":{"rendered":"Pol\u00edcia Civil e Receita Federal apreendem mais de 100 comprimidos de ecstasy na Capital"},"content":{"rendered":"\t\t<div data-elementor-type=\"wp-post\" data-elementor-id=\"4575\" class=\"elementor elementor-4575\" data-elementor-post-type=\"post\">\n\t\t\t\t\t\t<section class=\"elementor-section elementor-top-section elementor-element elementor-element-093283e elementor-section-boxed elementor-section-height-default elementor-section-height-default\" data-id=\"093283e\" data-element_type=\"section\">\n\t\t\t\t\t\t<div class=\"elementor-container elementor-column-gap-default\">\n\t\t\t\t\t<div class=\"elementor-column elementor-col-100 elementor-top-column elementor-element elementor-element-cb20b04\" data-id=\"cb20b04\" data-element_type=\"column\">\n\t\t\t<div class=\"elementor-widget-wrap elementor-element-populated\">\n\t\t\t\t\t\t<div class=\"elementor-element elementor-element-723e240 elementor-widget elementor-widget-heading\" data-id=\"723e240\" data-element_type=\"widget\" data-widget_type=\"heading.default\">\n\t\t\t\t<div class=\"elementor-widget-container\">\n\t\t\t\t\t<h2 class=\"elementor-heading-title elementor-size-default\">Pol\u00edcia Civil e Receita Federal apreendem mais de 100 comprimidos de ecstasy na Capital\n<\/h2>\t\t\t\t<\/div>\n\t\t\t\t<\/div>\n\t\t\t\t<div class=\"elementor-element elementor-element-56b9e77 elementor-widget elementor-widget-image\" data-id=\"56b9e77\" data-element_type=\"widget\" data-widget_type=\"image.default\">\n\t\t\t\t<div class=\"elementor-widget-container\">\n\t\t\t\t\t\t\t\t\t\t\t\t\t\t\t<img fetchpriority=\"high\" decoding=\"async\" width=\"696\" height=\"961\" src=\"https:\/\/pc.sc.gov.br\/\/wp-content\/uploads\/2023\/01\/PC_SADHADBSAJDKDSNGKGM5415BJFB152152DNKJGDFKJG-742x1024.jpg\" class=\"attachment-large size-large wp-image-4576\" alt=\"BANNer da Pol\u00edcia Civil da Delegacia de Combate \u00e0s Drogas, dois emblemas da Receita Federal, um emblema da Coordenadoraria de Opera\u00e7\u00f5es Policiais com c\u00e3es e comprimidos de ecstasy\" srcset=\"https:\/\/pc.sc.gov.br\/\/wp-content\/uploads\/2023\/01\/PC_SADHADBSAJDKDSNGKGM5415BJFB152152DNKJGDFKJG-742x1024.jpg 742w, https:\/\/pc.sc.gov.br\/\/wp-content\/uploads\/2023\/01\/PC_SADHADBSAJDKDSNGKGM5415BJFB152152DNKJGDFKJG-217x300.jpg 217w, https:\/\/pc.sc.gov.br\/\/wp-content\/uploads\/2023\/01\/PC_SADHADBSAJDKDSNGKGM5415BJFB152152DNKJGDFKJG-768x1060.jpg 768w, https:\/\/pc.sc.gov.br\/\/wp-content\/uploads\/2023\/01\/PC_SADHADBSAJDKDSNGKGM5415BJFB152152DNKJGDFKJG.jpg 927w\" sizes=\"(max-width: 696px) 100vw, 696px\" \/>\t\t\t\t\t\t\t\t\t\t\t\t\t\t\t<\/div>\n\t\t\t\t<\/div>\n\t\t\t\t<div class=\"elementor-element elementor-element-550baa8 elementor-widget elementor-widget-text-editor\" data-id=\"550baa8\" data-element_type=\"widget\" data-widget_type=\"text-editor.default\">\n\t\t\t\t<div class=\"elementor-widget-container\">\n\t\t\t\t\t\t\t\t\t<p>Nesta quinta-feira (26), a Pol\u00edcia Civil de Santa Catarina, por meio da Delegacia de Pol\u00edcia de Combate \u00e0s Drogas da Capital e a Coordenadoria de Opera\u00e7\u00f5es Policiais com C\u00e3es, e a Receita Federal apreenderam mais de 100 comprimidos de ecstasy em uma transportadora de objetos sediada em Florian\u00f3polis.<\/p>\n<p>H\u00e1 alguns meses a Pol\u00edcia Civil e a Receita Federal est\u00e3o monitorando a remessa de drogas sint\u00e9ticas para outros estados, sendo que, hoje, foi poss\u00edvel realizar a apreens\u00e3o da referida droga com auxilio do N\u00facleo de Opera\u00e7\u00f5es com C\u00e3es. As investiga\u00e7\u00f5es prosseguem no intuito de identificar os remetentes.<\/p>\t\t\t\t\t\t\t\t<\/div>\n\t\t\t\t<\/div>\n\t\t\t\t\t<\/div>\n\t\t<\/div>\n\t\t\t\t\t<\/div>\n\t\t<\/section>\n\t\t\t\t<\/div>\n\t\t","protected":false},"excerpt":{"rendered":"<p>Pol\u00edcia Civil e Receita Federal apreendem mais de 100 comprimidos de ecstasy na Capital Nesta quinta-feira (26), a Pol\u00edcia Civil de Santa Catarina, por meio da Delegacia de Pol\u00edcia de Combate \u00e0s Drogas da Capital e a Coordenadoria de Opera\u00e7\u00f5es Policiais com C\u00e3es, e a Receita Federal apreenderam mais de 100 comprimidos de ecstasy em [&hellip;]<\/p>\n","protected":false},"author":5,"featured_media":4576,"comment_status":"closed","ping_status":"open","sticky":false,"template":"","format":"standard","meta":{"_monsterinsights_skip_tracking":false,"_monsterinsights_sitenote_active":false,"_monsterinsights_sitenote_note":"","_monsterinsights_sitenote_category":0,"footnotes":""},"categories":[1],"tags":[],"class_list":["post-4575","post","type-post","status-publish","format-standard","has-post-thumbnail","hentry","category-sem-categoria"],"_links":{"self":[{"href":"https:\/\/pc.sc.gov.br\/index.php?rest_route=\/wp\/v2\/posts\/4575","targetHints":{"allow":["GET"]}}],"collection":[{"href":"https:\/\/pc.sc.gov.br\/index.php?rest_route=\/wp\/v2\/posts"}],"about":[{"href":"https:\/\/pc.sc.gov.br\/index.php?rest_route=\/wp\/v2\/types\/post"}],"author":[{"embeddable":true,"href":"https:\/\/pc.sc.gov.br\/index.php?rest_route=\/wp\/v2\/users\/5"}],"replies":[{"embeddable":true,"href":"https:\/\/pc.sc.gov.br\/index.php?rest_route=%2Fwp%2Fv2%2Fcomments&post=4575"}],"version-history":[{"count":4,"href":"https:\/\/pc.sc.gov.br\/index.php?rest_route=\/wp\/v2\/posts\/4575\/revisions"}],"predecessor-version":[{"id":4580,"href":"https:\/\/pc.sc.gov.br\/index.php?rest_route=\/wp\/v2\/posts\/4575\/revisions\/4580"}],"wp:featuredmedia":[{"embeddable":true,"href":"https:\/\/pc.sc.gov.br\/index.php?rest_route=\/wp\/v2\/media\/4576"}],"wp:attachment":[{"href":"https:\/\/pc.sc.gov.br\/index.php?rest_route=%2Fwp%2Fv2%2Fmedia&parent=4575"}],"wp:term":[{"taxonomy":"category","embeddable":true,"href":"https:\/\/pc.sc.gov.br\/index.php?rest_route=%2Fwp%2Fv2%2Fcategories&post=4575"},{"taxonomy":"post_tag","embeddable":true,"href":"https:\/\/pc.sc.gov.br\/index.php?rest_route=%2Fwp%2Fv2%2Ftags&post=4575"}],"curies":[{"name":"wp","href":"https:\/\/api.w.org\/{rel}","templated":true}]}}