{"id":4613,"date":"2023-01-27T14:01:19","date_gmt":"2023-01-27T17:01:19","guid":{"rendered":"https:\/\/pc.sc.gov.br\/?p=4613"},"modified":"2023-01-27T14:13:01","modified_gmt":"2023-01-27T17:13:01","slug":"elementor-4613","status":"publish","type":"post","link":"https:\/\/pc.sc.gov.br\/?p=4613","title":{"rendered":"Pol\u00edcia Civil concluiu investiga\u00e7\u00e3o contra integrantes de organiza\u00e7\u00e3o criminosa que torturaram e amputaram dedos de homem julgado inimigo da fac\u00e7\u00e3o em Lages"},"content":{"rendered":"\t\t<div data-elementor-type=\"wp-post\" data-elementor-id=\"4613\" class=\"elementor elementor-4613\" data-elementor-post-type=\"post\">\n\t\t\t\t\t\t<section class=\"elementor-section elementor-top-section elementor-element elementor-element-de77b97 elementor-section-boxed elementor-section-height-default elementor-section-height-default\" data-id=\"de77b97\" data-element_type=\"section\">\n\t\t\t\t\t\t<div class=\"elementor-container elementor-column-gap-default\">\n\t\t\t\t\t<div class=\"elementor-column elementor-col-100 elementor-top-column elementor-element elementor-element-4cf701b\" data-id=\"4cf701b\" data-element_type=\"column\">\n\t\t\t<div class=\"elementor-widget-wrap elementor-element-populated\">\n\t\t\t\t\t\t<div class=\"elementor-element elementor-element-2f236a8 elementor-widget elementor-widget-heading\" data-id=\"2f236a8\" data-element_type=\"widget\" data-widget_type=\"heading.default\">\n\t\t\t\t<div class=\"elementor-widget-container\">\n\t\t\t\t\t<h2 class=\"elementor-heading-title elementor-size-default\">Pol\u00edcia Civil concluiu investiga\u00e7\u00e3o contra integrantes de organiza\u00e7\u00e3o criminosa que torturaram e amputaram dedos de homem julgado inimigo da fac\u00e7\u00e3o em Lages<\/h2>\t\t\t\t<\/div>\n\t\t\t\t<\/div>\n\t\t\t\t\t<\/div>\n\t\t<\/div>\n\t\t\t\t\t<\/div>\n\t\t<\/section>\n\t\t\t\t<section class=\"elementor-section elementor-top-section elementor-element elementor-element-0d04de1 elementor-section-boxed elementor-section-height-default elementor-section-height-default\" data-id=\"0d04de1\" data-element_type=\"section\">\n\t\t\t\t\t\t<div class=\"elementor-container elementor-column-gap-default\">\n\t\t\t\t\t<div class=\"elementor-column elementor-col-100 elementor-top-column elementor-element elementor-element-91f519e\" data-id=\"91f519e\" data-element_type=\"column\">\n\t\t\t<div class=\"elementor-widget-wrap elementor-element-populated\">\n\t\t\t\t\t\t<div class=\"elementor-element elementor-element-56fd0e4 elementor-widget elementor-widget-image\" data-id=\"56fd0e4\" data-element_type=\"widget\" data-widget_type=\"image.default\">\n\t\t\t\t<div class=\"elementor-widget-container\">\n\t\t\t\t\t\t\t\t\t\t\t\t\t\t\t<img fetchpriority=\"high\" decoding=\"async\" width=\"680\" height=\"453\" src=\"https:\/\/pc.sc.gov.br\/\/wp-content\/uploads\/2022\/12\/VIATURA_07.jpg\" class=\"attachment-large size-large wp-image-2554\" alt=\"sol encima de viatura da policia civil\" srcset=\"https:\/\/pc.sc.gov.br\/\/wp-content\/uploads\/2022\/12\/VIATURA_07.jpg 680w, https:\/\/pc.sc.gov.br\/\/wp-content\/uploads\/2022\/12\/VIATURA_07-300x200.jpg 300w\" sizes=\"(max-width: 680px) 100vw, 680px\" \/>\t\t\t\t\t\t\t\t\t\t\t\t\t\t\t<\/div>\n\t\t\t\t<\/div>\n\t\t\t\t\t<\/div>\n\t\t<\/div>\n\t\t\t\t\t<\/div>\n\t\t<\/section>\n\t\t\t\t<section class=\"elementor-section elementor-top-section elementor-element elementor-element-e7e3918 elementor-section-boxed elementor-section-height-default elementor-section-height-default\" data-id=\"e7e3918\" data-element_type=\"section\">\n\t\t\t\t\t\t<div class=\"elementor-container elementor-column-gap-default\">\n\t\t\t\t\t<div class=\"elementor-column elementor-col-100 elementor-top-column elementor-element elementor-element-47fd296\" data-id=\"47fd296\" data-element_type=\"column\">\n\t\t\t<div class=\"elementor-widget-wrap elementor-element-populated\">\n\t\t\t\t\t\t<div class=\"elementor-element elementor-element-a0d846e elementor-widget elementor-widget-text-editor\" data-id=\"a0d846e\" data-element_type=\"widget\" data-widget_type=\"text-editor.default\">\n\t\t\t\t<div class=\"elementor-widget-container\">\n\t\t\t\t\t\t\t\t\t<p>Lages encerrou inqu\u00e9rito policial que apurou crimes de organiza\u00e7\u00e3o criminosa, tortura e corrup\u00e7\u00e3o de menores em face de indiv\u00edduos que torturaram uma v\u00edtima considerada membro de fac\u00e7\u00e3o rival no bairro Morro do Posto, em Lages.<\/p><p>As investiga\u00e7\u00f5es identificaram cinco integrantes de uma organiza\u00e7\u00e3o criminosa que, ap\u00f3s julgarem e considerarem um homem como integrante de uma fac\u00e7\u00e3o rival, o torturaram, com uma sess\u00e3o de agress\u00f5es, queimaram seu corpo com pl\u00e1stico derretido e cortaram tr\u00eas dedos da sua m\u00e3o com uma p\u00e1.<\/p><p>Participaram do crime dois homens, uma mulher e dois menores. Os homens foram presos, a mulher est\u00e1 sob medida cautelar de monitoramento eletr\u00f4nico.<\/p><p>C\u00f3pia do procedimento foi encaminhada para a Delegacia de Prote\u00e7\u00e3o \u00e0 Mulher, \u00e0 Crian\u00e7a, ao Adolescente e ao Idoso &#8211; DPCAMI, para provid\u00eancias legais.<\/p><p><span style=\"font-family: var( --e-global-typography-primary-font-family ), Sans-serif; font-size: var( --e-global-typography-primary-font-size ); font-weight: var( --e-global-typography-primary-font-weight ); letter-spacing: var( --e-global-typography-primary-letter-spacing );\">Os maiores foram indiciados pelos crimes de organiza\u00e7\u00e3o criminosa, tortura qualificada e corrup\u00e7\u00e3o de menores.<\/span><\/p><p>Os autos foram encaminhados \u00e0 Justi\u00e7a, onde aguarda an\u00e1lise do Minist\u00e9rio P\u00fablico para oferecimento da den\u00fancia e in\u00edcio do processo.<\/p>\t\t\t\t\t\t\t\t<\/div>\n\t\t\t\t<\/div>\n\t\t\t\t\t<\/div>\n\t\t<\/div>\n\t\t\t\t\t<\/div>\n\t\t<\/section>\n\t\t\t\t<\/div>\n\t\t","protected":false},"excerpt":{"rendered":"<p>Pol\u00edcia Civil concluiu investiga\u00e7\u00e3o contra integrantes de organiza\u00e7\u00e3o criminosa que torturaram e amputaram dedos de homem julgado inimigo da fac\u00e7\u00e3o em Lages Lages encerrou inqu\u00e9rito policial que apurou crimes de organiza\u00e7\u00e3o criminosa, tortura e corrup\u00e7\u00e3o de menores em face de indiv\u00edduos que torturaram uma v\u00edtima considerada membro de fac\u00e7\u00e3o rival no bairro Morro do Posto, [&hellip;]<\/p>\n","protected":false},"author":5,"featured_media":2554,"comment_status":"closed","ping_status":"open","sticky":false,"template":"","format":"standard","meta":{"_monsterinsights_skip_tracking":false,"_monsterinsights_sitenote_active":false,"_monsterinsights_sitenote_note":"","_monsterinsights_sitenote_category":0,"footnotes":""},"categories":[1],"tags":[],"class_list":["post-4613","post","type-post","status-publish","format-standard","has-post-thumbnail","hentry","category-sem-categoria"],"_links":{"self":[{"href":"https:\/\/pc.sc.gov.br\/index.php?rest_route=\/wp\/v2\/posts\/4613","targetHints":{"allow":["GET"]}}],"collection":[{"href":"https:\/\/pc.sc.gov.br\/index.php?rest_route=\/wp\/v2\/posts"}],"about":[{"href":"https:\/\/pc.sc.gov.br\/index.php?rest_route=\/wp\/v2\/types\/post"}],"author":[{"embeddable":true,"href":"https:\/\/pc.sc.gov.br\/index.php?rest_route=\/wp\/v2\/users\/5"}],"replies":[{"embeddable":true,"href":"https:\/\/pc.sc.gov.br\/index.php?rest_route=%2Fwp%2Fv2%2Fcomments&post=4613"}],"version-history":[{"count":22,"href":"https:\/\/pc.sc.gov.br\/index.php?rest_route=\/wp\/v2\/posts\/4613\/revisions"}],"predecessor-version":[{"id":4635,"href":"https:\/\/pc.sc.gov.br\/index.php?rest_route=\/wp\/v2\/posts\/4613\/revisions\/4635"}],"wp:featuredmedia":[{"embeddable":true,"href":"https:\/\/pc.sc.gov.br\/index.php?rest_route=\/wp\/v2\/media\/2554"}],"wp:attachment":[{"href":"https:\/\/pc.sc.gov.br\/index.php?rest_route=%2Fwp%2Fv2%2Fmedia&parent=4613"}],"wp:term":[{"taxonomy":"category","embeddable":true,"href":"https:\/\/pc.sc.gov.br\/index.php?rest_route=%2Fwp%2Fv2%2Fcategories&post=4613"},{"taxonomy":"post_tag","embeddable":true,"href":"https:\/\/pc.sc.gov.br\/index.php?rest_route=%2Fwp%2Fv2%2Ftags&post=4613"}],"curies":[{"name":"wp","href":"https:\/\/api.w.org\/{rel}","templated":true}]}}