{"id":4636,"date":"2023-01-27T14:47:06","date_gmt":"2023-01-27T17:47:06","guid":{"rendered":"https:\/\/pc.sc.gov.br\/?p=4636"},"modified":"2023-01-27T14:49:32","modified_gmt":"2023-01-27T17:49:32","slug":"policia-civil-prende-tres-homens-suspeitos-de-estarem-envolvidos-em-homicidio-de-idoso-em-cocal-do-sul","status":"publish","type":"post","link":"https:\/\/pc.sc.gov.br\/?p=4636","title":{"rendered":"Pol\u00edcia Civil prende tr\u00eas homens suspeitos de estarem envolvidos em homic\u00eddio de idoso em Cocal do Sul"},"content":{"rendered":"\t\t<div data-elementor-type=\"wp-post\" data-elementor-id=\"4636\" class=\"elementor elementor-4636\" data-elementor-post-type=\"post\">\n\t\t\t\t\t\t<section class=\"elementor-section elementor-top-section elementor-element elementor-element-f4d4203 elementor-section-boxed elementor-section-height-default elementor-section-height-default\" data-id=\"f4d4203\" data-element_type=\"section\">\n\t\t\t\t\t\t<div class=\"elementor-container elementor-column-gap-default\">\n\t\t\t\t\t<div class=\"elementor-column elementor-col-100 elementor-top-column elementor-element elementor-element-160d304\" data-id=\"160d304\" data-element_type=\"column\">\n\t\t\t<div class=\"elementor-widget-wrap\">\n\t\t\t\t\t\t\t<\/div>\n\t\t<\/div>\n\t\t\t\t\t<\/div>\n\t\t<\/section>\n\t\t\t\t<section class=\"elementor-section elementor-top-section elementor-element elementor-element-05802de elementor-section-boxed elementor-section-height-default elementor-section-height-default\" data-id=\"05802de\" data-element_type=\"section\">\n\t\t\t\t\t\t<div class=\"elementor-container elementor-column-gap-default\">\n\t\t\t\t\t<div class=\"elementor-column elementor-col-100 elementor-top-column elementor-element elementor-element-92d2b53\" data-id=\"92d2b53\" data-element_type=\"column\">\n\t\t\t<div class=\"elementor-widget-wrap elementor-element-populated\">\n\t\t\t\t\t\t<div class=\"elementor-element elementor-element-fecdb18 elementor-widget elementor-widget-heading\" data-id=\"fecdb18\" data-element_type=\"widget\" data-widget_type=\"heading.default\">\n\t\t\t\t<div class=\"elementor-widget-container\">\n\t\t\t\t\t<h2 class=\"elementor-heading-title elementor-size-default\">Pol\u00edcia Civil prende tr\u00eas homens suspeitos de estarem envolvidos em homic\u00eddio de idoso em Cocal do Sul<\/h2>\t\t\t\t<\/div>\n\t\t\t\t<\/div>\n\t\t\t\t<div class=\"elementor-element elementor-element-7114ed7 elementor-widget elementor-widget-image\" data-id=\"7114ed7\" data-element_type=\"widget\" data-widget_type=\"image.default\">\n\t\t\t\t<div class=\"elementor-widget-container\">\n\t\t\t\t\t\t\t\t\t\t\t\t\t\t\t<img fetchpriority=\"high\" decoding=\"async\" width=\"680\" height=\"680\" src=\"https:\/\/pc.sc.gov.br\/\/wp-content\/uploads\/2022\/12\/VIATURAS_02.jpg\" class=\"attachment-large size-large wp-image-2548\" alt=\"viaturas com sirene ligada\" srcset=\"https:\/\/pc.sc.gov.br\/\/wp-content\/uploads\/2022\/12\/VIATURAS_02.jpg 680w, https:\/\/pc.sc.gov.br\/\/wp-content\/uploads\/2022\/12\/VIATURAS_02-300x300.jpg 300w, https:\/\/pc.sc.gov.br\/\/wp-content\/uploads\/2022\/12\/VIATURAS_02-150x150.jpg 150w\" sizes=\"(max-width: 680px) 100vw, 680px\" \/>\t\t\t\t\t\t\t\t\t\t\t\t\t\t\t<\/div>\n\t\t\t\t<\/div>\n\t\t\t\t<div class=\"elementor-element elementor-element-a1a8378 elementor-widget elementor-widget-text-editor\" data-id=\"a1a8378\" data-element_type=\"widget\" data-widget_type=\"text-editor.default\">\n\t\t\t\t<div class=\"elementor-widget-container\">\n\t\t\t\t\t\t\t\t\t<p>Pol\u00edcia Civil prende tr\u00eas homens suspeitos de estarem envolvidos em homic\u00eddio de idoso em Cocal do Sul<\/p>\n<p>Nesta sexta-feira (27), Pol\u00edcia Civil de Santa Catarina, por meio da Delegacia do Munic\u00edpio de Cocal do Sul, deu cumprimento a tr\u00eas mandados de pris\u00e3o tempor\u00e1ria em desfavor de tr\u00eas suspeitos de estarem envolvidos no homic\u00eddio de um idoso. O crime teria acontecido com tr\u00eas disparos de arma de fogo, no dia 10 de janeiro deste ano, em Cocal do Sul.<\/p><p><span style=\"font-family: var( --e-global-typography-primary-font-family ), Sans-serif; font-size: var( --e-global-typography-primary-font-size ); font-weight: var( --e-global-typography-primary-font-weight ); letter-spacing: var( --e-global-typography-primary-letter-spacing );\">Entre os tr\u00eas presos hoje, um deles teria participado do crime como mandante, o outro teria atra\u00eddo a v\u00edtima para o local do crime e o outro teria efetuado os disparos de arma de fogo. A a\u00e7\u00e3o contou com o apoio das delegacias de Pol\u00edcia das Comarcas de Urussanga e Morro da Fuma\u00e7a e da Pol\u00edcia Militar de Cocal do Sul.<\/span><\/p>\t\t\t\t\t\t\t\t<\/div>\n\t\t\t\t<\/div>\n\t\t\t\t\t<\/div>\n\t\t<\/div>\n\t\t\t\t\t<\/div>\n\t\t<\/section>\n\t\t\t\t<section class=\"elementor-section elementor-top-section elementor-element elementor-element-226a1bd elementor-section-boxed elementor-section-height-default elementor-section-height-default\" data-id=\"226a1bd\" data-element_type=\"section\">\n\t\t\t\t\t\t<div class=\"elementor-container elementor-column-gap-default\">\n\t\t\t\t\t<div class=\"elementor-column elementor-col-100 elementor-top-column elementor-element elementor-element-d99e651\" data-id=\"d99e651\" data-element_type=\"column\">\n\t\t\t<div class=\"elementor-widget-wrap\">\n\t\t\t\t\t\t\t<\/div>\n\t\t<\/div>\n\t\t\t\t\t<\/div>\n\t\t<\/section>\n\t\t\t\t<\/div>\n\t\t","protected":false},"excerpt":{"rendered":"<p>Pol\u00edcia Civil prende tr\u00eas homens suspeitos de estarem envolvidos em homic\u00eddio de idoso em Cocal do Sul Pol\u00edcia Civil prende tr\u00eas homens suspeitos de estarem envolvidos em homic\u00eddio de idoso em Cocal do Sul Nesta sexta-feira (27), Pol\u00edcia Civil de Santa Catarina, por meio da Delegacia do Munic\u00edpio de Cocal do Sul, deu cumprimento a [&hellip;]<\/p>\n","protected":false},"author":5,"featured_media":2548,"comment_status":"closed","ping_status":"open","sticky":false,"template":"","format":"standard","meta":{"_monsterinsights_skip_tracking":false,"_monsterinsights_sitenote_active":false,"_monsterinsights_sitenote_note":"","_monsterinsights_sitenote_category":0,"footnotes":""},"categories":[1],"tags":[],"class_list":["post-4636","post","type-post","status-publish","format-standard","has-post-thumbnail","hentry","category-sem-categoria"],"_links":{"self":[{"href":"https:\/\/pc.sc.gov.br\/index.php?rest_route=\/wp\/v2\/posts\/4636","targetHints":{"allow":["GET"]}}],"collection":[{"href":"https:\/\/pc.sc.gov.br\/index.php?rest_route=\/wp\/v2\/posts"}],"about":[{"href":"https:\/\/pc.sc.gov.br\/index.php?rest_route=\/wp\/v2\/types\/post"}],"author":[{"embeddable":true,"href":"https:\/\/pc.sc.gov.br\/index.php?rest_route=\/wp\/v2\/users\/5"}],"replies":[{"embeddable":true,"href":"https:\/\/pc.sc.gov.br\/index.php?rest_route=%2Fwp%2Fv2%2Fcomments&post=4636"}],"version-history":[{"count":5,"href":"https:\/\/pc.sc.gov.br\/index.php?rest_route=\/wp\/v2\/posts\/4636\/revisions"}],"predecessor-version":[{"id":4642,"href":"https:\/\/pc.sc.gov.br\/index.php?rest_route=\/wp\/v2\/posts\/4636\/revisions\/4642"}],"wp:featuredmedia":[{"embeddable":true,"href":"https:\/\/pc.sc.gov.br\/index.php?rest_route=\/wp\/v2\/media\/2548"}],"wp:attachment":[{"href":"https:\/\/pc.sc.gov.br\/index.php?rest_route=%2Fwp%2Fv2%2Fmedia&parent=4636"}],"wp:term":[{"taxonomy":"category","embeddable":true,"href":"https:\/\/pc.sc.gov.br\/index.php?rest_route=%2Fwp%2Fv2%2Fcategories&post=4636"},{"taxonomy":"post_tag","embeddable":true,"href":"https:\/\/pc.sc.gov.br\/index.php?rest_route=%2Fwp%2Fv2%2Ftags&post=4636"}],"curies":[{"name":"wp","href":"https:\/\/api.w.org\/{rel}","templated":true}]}}