{"id":4654,"date":"2023-01-27T16:11:09","date_gmt":"2023-01-27T19:11:09","guid":{"rendered":"https:\/\/pc.sc.gov.br\/?p=4654"},"modified":"2023-01-27T16:14:18","modified_gmt":"2023-01-27T19:14:18","slug":"policia-civil-apreende-3-quilos-de-cocaina-em-residencia-de-vitima-de-feminicidio-em-itajai","status":"publish","type":"post","link":"https:\/\/pc.sc.gov.br\/?p=4654","title":{"rendered":"Pol\u00edcia Civil apreende 3 quilos de coca\u00edna em resid\u00eancia de v\u00edtima de feminic\u00eddio em Itaja\u00ed"},"content":{"rendered":"\t\t<div data-elementor-type=\"wp-post\" data-elementor-id=\"4654\" class=\"elementor elementor-4654\" data-elementor-post-type=\"post\">\n\t\t\t\t\t\t<section class=\"elementor-section elementor-top-section elementor-element elementor-element-d3daee5 elementor-section-boxed elementor-section-height-default elementor-section-height-default\" data-id=\"d3daee5\" data-element_type=\"section\">\n\t\t\t\t\t\t<div class=\"elementor-container elementor-column-gap-default\">\n\t\t\t\t\t<div class=\"elementor-column elementor-col-100 elementor-top-column elementor-element elementor-element-6114987\" data-id=\"6114987\" data-element_type=\"column\">\n\t\t\t<div class=\"elementor-widget-wrap elementor-element-populated\">\n\t\t\t\t\t\t<div class=\"elementor-element elementor-element-efd8259 elementor-widget elementor-widget-heading\" data-id=\"efd8259\" data-element_type=\"widget\" data-widget_type=\"heading.default\">\n\t\t\t\t<div class=\"elementor-widget-container\">\n\t\t\t\t\t<h2 class=\"elementor-heading-title elementor-size-default\">Pol\u00edcia Civil apreende 3 quilos de coca\u00edna em resid\u00eancia de v\u00edtima de feminic\u00eddio em Itaja\u00ed\n<\/h2>\t\t\t\t<\/div>\n\t\t\t\t<\/div>\n\t\t\t\t<div class=\"elementor-element elementor-element-ac830fe elementor-widget elementor-widget-image\" data-id=\"ac830fe\" data-element_type=\"widget\" data-widget_type=\"image.default\">\n\t\t\t\t<div class=\"elementor-widget-container\">\n\t\t\t\t\t\t\t\t\t\t\t\t\t\t\t<img fetchpriority=\"high\" decoding=\"async\" width=\"696\" height=\"517\" src=\"https:\/\/pc.sc.gov.br\/\/wp-content\/uploads\/2023\/01\/PC_SADHADBSAJDKDSNGgfhhhGM5415BJFB152152DNKJGDFKJG-1024x760.jpg\" class=\"attachment-large size-large wp-image-4655\" alt=\"banner da DIC Itaja\u00ed e na mesa quatro sacos de coca\u00edna\" srcset=\"https:\/\/pc.sc.gov.br\/\/wp-content\/uploads\/2023\/01\/PC_SADHADBSAJDKDSNGgfhhhGM5415BJFB152152DNKJGDFKJG-1024x760.jpg 1024w, https:\/\/pc.sc.gov.br\/\/wp-content\/uploads\/2023\/01\/PC_SADHADBSAJDKDSNGgfhhhGM5415BJFB152152DNKJGDFKJG-300x223.jpg 300w, https:\/\/pc.sc.gov.br\/\/wp-content\/uploads\/2023\/01\/PC_SADHADBSAJDKDSNGgfhhhGM5415BJFB152152DNKJGDFKJG-768x570.jpg 768w, https:\/\/pc.sc.gov.br\/\/wp-content\/uploads\/2023\/01\/PC_SADHADBSAJDKDSNGgfhhhGM5415BJFB152152DNKJGDFKJG.jpg 1181w\" sizes=\"(max-width: 696px) 100vw, 696px\" \/>\t\t\t\t\t\t\t\t\t\t\t\t\t\t\t<\/div>\n\t\t\t\t<\/div>\n\t\t\t\t<div class=\"elementor-element elementor-element-4d9106c elementor-widget elementor-widget-text-editor\" data-id=\"4d9106c\" data-element_type=\"widget\" data-widget_type=\"text-editor.default\">\n\t\t\t\t<div class=\"elementor-widget-container\">\n\t\t\t\t\t\t\t\t\t<p>Na segunda-feira (23), Pol\u00edcia Civil de Santa Catarina, por meio da Divis\u00e3o de Investiga\u00e7\u00e3o Criminal de Itaja\u00ed, apreendeu 3 quilos de coca\u00edna dentro de uma resid\u00eancia de uma mulher que foi v\u00edtima de feminic\u00eddio em Itaja\u00ed. A apreens\u00e3o aconteceu quando a Pol\u00edcia Civil estava realizando dilig\u00eancias complementares no local para investigar o crime.<\/p><p>O crime de feminic\u00eddio aconteceu no dia 7 de novembro de 2022, quando o corpo da mulher foi encontrado dentro da sua resid\u00eancia, no bairro Espinheiro, em Itaja\u00ed . Segundo apura\u00e7\u00e3o da Delegacia de Prote\u00e7\u00e3o a Crian\u00e7a, Adolescente, Mulher e Idoso (DPCAMI) de Itaja\u00ed, o principal suspeito pelo crime seria o marido da v\u00edtima.<\/p><p>O homem j\u00e1 se encontrava recluso no Sistema Penitenci\u00e1rio, cumprindo pena por diversos delitos. Entretanto, na data do fato, estava em liberdade em fun\u00e7\u00e3o de benef\u00edcio de sa\u00edda tempor\u00e1ria do Pres\u00eddio. Ap\u00f3s a morte de mulher, o homem n\u00e3o retornou ao Pres\u00eddio, encontrando-se foragido.<\/p><p>Sobre a apreens\u00e3o realizada nesta segunda-feira (23), foi instaurado Inqu\u00e9rito Policial para apura\u00e7\u00e3o da origem do entorpecente. Tanto a v\u00edtima quanto o suspeito pelo crime de feminic\u00eddio possuem hist\u00f3rico por tr\u00e1fico de drogas.<\/p>\t\t\t\t\t\t\t\t<\/div>\n\t\t\t\t<\/div>\n\t\t\t\t\t<\/div>\n\t\t<\/div>\n\t\t\t\t\t<\/div>\n\t\t<\/section>\n\t\t\t\t<\/div>\n\t\t","protected":false},"excerpt":{"rendered":"<p>Pol\u00edcia Civil apreende 3 quilos de coca\u00edna em resid\u00eancia de v\u00edtima de feminic\u00eddio em Itaja\u00ed Na segunda-feira (23), Pol\u00edcia Civil de Santa Catarina, por meio da Divis\u00e3o de Investiga\u00e7\u00e3o Criminal de Itaja\u00ed, apreendeu 3 quilos de coca\u00edna dentro de uma resid\u00eancia de uma mulher que foi v\u00edtima de feminic\u00eddio em Itaja\u00ed. A apreens\u00e3o aconteceu quando [&hellip;]<\/p>\n","protected":false},"author":5,"featured_media":4663,"comment_status":"closed","ping_status":"open","sticky":false,"template":"","format":"standard","meta":{"_monsterinsights_skip_tracking":false,"_monsterinsights_sitenote_active":false,"_monsterinsights_sitenote_note":"","_monsterinsights_sitenote_category":0,"footnotes":""},"categories":[1],"tags":[],"class_list":["post-4654","post","type-post","status-publish","format-standard","has-post-thumbnail","hentry","category-sem-categoria"],"_links":{"self":[{"href":"https:\/\/pc.sc.gov.br\/index.php?rest_route=\/wp\/v2\/posts\/4654","targetHints":{"allow":["GET"]}}],"collection":[{"href":"https:\/\/pc.sc.gov.br\/index.php?rest_route=\/wp\/v2\/posts"}],"about":[{"href":"https:\/\/pc.sc.gov.br\/index.php?rest_route=\/wp\/v2\/types\/post"}],"author":[{"embeddable":true,"href":"https:\/\/pc.sc.gov.br\/index.php?rest_route=\/wp\/v2\/users\/5"}],"replies":[{"embeddable":true,"href":"https:\/\/pc.sc.gov.br\/index.php?rest_route=%2Fwp%2Fv2%2Fcomments&post=4654"}],"version-history":[{"count":5,"href":"https:\/\/pc.sc.gov.br\/index.php?rest_route=\/wp\/v2\/posts\/4654\/revisions"}],"predecessor-version":[{"id":4664,"href":"https:\/\/pc.sc.gov.br\/index.php?rest_route=\/wp\/v2\/posts\/4654\/revisions\/4664"}],"wp:featuredmedia":[{"embeddable":true,"href":"https:\/\/pc.sc.gov.br\/index.php?rest_route=\/wp\/v2\/media\/4663"}],"wp:attachment":[{"href":"https:\/\/pc.sc.gov.br\/index.php?rest_route=%2Fwp%2Fv2%2Fmedia&parent=4654"}],"wp:term":[{"taxonomy":"category","embeddable":true,"href":"https:\/\/pc.sc.gov.br\/index.php?rest_route=%2Fwp%2Fv2%2Fcategories&post=4654"},{"taxonomy":"post_tag","embeddable":true,"href":"https:\/\/pc.sc.gov.br\/index.php?rest_route=%2Fwp%2Fv2%2Ftags&post=4654"}],"curies":[{"name":"wp","href":"https:\/\/api.w.org\/{rel}","templated":true}]}}