{"id":4669,"date":"2023-01-27T18:43:26","date_gmt":"2023-01-27T21:43:26","guid":{"rendered":"https:\/\/pc.sc.gov.br\/?p=4669"},"modified":"2023-01-27T18:47:20","modified_gmt":"2023-01-27T21:47:20","slug":"policia-civil-de-santa-catarina-intensifica-acoes-de-fiscalizacoes-em-casas-noturnas","status":"publish","type":"post","link":"https:\/\/pc.sc.gov.br\/?p=4669","title":{"rendered":"Pol\u00edcia Civil de Santa Catarina intensifica a\u00e7\u00f5es de fiscaliza\u00e7\u00f5es em casas noturnas"},"content":{"rendered":"\t\t<div data-elementor-type=\"wp-post\" data-elementor-id=\"4669\" class=\"elementor elementor-4669\" data-elementor-post-type=\"post\">\n\t\t\t\t\t\t<section class=\"elementor-section elementor-top-section elementor-element elementor-element-e81dc62 elementor-section-boxed elementor-section-height-default elementor-section-height-default\" data-id=\"e81dc62\" data-element_type=\"section\">\n\t\t\t\t\t\t<div class=\"elementor-container elementor-column-gap-default\">\n\t\t\t\t\t<div class=\"elementor-column elementor-col-100 elementor-top-column elementor-element elementor-element-590b509\" data-id=\"590b509\" data-element_type=\"column\">\n\t\t\t<div class=\"elementor-widget-wrap elementor-element-populated\">\n\t\t\t\t\t\t<div class=\"elementor-element elementor-element-391683d elementor-widget elementor-widget-heading\" data-id=\"391683d\" data-element_type=\"widget\" data-widget_type=\"heading.default\">\n\t\t\t\t<div class=\"elementor-widget-container\">\n\t\t\t\t\t<h2 class=\"elementor-heading-title elementor-size-default\">Pol\u00edcia Civil de Santa Catarina intensifica a\u00e7\u00f5es de fiscaliza\u00e7\u00f5es em casas noturnas \n<\/h2>\t\t\t\t<\/div>\n\t\t\t\t<\/div>\n\t\t\t\t<div class=\"elementor-element elementor-element-363aa41 elementor-widget elementor-widget-image\" data-id=\"363aa41\" data-element_type=\"widget\" data-widget_type=\"image.default\">\n\t\t\t\t<div class=\"elementor-widget-container\">\n\t\t\t\t\t\t\t\t\t\t\t\t\t\t\t<img fetchpriority=\"high\" decoding=\"async\" width=\"1536\" height=\"1022\" src=\"https:\/\/pc.sc.gov.br\/\/wp-content\/uploads\/2023\/01\/52651262656_19d6e5483f_o-1536x1022.jpg\" class=\"attachment-1536x1536 size-1536x1536 wp-image-4670\" alt=\"viatura da policia civil e da policia militar\" srcset=\"https:\/\/pc.sc.gov.br\/\/wp-content\/uploads\/2023\/01\/52651262656_19d6e5483f_o-1536x1022.jpg 1536w, https:\/\/pc.sc.gov.br\/\/wp-content\/uploads\/2023\/01\/52651262656_19d6e5483f_o-300x200.jpg 300w, https:\/\/pc.sc.gov.br\/\/wp-content\/uploads\/2023\/01\/52651262656_19d6e5483f_o-1024x682.jpg 1024w, https:\/\/pc.sc.gov.br\/\/wp-content\/uploads\/2023\/01\/52651262656_19d6e5483f_o-768x511.jpg 768w, https:\/\/pc.sc.gov.br\/\/wp-content\/uploads\/2023\/01\/52651262656_19d6e5483f_o-2048x1363.jpg 2048w\" sizes=\"(max-width: 1536px) 100vw, 1536px\" \/>\t\t\t\t\t\t\t\t\t\t\t\t\t\t\t<\/div>\n\t\t\t\t<\/div>\n\t\t\t\t<div class=\"elementor-element elementor-element-2d04e9f elementor-widget elementor-widget-text-editor\" data-id=\"2d04e9f\" data-element_type=\"widget\" data-widget_type=\"text-editor.default\">\n\t\t\t\t<div class=\"elementor-widget-container\">\n\t\t\t\t\t\t\t\t\t<p>A Pol\u00edcia Civil de Santa Catarina, por meio da Ger\u00eancia de Fiscaliza\u00e7\u00e3o de Jogos, Divers\u00f5es P\u00fablicas e Produtos Controlados, a Pol\u00edcia Militar e o Corpo de Bombeiros intensificaram as a\u00e7\u00f5es de fiscaliza\u00e7\u00f5es em casas noturnas nesta temporada. Na \u00faltima quinta-feira (26), os estabelecimentos dos bairros Canasvieiras e Jurer\u00ea, na Capital, foram fiscalizados. Durante a a\u00e7\u00e3o, nenhuma irregularidade foi encontrada.<span style=\"font-family: var( --e-global-typography-primary-font-family ), Sans-serif; font-size: var( --e-global-typography-primary-font-size ); font-weight: var( --e-global-typography-primary-font-weight ); letter-spacing: var( --e-global-typography-primary-letter-spacing );\">&nbsp;<\/span><\/p><p>O gerente de Fiscaliza\u00e7\u00e3o de Jogos, Divers\u00f5es P\u00fablicas e Produtos Controlados, delegado de Pol\u00edcia Gustavo Kremer, relembra que h\u00e1 exatos dez anos aconteceu a trag\u00e9dia que vitimou centenas de pessoas em uma boate localizada em Santa Maria, no estado do Rio Grande do Sul, e que a Pol\u00edcia Civil de Santa Catarina trabalha de forma incans\u00e1vel para que situa\u00e7\u00f5es como essa n\u00e3o voltem a ocorrer.<span style=\"font-family: var( --e-global-typography-primary-font-family ), Sans-serif; font-size: var( --e-global-typography-primary-font-size ); font-weight: var( --e-global-typography-primary-font-weight ); letter-spacing: var( --e-global-typography-primary-letter-spacing );\">&nbsp;<\/span><\/p><p>Confira o v\u00eddeo do delegado Gustavo Kremer sobre o assunto:<\/p>\t\t\t\t\t\t\t\t<\/div>\n\t\t\t\t<\/div>\n\t\t\t\t<div class=\"elementor-element elementor-element-29a08a3 elementor-widget elementor-widget-video\" data-id=\"29a08a3\" data-element_type=\"widget\" data-settings=\"{&quot;video_type&quot;:&quot;hosted&quot;,&quot;controls&quot;:&quot;yes&quot;}\" data-widget_type=\"video.default\">\n\t\t\t\t<div class=\"elementor-widget-container\">\n\t\t\t\t\t\t\t<div class=\"e-hosted-video elementor-wrapper elementor-open-inline\">\n\t\t\t\t\t<video class=\"elementor-video\" src=\"https:\/\/pc.sc.gov.br\/wp-content\/uploads\/2023\/01\/FullSizeRender-1.mov\" controls=\"\" preload=\"metadata\"><\/video>\n\t\t\t\t<\/div>\n\t\t\t\t\t\t<\/div>\n\t\t\t\t<\/div>\n\t\t\t\t<div class=\"elementor-element elementor-element-222bd23 elementor-widget elementor-widget-image\" data-id=\"222bd23\" data-element_type=\"widget\" data-widget_type=\"image.default\">\n\t\t\t\t<div class=\"elementor-widget-container\">\n\t\t\t\t\t\t\t\t\t\t\t\t\t\t\t<img decoding=\"async\" width=\"1536\" height=\"1022\" src=\"https:\/\/pc.sc.gov.br\/\/wp-content\/uploads\/2023\/01\/52651262731_90ec127005_o-1536x1022.jpg\" class=\"attachment-1536x1536 size-1536x1536 wp-image-4671\" alt=\"viatura da policia civil, viatura da policia militar e viatura dos bombeiros\" srcset=\"https:\/\/pc.sc.gov.br\/\/wp-content\/uploads\/2023\/01\/52651262731_90ec127005_o-1536x1022.jpg 1536w, https:\/\/pc.sc.gov.br\/\/wp-content\/uploads\/2023\/01\/52651262731_90ec127005_o-300x200.jpg 300w, https:\/\/pc.sc.gov.br\/\/wp-content\/uploads\/2023\/01\/52651262731_90ec127005_o-1024x682.jpg 1024w, https:\/\/pc.sc.gov.br\/\/wp-content\/uploads\/2023\/01\/52651262731_90ec127005_o-768x511.jpg 768w, https:\/\/pc.sc.gov.br\/\/wp-content\/uploads\/2023\/01\/52651262731_90ec127005_o-2048x1363.jpg 2048w\" sizes=\"(max-width: 1536px) 100vw, 1536px\" \/>\t\t\t\t\t\t\t\t\t\t\t\t\t\t\t<\/div>\n\t\t\t\t<\/div>\n\t\t\t\t<div class=\"elementor-element elementor-element-e2b16cf elementor-widget elementor-widget-image\" data-id=\"e2b16cf\" data-element_type=\"widget\" data-widget_type=\"image.default\">\n\t\t\t\t<div class=\"elementor-widget-container\">\n\t\t\t\t\t\t\t\t\t\t\t\t\t\t\t<img decoding=\"async\" width=\"1536\" height=\"1022\" src=\"https:\/\/pc.sc.gov.br\/\/wp-content\/uploads\/2023\/01\/52650768982_32964a043c_o-1536x1022.jpg\" class=\"attachment-1536x1536 size-1536x1536 wp-image-4672\" alt=\"em frente das viaturas delegado Gustavo Kremer e policiais civis, militares e bombeiros dialogando\" srcset=\"https:\/\/pc.sc.gov.br\/\/wp-content\/uploads\/2023\/01\/52650768982_32964a043c_o-1536x1022.jpg 1536w, https:\/\/pc.sc.gov.br\/\/wp-content\/uploads\/2023\/01\/52650768982_32964a043c_o-300x200.jpg 300w, https:\/\/pc.sc.gov.br\/\/wp-content\/uploads\/2023\/01\/52650768982_32964a043c_o-1024x682.jpg 1024w, https:\/\/pc.sc.gov.br\/\/wp-content\/uploads\/2023\/01\/52650768982_32964a043c_o-768x511.jpg 768w, https:\/\/pc.sc.gov.br\/\/wp-content\/uploads\/2023\/01\/52650768982_32964a043c_o-2048x1363.jpg 2048w\" sizes=\"(max-width: 1536px) 100vw, 1536px\" \/>\t\t\t\t\t\t\t\t\t\t\t\t\t\t\t<\/div>\n\t\t\t\t<\/div>\n\t\t\t\t<div class=\"elementor-element elementor-element-df791a9 elementor-widget elementor-widget-text-editor\" data-id=\"df791a9\" data-element_type=\"widget\" data-widget_type=\"text-editor.default\">\n\t\t\t\t<div class=\"elementor-widget-container\">\n\t\t\t\t\t\t\t\t\t<p><em>Fotos: Assessoria de Comunica\u00e7\u00e3o do Governo do Estado de SC.<\/em><\/p>\t\t\t\t\t\t\t\t<\/div>\n\t\t\t\t<\/div>\n\t\t\t\t\t<\/div>\n\t\t<\/div>\n\t\t\t\t\t<\/div>\n\t\t<\/section>\n\t\t\t\t<\/div>\n\t\t","protected":false},"excerpt":{"rendered":"<p>Pol\u00edcia Civil de Santa Catarina intensifica a\u00e7\u00f5es de fiscaliza\u00e7\u00f5es em casas noturnas A Pol\u00edcia Civil de Santa Catarina, por meio da Ger\u00eancia de Fiscaliza\u00e7\u00e3o de Jogos, Divers\u00f5es P\u00fablicas e Produtos Controlados, a Pol\u00edcia Militar e o Corpo de Bombeiros intensificaram as a\u00e7\u00f5es de fiscaliza\u00e7\u00f5es em casas noturnas nesta temporada. Na \u00faltima quinta-feira (26), os estabelecimentos [&hellip;]<\/p>\n","protected":false},"author":5,"featured_media":4670,"comment_status":"closed","ping_status":"open","sticky":false,"template":"","format":"standard","meta":{"_monsterinsights_skip_tracking":false,"_monsterinsights_sitenote_active":false,"_monsterinsights_sitenote_note":"","_monsterinsights_sitenote_category":0,"footnotes":""},"categories":[1],"tags":[],"class_list":["post-4669","post","type-post","status-publish","format-standard","has-post-thumbnail","hentry","category-sem-categoria"],"_links":{"self":[{"href":"https:\/\/pc.sc.gov.br\/index.php?rest_route=\/wp\/v2\/posts\/4669","targetHints":{"allow":["GET"]}}],"collection":[{"href":"https:\/\/pc.sc.gov.br\/index.php?rest_route=\/wp\/v2\/posts"}],"about":[{"href":"https:\/\/pc.sc.gov.br\/index.php?rest_route=\/wp\/v2\/types\/post"}],"author":[{"embeddable":true,"href":"https:\/\/pc.sc.gov.br\/index.php?rest_route=\/wp\/v2\/users\/5"}],"replies":[{"embeddable":true,"href":"https:\/\/pc.sc.gov.br\/index.php?rest_route=%2Fwp%2Fv2%2Fcomments&post=4669"}],"version-history":[{"count":10,"href":"https:\/\/pc.sc.gov.br\/index.php?rest_route=\/wp\/v2\/posts\/4669\/revisions"}],"predecessor-version":[{"id":4683,"href":"https:\/\/pc.sc.gov.br\/index.php?rest_route=\/wp\/v2\/posts\/4669\/revisions\/4683"}],"wp:featuredmedia":[{"embeddable":true,"href":"https:\/\/pc.sc.gov.br\/index.php?rest_route=\/wp\/v2\/media\/4670"}],"wp:attachment":[{"href":"https:\/\/pc.sc.gov.br\/index.php?rest_route=%2Fwp%2Fv2%2Fmedia&parent=4669"}],"wp:term":[{"taxonomy":"category","embeddable":true,"href":"https:\/\/pc.sc.gov.br\/index.php?rest_route=%2Fwp%2Fv2%2Fcategories&post=4669"},{"taxonomy":"post_tag","embeddable":true,"href":"https:\/\/pc.sc.gov.br\/index.php?rest_route=%2Fwp%2Fv2%2Ftags&post=4669"}],"curies":[{"name":"wp","href":"https:\/\/api.w.org\/{rel}","templated":true}]}}