{"id":4691,"date":"2023-01-27T19:46:38","date_gmt":"2023-01-27T22:46:38","guid":{"rendered":"https:\/\/pc.sc.gov.br\/?p=4691"},"modified":"2023-01-27T19:52:51","modified_gmt":"2023-01-27T22:52:51","slug":"policia-civil-prende-autores-de-homicidio-qualificado-em-porto-belo","status":"publish","type":"post","link":"https:\/\/pc.sc.gov.br\/?p=4691","title":{"rendered":"Pol\u00edcia Civil prende autores de homic\u00eddio qualificado em Porto Belo"},"content":{"rendered":"\t\t<div data-elementor-type=\"wp-post\" data-elementor-id=\"4691\" class=\"elementor elementor-4691\" data-elementor-post-type=\"post\">\n\t\t\t\t\t\t<section class=\"elementor-section elementor-top-section elementor-element elementor-element-8c8f97a elementor-section-boxed elementor-section-height-default elementor-section-height-default\" data-id=\"8c8f97a\" data-element_type=\"section\">\n\t\t\t\t\t\t<div class=\"elementor-container elementor-column-gap-default\">\n\t\t\t\t\t<div class=\"elementor-column elementor-col-100 elementor-top-column elementor-element elementor-element-b4fdcda\" data-id=\"b4fdcda\" data-element_type=\"column\">\n\t\t\t<div class=\"elementor-widget-wrap elementor-element-populated\">\n\t\t\t\t\t\t<div class=\"elementor-element elementor-element-4f7a391 elementor-widget elementor-widget-heading\" data-id=\"4f7a391\" data-element_type=\"widget\" data-widget_type=\"heading.default\">\n\t\t\t\t<div class=\"elementor-widget-container\">\n\t\t\t\t\t<h2 class=\"elementor-heading-title elementor-size-default\">Pol\u00edcia Civil prende autores de homic\u00eddio qualificado em Porto Belo<\/h2>\t\t\t\t<\/div>\n\t\t\t\t<\/div>\n\t\t\t\t\t<\/div>\n\t\t<\/div>\n\t\t\t\t\t<\/div>\n\t\t<\/section>\n\t\t\t\t<section class=\"elementor-section elementor-top-section elementor-element elementor-element-b45956c elementor-section-boxed elementor-section-height-default elementor-section-height-default\" data-id=\"b45956c\" data-element_type=\"section\">\n\t\t\t\t\t\t<div class=\"elementor-container elementor-column-gap-default\">\n\t\t\t\t\t<div class=\"elementor-column elementor-col-100 elementor-top-column elementor-element elementor-element-014df85\" data-id=\"014df85\" data-element_type=\"column\">\n\t\t\t<div class=\"elementor-widget-wrap elementor-element-populated\">\n\t\t\t\t\t\t<div class=\"elementor-element elementor-element-375237e elementor-widget elementor-widget-image\" data-id=\"375237e\" data-element_type=\"widget\" data-widget_type=\"image.default\">\n\t\t\t\t<div class=\"elementor-widget-container\">\n\t\t\t\t\t\t\t\t\t\t\t\t\t\t\t<img fetchpriority=\"high\" decoding=\"async\" width=\"696\" height=\"455\" src=\"https:\/\/pc.sc.gov.br\/\/wp-content\/uploads\/2023\/01\/WhatsApp-Image-2023-01-27-at-18.48.54-1024x669.jpeg\" class=\"attachment-large size-large wp-image-4692\" alt=\"Viaturas Pol\u00edcia Cient\u00edfica e Pol\u00edcia Civil\" srcset=\"https:\/\/pc.sc.gov.br\/\/wp-content\/uploads\/2023\/01\/WhatsApp-Image-2023-01-27-at-18.48.54-1024x669.jpeg 1024w, https:\/\/pc.sc.gov.br\/\/wp-content\/uploads\/2023\/01\/WhatsApp-Image-2023-01-27-at-18.48.54-300x196.jpeg 300w, https:\/\/pc.sc.gov.br\/\/wp-content\/uploads\/2023\/01\/WhatsApp-Image-2023-01-27-at-18.48.54-768x502.jpeg 768w, https:\/\/pc.sc.gov.br\/\/wp-content\/uploads\/2023\/01\/WhatsApp-Image-2023-01-27-at-18.48.54-1536x1003.jpeg 1536w, https:\/\/pc.sc.gov.br\/\/wp-content\/uploads\/2023\/01\/WhatsApp-Image-2023-01-27-at-18.48.54.jpeg 1600w\" sizes=\"(max-width: 696px) 100vw, 696px\" \/>\t\t\t\t\t\t\t\t\t\t\t\t\t\t\t<\/div>\n\t\t\t\t<\/div>\n\t\t\t\t<div class=\"elementor-element elementor-element-548c019 elementor-widget elementor-widget-text-editor\" data-id=\"548c019\" data-element_type=\"widget\" data-widget_type=\"text-editor.default\">\n\t\t\t\t<div class=\"elementor-widget-container\">\n\t\t\t\t\t\t\t\t\t<p><span style=\"font-family: var( --e-global-typography-text-font-family ), Sans-serif; font-size: var( --e-global-typography-text-font-size );\">Nesta sexta-feira (27), a Pol\u00edcia Civil de Porto Belo, deu cumprimento a tr\u00eas mandados de pris\u00e3o tempor\u00e1ria e tr\u00eas mandados de busca e apreens\u00e3o, referentes \u00e0 investiga\u00e7\u00e3o do crime de homic\u00eddio qualificado. As buscas foram realizadas nas cidades de Porto Belo, Itapema e Itaja\u00ed.<\/span><\/p>\n<p>A a\u00e7\u00e3o faz parte do inqu\u00e9rito policial instaurado para apurar o crime de homic\u00eddio de um homem de 30 anos, cujo corpo foi encontrado no Bairro Fazenda, em Bigua\u00e7u, no dia 08\/01\/23, j\u00e1 em estado de decomposi\u00e7\u00e3o. Em dilig\u00eancias preliminares, a Pol\u00edcia Civil de Bigua\u00e7u apurou que a v\u00edtima residia em Porto Belo e o corpo teria sido deixado pelos criminosos em Bigua\u00e7u.&nbsp;&nbsp;<\/p>\n<p>No interrogat\u00f3rio, uma das autoras do crime revelou que h\u00e1 tr\u00eas anos mantinha um relacionamento amoroso com a v\u00edtima e que, constantemente, era submetida a agress\u00f5es e at\u00e9 estupro, o que a teria motivado a cometer o crime, com ajuda de familiares. A autora relatou ainda que o proj\u00e9til transfixou o corpo da v\u00edtima e ficou alojado no sof\u00e1 da casa onde ocorreu o crime (Porto Belo). Em seguida ela recolheu o proj\u00e9til e o estojo e jogou em um bueiro na cidade de Itapema. Os policiais civis, com o aux\u00edlio de funcion\u00e1rios da Secretaria de Obras do Munic\u00edpio de Itapema, foram at\u00e9 o local onde efetuaram buscas e localizaram o proj\u00e9til e o estojo que matou a v\u00edtima.&nbsp;<\/p>\n<p>A v\u00edtima possu\u00eda extensa ficha criminal, tinha hist\u00f3rico agressivo e respondia a v\u00e1rios processos por crimes contra o patrim\u00f4nio, porte ilegal de arma de fogo, crime de estupro e viol\u00eancia dom\u00e9stica. Estava em pris\u00e3o domiciliar e monitorado com tornozeleira eletr\u00f4nica, equipamento que foi rompido no dia 04\/01\/23, na resid\u00eancia da v\u00edtima, em Porto Belo.&nbsp;<\/p>\n<p>Por meio das dilig\u00eancias em campo e com a\u00e7\u00f5es de intelig\u00eancia policial, tamb\u00e9m foi poss\u00edvel identificar o ve\u00edculo utilizado para a pr\u00e1tica do crime e desova do corpo em Bigua\u00e7u, bem como seus ocupantes, a motiva\u00e7\u00e3o e arma do crime.<\/p>\n<p>Participaram da Opera\u00e7\u00e3o os Policiais Civis da Delegacia de Porto Belo e os Policiais Civis que est\u00e3o prestando apoio na Opera\u00e7\u00e3o Veraneio em Porto Belo e Bombinhas, bem como os Peritos Criminais da Pol\u00edcia Cient\u00edfica.<\/p>\t\t\t\t\t\t\t\t<\/div>\n\t\t\t\t<\/div>\n\t\t\t\t\t<\/div>\n\t\t<\/div>\n\t\t\t\t\t<\/div>\n\t\t<\/section>\n\t\t\t\t<section class=\"elementor-section elementor-top-section elementor-element elementor-element-1da3c3a elementor-section-boxed elementor-section-height-default elementor-section-height-default\" data-id=\"1da3c3a\" data-element_type=\"section\">\n\t\t\t\t\t\t<div class=\"elementor-container elementor-column-gap-default\">\n\t\t\t\t\t<div class=\"elementor-column elementor-col-100 elementor-top-column elementor-element elementor-element-035115c\" data-id=\"035115c\" data-element_type=\"column\">\n\t\t\t<div class=\"elementor-widget-wrap elementor-element-populated\">\n\t\t\t\t\t\t<div class=\"elementor-element elementor-element-d7808ae elementor-widget elementor-widget-image\" data-id=\"d7808ae\" data-element_type=\"widget\" data-widget_type=\"image.default\">\n\t\t\t\t<div class=\"elementor-widget-container\">\n\t\t\t\t\t\t\t\t\t\t\t\t\t\t\t<img decoding=\"async\" width=\"576\" height=\"1024\" src=\"https:\/\/pc.sc.gov.br\/\/wp-content\/uploads\/2023\/01\/WhatsApp-Image-2023-01-27-at-17.54.43-576x1024.jpeg\" class=\"attachment-large size-large wp-image-4694\" alt=\"\" srcset=\"https:\/\/pc.sc.gov.br\/\/wp-content\/uploads\/2023\/01\/WhatsApp-Image-2023-01-27-at-17.54.43-576x1024.jpeg 576w, https:\/\/pc.sc.gov.br\/\/wp-content\/uploads\/2023\/01\/WhatsApp-Image-2023-01-27-at-17.54.43-169x300.jpeg 169w, https:\/\/pc.sc.gov.br\/\/wp-content\/uploads\/2023\/01\/WhatsApp-Image-2023-01-27-at-17.54.43-768x1365.jpeg 768w, https:\/\/pc.sc.gov.br\/\/wp-content\/uploads\/2023\/01\/WhatsApp-Image-2023-01-27-at-17.54.43-864x1536.jpeg 864w, https:\/\/pc.sc.gov.br\/\/wp-content\/uploads\/2023\/01\/WhatsApp-Image-2023-01-27-at-17.54.43.jpeg 900w\" sizes=\"(max-width: 576px) 100vw, 576px\" \/>\t\t\t\t\t\t\t\t\t\t\t\t\t\t\t<\/div>\n\t\t\t\t<\/div>\n\t\t\t\t<div class=\"elementor-element elementor-element-fa0abd4 elementor-widget__width-initial elementor-widget elementor-widget-video\" data-id=\"fa0abd4\" data-element_type=\"widget\" data-settings=\"{&quot;video_type&quot;:&quot;hosted&quot;,&quot;controls&quot;:&quot;yes&quot;}\" data-widget_type=\"video.default\">\n\t\t\t\t<div class=\"elementor-widget-container\">\n\t\t\t\t\t\t\t<div class=\"e-hosted-video elementor-wrapper elementor-open-inline\">\n\t\t\t\t\t<video class=\"elementor-video\" src=\"https:\/\/pc.sc.gov.br\/wp-content\/uploads\/2023\/01\/WhatsApp-Video-2023-01-27-at-17.54.43.mp4\" controls=\"\" preload=\"metadata\"><\/video>\n\t\t\t\t<\/div>\n\t\t\t\t\t\t<\/div>\n\t\t\t\t<\/div>\n\t\t\t\t\t<\/div>\n\t\t<\/div>\n\t\t\t\t\t<\/div>\n\t\t<\/section>\n\t\t\t\t<\/div>\n\t\t","protected":false},"excerpt":{"rendered":"<p>Pol\u00edcia Civil prende autores de homic\u00eddio qualificado em Porto Belo Nesta sexta-feira (27), a Pol\u00edcia Civil de Porto Belo, deu cumprimento a tr\u00eas mandados de pris\u00e3o tempor\u00e1ria e tr\u00eas mandados de busca e apreens\u00e3o, referentes \u00e0 investiga\u00e7\u00e3o do crime de homic\u00eddio qualificado. As buscas foram realizadas nas cidades de Porto Belo, Itapema e Itaja\u00ed. A [&hellip;]<\/p>\n","protected":false},"author":5,"featured_media":4692,"comment_status":"closed","ping_status":"open","sticky":false,"template":"","format":"standard","meta":{"_monsterinsights_skip_tracking":false,"_monsterinsights_sitenote_active":false,"_monsterinsights_sitenote_note":"","_monsterinsights_sitenote_category":0,"footnotes":""},"categories":[1],"tags":[],"class_list":["post-4691","post","type-post","status-publish","format-standard","has-post-thumbnail","hentry","category-sem-categoria"],"_links":{"self":[{"href":"https:\/\/pc.sc.gov.br\/index.php?rest_route=\/wp\/v2\/posts\/4691","targetHints":{"allow":["GET"]}}],"collection":[{"href":"https:\/\/pc.sc.gov.br\/index.php?rest_route=\/wp\/v2\/posts"}],"about":[{"href":"https:\/\/pc.sc.gov.br\/index.php?rest_route=\/wp\/v2\/types\/post"}],"author":[{"embeddable":true,"href":"https:\/\/pc.sc.gov.br\/index.php?rest_route=\/wp\/v2\/users\/5"}],"replies":[{"embeddable":true,"href":"https:\/\/pc.sc.gov.br\/index.php?rest_route=%2Fwp%2Fv2%2Fcomments&post=4691"}],"version-history":[{"count":7,"href":"https:\/\/pc.sc.gov.br\/index.php?rest_route=\/wp\/v2\/posts\/4691\/revisions"}],"predecessor-version":[{"id":4702,"href":"https:\/\/pc.sc.gov.br\/index.php?rest_route=\/wp\/v2\/posts\/4691\/revisions\/4702"}],"wp:featuredmedia":[{"embeddable":true,"href":"https:\/\/pc.sc.gov.br\/index.php?rest_route=\/wp\/v2\/media\/4692"}],"wp:attachment":[{"href":"https:\/\/pc.sc.gov.br\/index.php?rest_route=%2Fwp%2Fv2%2Fmedia&parent=4691"}],"wp:term":[{"taxonomy":"category","embeddable":true,"href":"https:\/\/pc.sc.gov.br\/index.php?rest_route=%2Fwp%2Fv2%2Fcategories&post=4691"},{"taxonomy":"post_tag","embeddable":true,"href":"https:\/\/pc.sc.gov.br\/index.php?rest_route=%2Fwp%2Fv2%2Ftags&post=4691"}],"curies":[{"name":"wp","href":"https:\/\/api.w.org\/{rel}","templated":true}]}}