{"id":4703,"date":"2023-01-27T20:45:03","date_gmt":"2023-01-27T23:45:03","guid":{"rendered":"https:\/\/pc.sc.gov.br\/?p=4703"},"modified":"2023-01-27T20:52:55","modified_gmt":"2023-01-27T23:52:55","slug":"caso-delegado-vargas-um-dos-investigados-e-morto-em-confronto-com-policiais-civis-em-cocal-do-sul","status":"publish","type":"post","link":"https:\/\/pc.sc.gov.br\/?p=4703","title":{"rendered":"Caso Delegado Vargas: Um dos investigados \u00e9 morto em confronto com policiais civis em Cocal do Sul"},"content":{"rendered":"\t\t<div data-elementor-type=\"wp-post\" data-elementor-id=\"4703\" class=\"elementor elementor-4703\" data-elementor-post-type=\"post\">\n\t\t\t\t\t\t<section class=\"elementor-section elementor-top-section elementor-element elementor-element-bcbb5ba elementor-section-boxed elementor-section-height-default elementor-section-height-default\" data-id=\"bcbb5ba\" data-element_type=\"section\">\n\t\t\t\t\t\t<div class=\"elementor-container elementor-column-gap-default\">\n\t\t\t\t\t<div class=\"elementor-column elementor-col-100 elementor-top-column elementor-element elementor-element-aeeb59b\" data-id=\"aeeb59b\" data-element_type=\"column\">\n\t\t\t<div class=\"elementor-widget-wrap elementor-element-populated\">\n\t\t\t\t\t\t<div class=\"elementor-element elementor-element-d577a99 elementor-widget elementor-widget-heading\" data-id=\"d577a99\" data-element_type=\"widget\" data-widget_type=\"heading.default\">\n\t\t\t\t<div class=\"elementor-widget-container\">\n\t\t\t\t\t<h2 class=\"elementor-heading-title elementor-size-default\">Caso Delegado Vargas: Um dos investigados \u00e9 morto em confronto com policiais civis em Cocal do Sul<\/h2>\t\t\t\t<\/div>\n\t\t\t\t<\/div>\n\t\t\t\t\t<\/div>\n\t\t<\/div>\n\t\t\t\t\t<\/div>\n\t\t<\/section>\n\t\t\t\t<section class=\"elementor-section elementor-top-section elementor-element elementor-element-9b0e594 elementor-section-boxed elementor-section-height-default elementor-section-height-default\" data-id=\"9b0e594\" data-element_type=\"section\">\n\t\t\t\t\t\t<div class=\"elementor-container elementor-column-gap-default\">\n\t\t\t\t\t<div class=\"elementor-column elementor-col-100 elementor-top-column elementor-element elementor-element-3712908\" data-id=\"3712908\" data-element_type=\"column\">\n\t\t\t<div class=\"elementor-widget-wrap elementor-element-populated\">\n\t\t\t\t\t\t<div class=\"elementor-element elementor-element-90bbaf6 elementor-widget elementor-widget-image\" data-id=\"90bbaf6\" data-element_type=\"widget\" data-widget_type=\"image.default\">\n\t\t\t\t<div class=\"elementor-widget-container\">\n\t\t\t\t\t\t\t\t\t\t\t\t\t\t\t<img fetchpriority=\"high\" decoding=\"async\" width=\"696\" height=\"522\" src=\"https:\/\/pc.sc.gov.br\/\/wp-content\/uploads\/2023\/01\/WhatsApp-Image-2023-01-27-at-20.29.13-1024x768.jpeg\" class=\"attachment-large size-large wp-image-4706\" alt=\"local cocal do sul\" srcset=\"https:\/\/pc.sc.gov.br\/\/wp-content\/uploads\/2023\/01\/WhatsApp-Image-2023-01-27-at-20.29.13-1024x768.jpeg 1024w, https:\/\/pc.sc.gov.br\/\/wp-content\/uploads\/2023\/01\/WhatsApp-Image-2023-01-27-at-20.29.13-300x225.jpeg 300w, https:\/\/pc.sc.gov.br\/\/wp-content\/uploads\/2023\/01\/WhatsApp-Image-2023-01-27-at-20.29.13-768x576.jpeg 768w, https:\/\/pc.sc.gov.br\/\/wp-content\/uploads\/2023\/01\/WhatsApp-Image-2023-01-27-at-20.29.13-1536x1152.jpeg 1536w, https:\/\/pc.sc.gov.br\/\/wp-content\/uploads\/2023\/01\/WhatsApp-Image-2023-01-27-at-20.29.13.jpeg 1600w\" sizes=\"(max-width: 696px) 100vw, 696px\" \/>\t\t\t\t\t\t\t\t\t\t\t\t\t\t\t<\/div>\n\t\t\t\t<\/div>\n\t\t\t\t<div class=\"elementor-element elementor-element-e96366d elementor-widget elementor-widget-text-editor\" data-id=\"e96366d\" data-element_type=\"widget\" data-widget_type=\"text-editor.default\">\n\t\t\t\t<div class=\"elementor-widget-container\">\n\t\t\t\t\t\t\t\t\t<p><span style=\"font-family: var( --e-global-typography-text-font-family ), Sans-serif; font-size: var( --e-global-typography-text-font-size );\">Nest<\/span><span style=\"font-family: var( --e-global-typography-text-font-family ), Sans-serif; font-size: var( --e-global-typography-text-font-size );\">a sexta-feira (27), um dos homens investigados pelo crime de latroc\u00ednio que vitimou o Delegado de Pol\u00edcia aposentado, Jos\u00e9 Tadeu Vargas dos&nbsp;<\/span><span style=\"font-family: var( --e-global-typography-text-font-family ), Sans-serif; font-size: var( --e-global-typography-text-font-size );\">S<\/span><span style=\"font-family: var( --e-global-typography-text-font-family ), Sans-serif; font-size: var( --e-global-typography-text-font-size );\">antos, no dia 6 de janeiro deste ano, foi morto em confronto com policiais civis em Cocal do Sul. O homem estava armado com uma pistola.<\/span><\/p>\n<p>Segundo o Delegado Anselmo Cruz, da Delegacia de Roubos e Antissequestro da Diretoria Estadual de Investiga\u00e7\u00f5es Criminais (DEIC), o homem que revidou \u00e0 abordagem policial hoje foi um dos que entraram armados no bar onde ocorreu o crime que tirou a vida do delegado Vargas.<\/p>\n<p>A investiga\u00e7\u00e3o do caso \u00e9 realizada de forma conjunta pelas equipes da Divis\u00e3o de Investiga\u00e7\u00e3o Criminal de Crici\u00fama e pela DEIC.<\/p>\n<p><b><i>O delegado-geral da Pol\u00edcia Civil de Santa Catarina, Ulisses Gabriel, fala sobre o caso no v\u00eddeo:&nbsp;<\/i><\/b><\/p>\n<div>&nbsp;<\/div>\t\t\t\t\t\t\t\t<\/div>\n\t\t\t\t<\/div>\n\t\t\t\t\t<\/div>\n\t\t<\/div>\n\t\t\t\t\t<\/div>\n\t\t<\/section>\n\t\t\t\t<section class=\"elementor-section elementor-top-section elementor-element elementor-element-f35d7b0 elementor-section-boxed elementor-section-height-default elementor-section-height-default\" data-id=\"f35d7b0\" data-element_type=\"section\">\n\t\t\t\t\t\t<div class=\"elementor-container elementor-column-gap-default\">\n\t\t\t\t\t<div class=\"elementor-column elementor-col-100 elementor-top-column elementor-element elementor-element-38d877e\" data-id=\"38d877e\" data-element_type=\"column\">\n\t\t\t<div class=\"elementor-widget-wrap elementor-element-populated\">\n\t\t\t\t\t\t<div class=\"elementor-element elementor-element-73f8729 elementor-widget elementor-widget-video\" data-id=\"73f8729\" data-element_type=\"widget\" data-settings=\"{&quot;video_type&quot;:&quot;hosted&quot;,&quot;controls&quot;:&quot;yes&quot;}\" data-widget_type=\"video.default\">\n\t\t\t\t<div class=\"elementor-widget-container\">\n\t\t\t\t\t\t\t<div class=\"e-hosted-video elementor-wrapper elementor-open-inline\">\n\t\t\t\t\t<video class=\"elementor-video\" src=\"https:\/\/pc.sc.gov.br\/wp-content\/uploads\/2023\/01\/WhatsApp-Video-2023-01-27-at-19.25.08-1.mp4\" controls=\"\" preload=\"metadata\"><\/video>\n\t\t\t\t<\/div>\n\t\t\t\t\t\t<\/div>\n\t\t\t\t<\/div>\n\t\t\t\t\t<\/div>\n\t\t<\/div>\n\t\t\t\t\t<\/div>\n\t\t<\/section>\n\t\t\t\t<\/div>\n\t\t","protected":false},"excerpt":{"rendered":"<p>Caso Delegado Vargas: Um dos investigados \u00e9 morto em confronto com policiais civis em Cocal do Sul Nesta sexta-feira (27), um dos homens investigados pelo crime de latroc\u00ednio que vitimou o Delegado de Pol\u00edcia aposentado, Jos\u00e9 Tadeu Vargas dos&nbsp;Santos, no dia 6 de janeiro deste ano, foi morto em confronto com policiais civis em Cocal [&hellip;]<\/p>\n","protected":false},"author":5,"featured_media":4706,"comment_status":"closed","ping_status":"open","sticky":false,"template":"","format":"standard","meta":{"_monsterinsights_skip_tracking":false,"_monsterinsights_sitenote_active":false,"_monsterinsights_sitenote_note":"","_monsterinsights_sitenote_category":0,"footnotes":""},"categories":[1],"tags":[],"class_list":["post-4703","post","type-post","status-publish","format-standard","has-post-thumbnail","hentry","category-sem-categoria"],"_links":{"self":[{"href":"https:\/\/pc.sc.gov.br\/index.php?rest_route=\/wp\/v2\/posts\/4703","targetHints":{"allow":["GET"]}}],"collection":[{"href":"https:\/\/pc.sc.gov.br\/index.php?rest_route=\/wp\/v2\/posts"}],"about":[{"href":"https:\/\/pc.sc.gov.br\/index.php?rest_route=\/wp\/v2\/types\/post"}],"author":[{"embeddable":true,"href":"https:\/\/pc.sc.gov.br\/index.php?rest_route=\/wp\/v2\/users\/5"}],"replies":[{"embeddable":true,"href":"https:\/\/pc.sc.gov.br\/index.php?rest_route=%2Fwp%2Fv2%2Fcomments&post=4703"}],"version-history":[{"count":10,"href":"https:\/\/pc.sc.gov.br\/index.php?rest_route=\/wp\/v2\/posts\/4703\/revisions"}],"predecessor-version":[{"id":4717,"href":"https:\/\/pc.sc.gov.br\/index.php?rest_route=\/wp\/v2\/posts\/4703\/revisions\/4717"}],"wp:featuredmedia":[{"embeddable":true,"href":"https:\/\/pc.sc.gov.br\/index.php?rest_route=\/wp\/v2\/media\/4706"}],"wp:attachment":[{"href":"https:\/\/pc.sc.gov.br\/index.php?rest_route=%2Fwp%2Fv2%2Fmedia&parent=4703"}],"wp:term":[{"taxonomy":"category","embeddable":true,"href":"https:\/\/pc.sc.gov.br\/index.php?rest_route=%2Fwp%2Fv2%2Fcategories&post=4703"},{"taxonomy":"post_tag","embeddable":true,"href":"https:\/\/pc.sc.gov.br\/index.php?rest_route=%2Fwp%2Fv2%2Ftags&post=4703"}],"curies":[{"name":"wp","href":"https:\/\/api.w.org\/{rel}","templated":true}]}}