{"id":4718,"date":"2023-01-30T17:32:35","date_gmt":"2023-01-30T20:32:35","guid":{"rendered":"https:\/\/pc.sc.gov.br\/?p=4718"},"modified":"2023-01-30T17:34:10","modified_gmt":"2023-01-30T20:34:10","slug":"delegacia-de-furtos-e-roubos-de-cargas-da-deic-cumpre-mandado-de-sequestro-de-veiculo-avaliado-em-cerca-de-r-1-milhao-em-balneario-camboriu","status":"publish","type":"post","link":"https:\/\/pc.sc.gov.br\/?p=4718","title":{"rendered":"Delegacia de Furtos e Roubos de Cargas da DEIC cumpre mandado de sequestro de ve\u00edculo avaliado em cerca de R$ 1 milh\u00e3o em Balne\u00e1rio Cambori\u00fa"},"content":{"rendered":"\t\t<div data-elementor-type=\"wp-post\" data-elementor-id=\"4718\" class=\"elementor elementor-4718\" data-elementor-post-type=\"post\">\n\t\t\t\t\t\t<section class=\"elementor-section elementor-top-section elementor-element elementor-element-8bd6c7e elementor-section-boxed elementor-section-height-default elementor-section-height-default\" data-id=\"8bd6c7e\" data-element_type=\"section\">\n\t\t\t\t\t\t<div class=\"elementor-container elementor-column-gap-default\">\n\t\t\t\t\t<div class=\"elementor-column elementor-col-100 elementor-top-column elementor-element elementor-element-c3dd4c1\" data-id=\"c3dd4c1\" data-element_type=\"column\">\n\t\t\t<div class=\"elementor-widget-wrap elementor-element-populated\">\n\t\t\t\t\t\t<div class=\"elementor-element elementor-element-8d5e674 elementor-widget elementor-widget-heading\" data-id=\"8d5e674\" data-element_type=\"widget\" data-widget_type=\"heading.default\">\n\t\t\t\t<div class=\"elementor-widget-container\">\n\t\t\t\t\t<h2 class=\"elementor-heading-title elementor-size-default\">Delegacia de Furtos e Roubos de Cargas da DEIC cumpre mandado de sequestro de ve\u00edculo avaliado em cerca de R$ 1 milh\u00e3o em Balne\u00e1rio Cambori\u00fa<\/h2>\t\t\t\t<\/div>\n\t\t\t\t<\/div>\n\t\t\t\t<div class=\"elementor-element elementor-element-1d1cc96 elementor-widget elementor-widget-image\" data-id=\"1d1cc96\" data-element_type=\"widget\" data-widget_type=\"image.default\">\n\t\t\t\t<div class=\"elementor-widget-container\">\n\t\t\t\t\t\t\t\t\t\t\t\t\t\t\t<img fetchpriority=\"high\" decoding=\"async\" width=\"696\" height=\"464\" src=\"https:\/\/pc.sc.gov.br\/\/wp-content\/uploads\/2023\/01\/322271287_587661186438224_6271221013425908771_n-1024x682.jpg\" class=\"attachment-large size-large wp-image-4719\" alt=\"BMW de cor amarelo fosforescente\" srcset=\"https:\/\/pc.sc.gov.br\/\/wp-content\/uploads\/2023\/01\/322271287_587661186438224_6271221013425908771_n-1024x682.jpg 1024w, https:\/\/pc.sc.gov.br\/\/wp-content\/uploads\/2023\/01\/322271287_587661186438224_6271221013425908771_n-300x200.jpg 300w, https:\/\/pc.sc.gov.br\/\/wp-content\/uploads\/2023\/01\/322271287_587661186438224_6271221013425908771_n-768x512.jpg 768w, https:\/\/pc.sc.gov.br\/\/wp-content\/uploads\/2023\/01\/322271287_587661186438224_6271221013425908771_n.jpg 1280w\" sizes=\"(max-width: 696px) 100vw, 696px\" \/>\t\t\t\t\t\t\t\t\t\t\t\t\t\t\t<\/div>\n\t\t\t\t<\/div>\n\t\t\t\t<div class=\"elementor-element elementor-element-e3cb01b elementor-widget elementor-widget-text-editor\" data-id=\"e3cb01b\" data-element_type=\"widget\" data-widget_type=\"text-editor.default\">\n\t\t\t\t<div class=\"elementor-widget-container\">\n\t\t\t\t\t\t\t\t\t<p>Na sexta-feira (27), a Pol\u00edcia Civil de Santa Catarina, por meio da Delegacia de Furtos e Roubos de Cargas da Diretoria Estadual de Investiga\u00e7\u00f5es Criminais, em continuidade \u00e0 investiga\u00e7\u00e3o que apura um crime patrimonial que gerou preju\u00edzo milion\u00e1rio \u00e0 empresa v\u00edtima, realizou a\u00e7\u00e3o na cidade de Balne\u00e1rio Cambori\u00fa. O objetivo foi o cumprimento de um mandado de sequestro de um ve\u00edculo avaliado em quase R$ 1 milh\u00e3o, da marca BMW, modelo M3 Competition.<span style=\"font-family: var( --e-global-typography-primary-font-family ), Sans-serif; font-size: var( --e-global-typography-primary-font-size ); font-weight: var( --e-global-typography-primary-font-weight ); letter-spacing: var( --e-global-typography-primary-letter-spacing );\">&nbsp;<\/span><\/p>\n<p>Na \u00faltima quarta-feira, outro ve\u00edculo avaliado em R$ 1,6 milh\u00e3o com decis\u00e3o judicial de sequestro j\u00e1 tinha sido apreendido pela unidade. Saiba mais: <a href=\"https:\/\/pc.sc.gov.br\/?p=4514\"><b>https:\/\/pc.sc.gov.br\/?p=4514<\/b><\/a><\/p>\n<p>O delegado Osnei Valdir, respons\u00e1vel pela investiga\u00e7\u00e3o, esclarece que nos pr\u00f3ximos dias o inqu\u00e9rito policial ser\u00e1 finalizado e encaminhado ao Poder Judici\u00e1rio.<\/p>\t\t\t\t\t\t\t\t<\/div>\n\t\t\t\t<\/div>\n\t\t\t\t\t<\/div>\n\t\t<\/div>\n\t\t\t\t\t<\/div>\n\t\t<\/section>\n\t\t\t\t<\/div>\n\t\t","protected":false},"excerpt":{"rendered":"<p>Delegacia de Furtos e Roubos de Cargas da DEIC cumpre mandado de sequestro de ve\u00edculo avaliado em cerca de R$ 1 milh\u00e3o em Balne\u00e1rio Cambori\u00fa Na sexta-feira (27), a Pol\u00edcia Civil de Santa Catarina, por meio da Delegacia de Furtos e Roubos de Cargas da Diretoria Estadual de Investiga\u00e7\u00f5es Criminais, em continuidade \u00e0 investiga\u00e7\u00e3o que [&hellip;]<\/p>\n","protected":false},"author":5,"featured_media":4719,"comment_status":"closed","ping_status":"open","sticky":false,"template":"","format":"standard","meta":{"_monsterinsights_skip_tracking":false,"_monsterinsights_sitenote_active":false,"_monsterinsights_sitenote_note":"","_monsterinsights_sitenote_category":0,"footnotes":""},"categories":[1],"tags":[],"class_list":["post-4718","post","type-post","status-publish","format-standard","has-post-thumbnail","hentry","category-sem-categoria"],"_links":{"self":[{"href":"https:\/\/pc.sc.gov.br\/index.php?rest_route=\/wp\/v2\/posts\/4718","targetHints":{"allow":["GET"]}}],"collection":[{"href":"https:\/\/pc.sc.gov.br\/index.php?rest_route=\/wp\/v2\/posts"}],"about":[{"href":"https:\/\/pc.sc.gov.br\/index.php?rest_route=\/wp\/v2\/types\/post"}],"author":[{"embeddable":true,"href":"https:\/\/pc.sc.gov.br\/index.php?rest_route=\/wp\/v2\/users\/5"}],"replies":[{"embeddable":true,"href":"https:\/\/pc.sc.gov.br\/index.php?rest_route=%2Fwp%2Fv2%2Fcomments&post=4718"}],"version-history":[{"count":7,"href":"https:\/\/pc.sc.gov.br\/index.php?rest_route=\/wp\/v2\/posts\/4718\/revisions"}],"predecessor-version":[{"id":4726,"href":"https:\/\/pc.sc.gov.br\/index.php?rest_route=\/wp\/v2\/posts\/4718\/revisions\/4726"}],"wp:featuredmedia":[{"embeddable":true,"href":"https:\/\/pc.sc.gov.br\/index.php?rest_route=\/wp\/v2\/media\/4719"}],"wp:attachment":[{"href":"https:\/\/pc.sc.gov.br\/index.php?rest_route=%2Fwp%2Fv2%2Fmedia&parent=4718"}],"wp:term":[{"taxonomy":"category","embeddable":true,"href":"https:\/\/pc.sc.gov.br\/index.php?rest_route=%2Fwp%2Fv2%2Fcategories&post=4718"},{"taxonomy":"post_tag","embeddable":true,"href":"https:\/\/pc.sc.gov.br\/index.php?rest_route=%2Fwp%2Fv2%2Ftags&post=4718"}],"curies":[{"name":"wp","href":"https:\/\/api.w.org\/{rel}","templated":true}]}}