{"id":4727,"date":"2023-01-30T17:53:44","date_gmt":"2023-01-30T20:53:44","guid":{"rendered":"https:\/\/pc.sc.gov.br\/?p=4727"},"modified":"2023-01-30T17:57:54","modified_gmt":"2023-01-30T20:57:54","slug":"apos-22-horas-do-crime-policia-civil-prende-em-flagrante-homem-pelos-crimes-de-homicidio-e-tentativa-de-homicidio-em-nova-erechim","status":"publish","type":"post","link":"https:\/\/pc.sc.gov.br\/?p=4727","title":{"rendered":"Ap\u00f3s 22 horas do crime, Pol\u00edcia Civil prende em flagrante homem pelos crimes de homic\u00eddio e tentativa de homic\u00eddio em Nova Erechim"},"content":{"rendered":"\t\t<div data-elementor-type=\"wp-post\" data-elementor-id=\"4727\" class=\"elementor elementor-4727\" data-elementor-post-type=\"post\">\n\t\t\t\t\t\t<section class=\"elementor-section elementor-top-section elementor-element elementor-element-20aa3f2 elementor-section-boxed elementor-section-height-default elementor-section-height-default\" data-id=\"20aa3f2\" data-element_type=\"section\">\n\t\t\t\t\t\t<div class=\"elementor-container elementor-column-gap-default\">\n\t\t\t\t\t<div class=\"elementor-column elementor-col-100 elementor-top-column elementor-element elementor-element-58a2410\" data-id=\"58a2410\" data-element_type=\"column\">\n\t\t\t<div class=\"elementor-widget-wrap elementor-element-populated\">\n\t\t\t\t\t\t<div class=\"elementor-element elementor-element-7489fed elementor-widget elementor-widget-heading\" data-id=\"7489fed\" data-element_type=\"widget\" data-widget_type=\"heading.default\">\n\t\t\t\t<div class=\"elementor-widget-container\">\n\t\t\t\t\t<h2 class=\"elementor-heading-title elementor-size-default\">Ap\u00f3s 22 horas do crime, Pol\u00edcia Civil prende em flagrante homem pelos crimes de homic\u00eddio e tentativa de homic\u00eddio em Nova Erechim <\/h2>\t\t\t\t<\/div>\n\t\t\t\t<\/div>\n\t\t\t\t<div class=\"elementor-element elementor-element-f8ff5ae elementor-widget elementor-widget-image\" data-id=\"f8ff5ae\" data-element_type=\"widget\" data-widget_type=\"image.default\">\n\t\t\t\t<div class=\"elementor-widget-container\">\n\t\t\t\t\t\t\t\t\t\t\t\t\t\t\t<img fetchpriority=\"high\" decoding=\"async\" width=\"696\" height=\"547\" src=\"https:\/\/pc.sc.gov.br\/\/wp-content\/uploads\/2023\/01\/322271287_587661186438224_6271221013425908771_nx-1024x805.jpg\" class=\"attachment-large size-large wp-image-4735\" alt=\"policial civil da DIC em frente a viatura e abrindo o porta-malas da mesma\" srcset=\"https:\/\/pc.sc.gov.br\/\/wp-content\/uploads\/2023\/01\/322271287_587661186438224_6271221013425908771_nx-1024x805.jpg 1024w, https:\/\/pc.sc.gov.br\/\/wp-content\/uploads\/2023\/01\/322271287_587661186438224_6271221013425908771_nx-300x236.jpg 300w, https:\/\/pc.sc.gov.br\/\/wp-content\/uploads\/2023\/01\/322271287_587661186438224_6271221013425908771_nx-768x604.jpg 768w, https:\/\/pc.sc.gov.br\/\/wp-content\/uploads\/2023\/01\/322271287_587661186438224_6271221013425908771_nx.jpg 1322w\" sizes=\"(max-width: 696px) 100vw, 696px\" \/>\t\t\t\t\t\t\t\t\t\t\t\t\t\t\t<\/div>\n\t\t\t\t<\/div>\n\t\t\t\t<div class=\"elementor-element elementor-element-347f158 elementor-widget elementor-widget-text-editor\" data-id=\"347f158\" data-element_type=\"widget\" data-widget_type=\"text-editor.default\">\n\t\t\t\t<div class=\"elementor-widget-container\">\n\t\t\t\t\t\t\t\t\t<p>A Pol\u00edcia Civil de Santa Catarina, por meio da Divis\u00e3o de Investiga\u00e7\u00e3o Criminal de Maravilha, conseguiu capturar em flagrante um homem pelos crimes de homic\u00eddio qualificado consumado e homic\u00eddio qualificado tentado, ocorridos por volta das 18h do s\u00e1bado (28).<\/p>\n<p>Conforme apurado, o autor havia terminado relacionamento amoroso com uma das v\u00edtimas h\u00e1 aproximadamente uma semana, ocasi\u00e3o em que amea\u00e7ou ela de morte com o intuito de constrang\u00ea-la a n\u00e3o se envolver com outra pessoa. Na tarde de ontem, enquanto trafegava em via p\u00fablica, o investigado visualizou as v\u00edtimas confraternizando em via p\u00fablica, raz\u00e3o pela qual, movido por \u00f3dio e ci\u00fame, foi para sua resid\u00eancia para buscar meios para cometer o crime.<span style=\"font-family: var( --e-global-typography-primary-font-family ), Sans-serif; font-size: var( --e-global-typography-primary-font-size ); font-weight: var( --e-global-typography-primary-font-weight ); letter-spacing: var( --e-global-typography-primary-letter-spacing );\">&nbsp;<\/span><\/p>\n<p>Imediatamente o autor retornou ao local na posse de um fac\u00e3o e, sem aviso, passou a desferir golpes violentos contra um homem que estava no local, sendo que, no m\u00ednimo sete golpes com potencial letalidade atingiram a v\u00edtima no cr\u00e2nio, rosto, peito e costas.<\/p>\n<p>Ap\u00f3s matar o homem, o autor se voltou contra sua ex-companheira, que tentou se esconder durante a briga inicial, mas foi alcan\u00e7ada e agredida com um golpe de fac\u00e3o, que lhe atingiu uma das m\u00e3os para se proteger. Ap\u00f3s a pr\u00e1tica dos crimes, o autor fugiu correndo do local do delito e passou a ser procurado pela Pol\u00edcia.<\/p>\n<p>A Pol\u00edcia Civil realizou v\u00e1rias dilig\u00eancias durante quase vinte horas, at\u00e9 que foi poss\u00edvel encontrar o autor escondido em uma resid\u00eancia em Nova Erechim. Confirmada a presen\u00e7a do foragido no local, os policiais montaram opera\u00e7\u00e3o para executar a pris\u00e3o, momento em que o homem foi capturado e, ap\u00f3s resist\u00eancia inicial, foi contido e preso.<\/p>\n<p>O homem preso j\u00e1 possui vasto hist\u00f3rico criminal, tendo cumprido mais de uma d\u00e9cada de pena pela pr\u00e1tica de outros crimes. Constam em seus registros ao menos tr\u00eas homic\u00eddios anteriores (inclusive com uso de arma branca), roubo, amea\u00e7a, fuga de pres\u00eddio, desacato e embriaguez ao volante.<\/p>\n<p>O preso foi autuado em flagrante pelos crimes de homic\u00eddio duplamente qualificados (pelo motivo f\u00fatil e forma de execu\u00e7\u00e3o que dificultou a defesa das v\u00edtimas) e por tentativa de homic\u00eddio tamb\u00e9m duplamente qualificada. A incid\u00eancia da qualificadora do feminic\u00eddio ser\u00e1 objeto de apura\u00e7\u00e3o mais detalhada em continuidade da investiga\u00e7\u00e3o. Ao final dos procedimentos, o investigado foi encaminhado \u00e0 unidade prisional de Maravilha.<\/p>\n<p><b>Delegado de Pol\u00edcia Rodrigo Moura fala sobre o caso nos v\u00eddeos:<\/b><br><\/p>\t\t\t\t\t\t\t\t<\/div>\n\t\t\t\t<\/div>\n\t\t\t\t<div class=\"elementor-element elementor-element-f7c4789 elementor-widget elementor-widget-video\" data-id=\"f7c4789\" data-element_type=\"widget\" data-settings=\"{&quot;video_type&quot;:&quot;hosted&quot;,&quot;controls&quot;:&quot;yes&quot;}\" data-widget_type=\"video.default\">\n\t\t\t\t<div class=\"elementor-widget-container\">\n\t\t\t\t\t\t\t<div class=\"e-hosted-video elementor-wrapper elementor-open-inline\">\n\t\t\t\t\t<video class=\"elementor-video\" src=\"https:\/\/pc.sc.gov.br\/wp-content\/uploads\/2023\/01\/WhatsApp-Video-2023-01-30-at-17.48.33.mp4\" controls=\"\" preload=\"metadata\"><\/video>\n\t\t\t\t<\/div>\n\t\t\t\t\t\t<\/div>\n\t\t\t\t<\/div>\n\t\t\t\t<div class=\"elementor-element elementor-element-342b6fb elementor-widget elementor-widget-video\" data-id=\"342b6fb\" data-element_type=\"widget\" data-settings=\"{&quot;video_type&quot;:&quot;hosted&quot;,&quot;controls&quot;:&quot;yes&quot;}\" data-widget_type=\"video.default\">\n\t\t\t\t<div class=\"elementor-widget-container\">\n\t\t\t\t\t\t\t<div class=\"e-hosted-video elementor-wrapper elementor-open-inline\">\n\t\t\t\t\t<video class=\"elementor-video\" src=\"https:\/\/pc.sc.gov.br\/wp-content\/uploads\/2023\/01\/WhatsApp-Video-2023-01-30-at-17.48.42.mp4\" controls=\"\" preload=\"metadata\"><\/video>\n\t\t\t\t<\/div>\n\t\t\t\t\t\t<\/div>\n\t\t\t\t<\/div>\n\t\t\t\t<div class=\"elementor-element elementor-element-167f434 elementor-widget elementor-widget-video\" data-id=\"167f434\" data-element_type=\"widget\" data-settings=\"{&quot;video_type&quot;:&quot;hosted&quot;,&quot;controls&quot;:&quot;yes&quot;}\" data-widget_type=\"video.default\">\n\t\t\t\t<div class=\"elementor-widget-container\">\n\t\t\t\t\t\t\t<div class=\"e-hosted-video elementor-wrapper elementor-open-inline\">\n\t\t\t\t\t<video class=\"elementor-video\" src=\"https:\/\/pc.sc.gov.br\/wp-content\/uploads\/2023\/01\/WhatsApp-Video-2023-01-30-at-17.48.51.mp4\" controls=\"\" preload=\"metadata\"><\/video>\n\t\t\t\t<\/div>\n\t\t\t\t\t\t<\/div>\n\t\t\t\t<\/div>\n\t\t\t\t\t<\/div>\n\t\t<\/div>\n\t\t\t\t\t<\/div>\n\t\t<\/section>\n\t\t\t\t<\/div>\n\t\t","protected":false},"excerpt":{"rendered":"<p>Ap\u00f3s 22 horas do crime, Pol\u00edcia Civil prende em flagrante homem pelos crimes de homic\u00eddio e tentativa de homic\u00eddio em Nova Erechim A Pol\u00edcia Civil de Santa Catarina, por meio da Divis\u00e3o de Investiga\u00e7\u00e3o Criminal de Maravilha, conseguiu capturar em flagrante um homem pelos crimes de homic\u00eddio qualificado consumado e homic\u00eddio qualificado tentado, ocorridos por [&hellip;]<\/p>\n","protected":false},"author":5,"featured_media":4739,"comment_status":"closed","ping_status":"open","sticky":false,"template":"","format":"standard","meta":{"_monsterinsights_skip_tracking":false,"_monsterinsights_sitenote_active":false,"_monsterinsights_sitenote_note":"","_monsterinsights_sitenote_category":0,"footnotes":""},"categories":[1],"tags":[],"class_list":["post-4727","post","type-post","status-publish","format-standard","has-post-thumbnail","hentry","category-sem-categoria"],"_links":{"self":[{"href":"https:\/\/pc.sc.gov.br\/index.php?rest_route=\/wp\/v2\/posts\/4727","targetHints":{"allow":["GET"]}}],"collection":[{"href":"https:\/\/pc.sc.gov.br\/index.php?rest_route=\/wp\/v2\/posts"}],"about":[{"href":"https:\/\/pc.sc.gov.br\/index.php?rest_route=\/wp\/v2\/types\/post"}],"author":[{"embeddable":true,"href":"https:\/\/pc.sc.gov.br\/index.php?rest_route=\/wp\/v2\/users\/5"}],"replies":[{"embeddable":true,"href":"https:\/\/pc.sc.gov.br\/index.php?rest_route=%2Fwp%2Fv2%2Fcomments&post=4727"}],"version-history":[{"count":11,"href":"https:\/\/pc.sc.gov.br\/index.php?rest_route=\/wp\/v2\/posts\/4727\/revisions"}],"predecessor-version":[{"id":4743,"href":"https:\/\/pc.sc.gov.br\/index.php?rest_route=\/wp\/v2\/posts\/4727\/revisions\/4743"}],"wp:featuredmedia":[{"embeddable":true,"href":"https:\/\/pc.sc.gov.br\/index.php?rest_route=\/wp\/v2\/media\/4739"}],"wp:attachment":[{"href":"https:\/\/pc.sc.gov.br\/index.php?rest_route=%2Fwp%2Fv2%2Fmedia&parent=4727"}],"wp:term":[{"taxonomy":"category","embeddable":true,"href":"https:\/\/pc.sc.gov.br\/index.php?rest_route=%2Fwp%2Fv2%2Fcategories&post=4727"},{"taxonomy":"post_tag","embeddable":true,"href":"https:\/\/pc.sc.gov.br\/index.php?rest_route=%2Fwp%2Fv2%2Ftags&post=4727"}],"curies":[{"name":"wp","href":"https:\/\/api.w.org\/{rel}","templated":true}]}}