{"id":4744,"date":"2023-01-30T18:23:43","date_gmt":"2023-01-30T21:23:43","guid":{"rendered":"https:\/\/pc.sc.gov.br\/?p=4744"},"modified":"2023-01-30T18:28:04","modified_gmt":"2023-01-30T21:28:04","slug":"delegada-monica-manganelli-coimbra-forcerllini-e-nova-titular-da-30a-delegacia-regional-de-palhoca","status":"publish","type":"post","link":"https:\/\/pc.sc.gov.br\/?p=4744","title":{"rendered":"Delegada M\u00f4nica Manganelli Coimbra Forcerllini \u00e9 nova titular da 30\u00aa Delegacia Regional de Palho\u00e7a"},"content":{"rendered":"\t\t<div data-elementor-type=\"wp-post\" data-elementor-id=\"4744\" class=\"elementor elementor-4744\" data-elementor-post-type=\"post\">\n\t\t\t\t\t\t<section class=\"elementor-section elementor-top-section elementor-element elementor-element-2aeb6b8 elementor-section-boxed elementor-section-height-default elementor-section-height-default\" data-id=\"2aeb6b8\" data-element_type=\"section\">\n\t\t\t\t\t\t<div class=\"elementor-container elementor-column-gap-default\">\n\t\t\t\t\t<div class=\"elementor-column elementor-col-100 elementor-top-column elementor-element elementor-element-102b698\" data-id=\"102b698\" data-element_type=\"column\">\n\t\t\t<div class=\"elementor-widget-wrap elementor-element-populated\">\n\t\t\t\t\t\t<div class=\"elementor-element elementor-element-2f6fa4b elementor-widget elementor-widget-heading\" data-id=\"2f6fa4b\" data-element_type=\"widget\" data-widget_type=\"heading.default\">\n\t\t\t\t<div class=\"elementor-widget-container\">\n\t\t\t\t\t<h2 class=\"elementor-heading-title elementor-size-default\">Delegada M\u00f4nica Manganelli Coimbra Forcerllini \u00e9 nova titular da 30\u00aa Delegacia Regional de Palho\u00e7a \n<\/h2>\t\t\t\t<\/div>\n\t\t\t\t<\/div>\n\t\t\t\t<div class=\"elementor-element elementor-element-e7bff6f elementor-widget elementor-widget-image\" data-id=\"e7bff6f\" data-element_type=\"widget\" data-widget_type=\"image.default\">\n\t\t\t\t<div class=\"elementor-widget-container\">\n\t\t\t\t\t\t\t\t\t\t\t\t\t\t\t<img fetchpriority=\"high\" decoding=\"async\" width=\"558\" height=\"1024\" src=\"https:\/\/pc.sc.gov.br\/\/wp-content\/uploads\/2023\/01\/322271287_587661186438224_6271221013425908771_nxzxzx-558x1024.jpg\" class=\"attachment-large size-large wp-image-4749\" alt=\"Delegada M\u00f4nica Manganelli(lado direito da foto), Delegado Geral Ulisses Gabriel(ao meio) e Patr\u00edcia Fronza (ao lado esquerdo)\" srcset=\"https:\/\/pc.sc.gov.br\/\/wp-content\/uploads\/2023\/01\/322271287_587661186438224_6271221013425908771_nxzxzx-558x1024.jpg 558w, https:\/\/pc.sc.gov.br\/\/wp-content\/uploads\/2023\/01\/322271287_587661186438224_6271221013425908771_nxzxzx-163x300.jpg 163w, https:\/\/pc.sc.gov.br\/\/wp-content\/uploads\/2023\/01\/322271287_587661186438224_6271221013425908771_nxzxzx.jpg 681w\" sizes=\"(max-width: 558px) 100vw, 558px\" \/>\t\t\t\t\t\t\t\t\t\t\t\t\t\t\t<\/div>\n\t\t\t\t<\/div>\n\t\t\t\t<div class=\"elementor-element elementor-element-f7a95f9 elementor-widget elementor-widget-text-editor\" data-id=\"f7a95f9\" data-element_type=\"widget\" data-widget_type=\"text-editor.default\">\n\t\t\t\t<div class=\"elementor-widget-container\">\n\t\t\t\t\t\t\t\t\t<p>Nesta segunda-feira (30), o Delegado-Geral da Pol\u00edcia Civil de Santa Catarina, Ulisses Gabriel, deu posse \u00e0 nova titular da 30\u00aa Delegacia Regional de Palho\u00e7a (DRP), Delegada M\u00f4nica Manganelli Coimbra Forcerllini. O ato foi realizado na C\u00e2mara de Vereadores de Palho\u00e7a e contou com a presen\u00e7a dos Deputados Maur\u00edcio Eskudlark e Camilo Martins, Promotora de Justi\u00e7a Cristine Angulski da Luz, da 3\u00aa Promotoria de Justi\u00e7a de Palho\u00e7a, Delegados de Pol\u00edcia da regi\u00e3o, representantes da OAB, Corpo de Bombeiros Militar, Pol\u00edcia Militar, Pol\u00edcia Cient\u00edfica, Guarda Municipal de Palho\u00e7a, entre outras autoridades.<\/p><p>O Delegado- Geral, Ulisses Gabriel, enfatizou a import\u00e2ncia das DRPs, na constru\u00e7\u00e3o de um projeto conjunto a fim de melhorar, cada vez mais, os \u00edndices de seguran\u00e7a p\u00fablica de SC. \u201cOs cargos s\u00e3o de suma import\u00e2ncia para os bons resultados da Pol\u00edcia Civil por isso valorizamos quem chega e quem sai.\u201d O Delegado Ulisses Gabriel disse ainda que a sua gest\u00e3o est\u00e1 pautada no or\u00e7amento da PCSC, na gest\u00e3o do efetivo, pois isso impacta diretamente no atendimento \u00e0 popula\u00e7\u00e3o, entre outras demandas.<span style=\"font-family: var( --e-global-typography-primary-font-family ), Sans-serif; font-size: var( --e-global-typography-primary-font-size ); font-weight: var( --e-global-typography-primary-font-weight ); letter-spacing: var( --e-global-typography-primary-letter-spacing );\">\u00a0<\/span><\/p><p>A Delegada M\u00f4nica Manganelli Coimbra Forcerllini substitui a Delegada Patr\u00edcia Cristina Fronza Vieira que passar\u00e1 a atuar na Delegacia de Investiga\u00e7\u00e3o de Crimes Ambientais e Crime contra as Rela\u00e7\u00f5es de Consumo da Diretoria Estadual de Investiga\u00e7\u00f5es Criminais (DEIC). Em reconhecimento aos excelentes servi\u00e7os prestados na 30\u00aa DRP de Palho\u00e7a, a Diretora de Pol\u00edcia da Grande Florian\u00f3polis, Delegada Michele Alves Correa Rebelo, entregou uma medalha para a Delegada Patr\u00edcia Fronza Vieira.<\/p><p>Em sua fala de despedida, a Delegada Patr\u00edcia destacou a import\u00e2ncia da integra\u00e7\u00e3o entre as for\u00e7as de seguran\u00e7a para a obten\u00e7\u00e3o de resultados. \u201cCom a parceria dos colegas delegados conseguimos implantar algumas mudan\u00e7as como a melhoria das condi\u00e7\u00f5es de trabalho e a otimiza\u00e7\u00e3o do efetivo. Nossa miss\u00e3o como DRP sempre foi facilitar melhorar e facilitar o trabalho nas delegacias\u201d, assinalou.<span style=\"font-family: var( --e-global-typography-primary-font-family ), Sans-serif; font-size: var( --e-global-typography-primary-font-size ); font-weight: var( --e-global-typography-primary-font-weight ); letter-spacing: var( --e-global-typography-primary-letter-spacing );\">\u00a0<\/span><\/p><p>A nova titular da 30\u00aa DRP de Palho\u00e7a, M\u00f4nica Manganelli Coimbra Forcerllini, disse que a Pol\u00edcia Civil vai ampliar seus esfor\u00e7os no combate ao tr\u00e1fico de drogas e nos crimes envolvendo crian\u00e7as, adolescentes, mulheres e idosos. \u201cSempre em parceria com as demais for\u00e7as de seguran\u00e7a a fim de tornarmos a sociedade mais segura\u201d, enfatizou.<\/p><p>A Diretora de Pol\u00edcia da Grande Florian\u00f3polis, Delegada Michele Alves Correa Rebelo, que j\u00e1 esteve \u00e0 frente da 30\u00aa DRP de Palho\u00e7a, agradeceu o empenho de todos os policiais que atuam na regi\u00e3o e que a uni\u00e3o de todas as for\u00e7as s\u00e3o fundamentais para a gera\u00e7\u00e3o de resultados e prote\u00e7\u00e3o das pessoas.<\/p><p>O Deputado Maur\u00edcio Eskudlark, que tamb\u00e9m \u00e9 delegado aposentado, resumiu a import\u00e2ncia do papel a da Pol\u00edcia Civil na seguran\u00e7a p\u00fablica. \u201cA Pol\u00edcia \u00e9 a \u00faltima barreira antes do caos social.\u201d<span style=\"font-family: var( --e-global-typography-primary-font-family ), Sans-serif; font-size: var( --e-global-typography-primary-font-size ); font-weight: var( --e-global-typography-primary-font-weight ); letter-spacing: var( --e-global-typography-primary-letter-spacing );\">\u00a0<\/span><\/p><p><b style=\"font-family: var( --e-global-typography-primary-font-family ), Sans-serif; font-size: var( --e-global-typography-primary-font-size ); letter-spacing: var( --e-global-typography-primary-letter-spacing );\">Conhe\u00e7a a nova Delegada da 30\u00aa DRP de Palho\u00e7a<\/b><\/p><p>Monica Manganelli Coimbra Forcellini iniciou sua carreira na Pol\u00edcia Civil de Santa Catarina no cargo de Inspetora de Pol\u00edcia em 1998, ingressando no cargo de Delegada de Pol\u00edcia em 2008. Atuou tanto no \u00e2mbito administrativo quanto operacional. Exerceu, na qualidade de Delegada de Pol\u00edcia, fun\u00e7\u00f5es na 6\u00aa Delegacia de Pol\u00edcia da Capital, na Central de Plant\u00e3o da Capital; na ACADEPOL e na Delegacia de Pol\u00edcia da Comarca de Navegantes.<\/p><p><span style=\"font-family: var( --e-global-typography-primary-font-family ), Sans-serif; font-size: var( --e-global-typography-primary-font-size ); font-weight: var( --e-global-typography-primary-font-weight ); letter-spacing: var( --e-global-typography-primary-letter-spacing );\">Atuou ainda como Ouvidora e Secret\u00e1ria de Estado Adjunta na Secretaria de Estado de Justi\u00e7a e Cidadania de Santa Catarina. Nos \u00faltimos 9 anos, atuou como Delegada Corregedora na Corregedoria-Geral da Pol\u00edcia Civil.Desde 2022 faz parte do quadro de docentes da Acadepol. A delegada M\u00f4nica \u00e9 Especialista em Gest\u00e3o de Seguran\u00e7a P\u00fablica, Especialista em Direito Administrativo, Mestre em Engenharia de Produ\u00e7\u00e3o e atualmente \u00e9 doutoranda na UDESC.<\/span><\/p><p>A Delegacia Regional de Palho\u00e7a foi inaugurada no dia 27 de setembro de 2002. A unidade faz parte da Diretoria de Pol\u00edcia da Grande Florian\u00f3polis e abrange as comarcas de Palho\u00e7a e Santo Amaro da Imperatriz, os munic\u00edpios de \u00c1guas Mornas, Angelina, Anit\u00e1polis, Rancho Queimado e S\u00e3o Bonif\u00e1cio e o distrito de Pinheira.<span style=\"font-family: var( --e-global-typography-primary-font-family ), Sans-serif; font-size: var( --e-global-typography-primary-font-size ); font-weight: var( --e-global-typography-primary-font-weight ); letter-spacing: var( --e-global-typography-primary-letter-spacing );\">\u00a0<\/span><\/p><p>J\u00e1 foram titulares da Delegacia Regional de Palho\u00e7a os delegados de Pol\u00edcia Ilson da Silva, Rubens Jo\u00e3o Leite e Claudinei Churkin (como adjunto), Wilter Domingues, Gisele de Faria Jeronimo, Juarez de Souza Medeiros, Beatriz Ribas Dias dos Reis, Michele Alves Correa Rebelo e a delegada Patr\u00edcia Cristina Fronza Vieira, que na presente data, transmite o cargo para a Delegada de Pol\u00edcia M\u00f4nica Manganelli Coimbra Forcellini.<\/p>\t\t\t\t\t\t\t\t<\/div>\n\t\t\t\t<\/div>\n\t\t\t\t<div class=\"elementor-element elementor-element-8f10445 elementor-widget elementor-widget-image\" data-id=\"8f10445\" data-element_type=\"widget\" data-widget_type=\"image.default\">\n\t\t\t\t<div class=\"elementor-widget-container\">\n\t\t\t\t\t\t\t\t\t\t\t\t\t\t\t<img decoding=\"async\" width=\"696\" height=\"417\" src=\"https:\/\/pc.sc.gov.br\/\/wp-content\/uploads\/2023\/01\/322271287_587661186438224_6271221013425908771_nxzxzxxsxs541-1024x613.jpg\" class=\"attachment-large size-large wp-image-4751\" alt=\"\" srcset=\"https:\/\/pc.sc.gov.br\/\/wp-content\/uploads\/2023\/01\/322271287_587661186438224_6271221013425908771_nxzxzxxsxs541-1024x613.jpg 1024w, https:\/\/pc.sc.gov.br\/\/wp-content\/uploads\/2023\/01\/322271287_587661186438224_6271221013425908771_nxzxzxxsxs541-300x180.jpg 300w, https:\/\/pc.sc.gov.br\/\/wp-content\/uploads\/2023\/01\/322271287_587661186438224_6271221013425908771_nxzxzxxsxs541-768x460.jpg 768w, https:\/\/pc.sc.gov.br\/\/wp-content\/uploads\/2023\/01\/322271287_587661186438224_6271221013425908771_nxzxzxxsxs541.jpg 1231w\" sizes=\"(max-width: 696px) 100vw, 696px\" \/>\t\t\t\t\t\t\t\t\t\t\t\t\t\t\t<\/div>\n\t\t\t\t<\/div>\n\t\t\t\t<div class=\"elementor-element elementor-element-6b56cc5 elementor-widget elementor-widget-image\" data-id=\"6b56cc5\" data-element_type=\"widget\" data-widget_type=\"image.default\">\n\t\t\t\t<div class=\"elementor-widget-container\">\n\t\t\t\t\t\t\t\t\t\t\t\t\t\t\t<img decoding=\"async\" width=\"696\" height=\"356\" src=\"https:\/\/pc.sc.gov.br\/\/wp-content\/uploads\/2023\/01\/322271287_587661186438224_6271221013425908771_nxzxzxxsxs-1024x524.jpg\" class=\"attachment-large size-large wp-image-4752\" alt=\"\" srcset=\"https:\/\/pc.sc.gov.br\/\/wp-content\/uploads\/2023\/01\/322271287_587661186438224_6271221013425908771_nxzxzxxsxs-1024x524.jpg 1024w, https:\/\/pc.sc.gov.br\/\/wp-content\/uploads\/2023\/01\/322271287_587661186438224_6271221013425908771_nxzxzxxsxs-300x153.jpg 300w, https:\/\/pc.sc.gov.br\/\/wp-content\/uploads\/2023\/01\/322271287_587661186438224_6271221013425908771_nxzxzxxsxs-768x393.jpg 768w, https:\/\/pc.sc.gov.br\/\/wp-content\/uploads\/2023\/01\/322271287_587661186438224_6271221013425908771_nxzxzxxsxs-1536x785.jpg 1536w, https:\/\/pc.sc.gov.br\/\/wp-content\/uploads\/2023\/01\/322271287_587661186438224_6271221013425908771_nxzxzxxsxs.jpg 1600w\" sizes=\"(max-width: 696px) 100vw, 696px\" \/>\t\t\t\t\t\t\t\t\t\t\t\t\t\t\t<\/div>\n\t\t\t\t<\/div>\n\t\t\t\t<div class=\"elementor-element elementor-element-eb8338b elementor-widget elementor-widget-image\" data-id=\"eb8338b\" data-element_type=\"widget\" data-widget_type=\"image.default\">\n\t\t\t\t<div class=\"elementor-widget-container\">\n\t\t\t\t\t\t\t\t\t\t\t\t\t\t\t<img loading=\"lazy\" decoding=\"async\" width=\"696\" height=\"1002\" src=\"https:\/\/pc.sc.gov.br\/\/wp-content\/uploads\/2023\/01\/322271287_587661186438224_6271221013425908771_nxzxzxxsxs541654-711x1024.jpg\" class=\"attachment-large size-large wp-image-4750\" alt=\"\" srcset=\"https:\/\/pc.sc.gov.br\/\/wp-content\/uploads\/2023\/01\/322271287_587661186438224_6271221013425908771_nxzxzxxsxs541654-711x1024.jpg 711w, https:\/\/pc.sc.gov.br\/\/wp-content\/uploads\/2023\/01\/322271287_587661186438224_6271221013425908771_nxzxzxxsxs541654-208x300.jpg 208w, https:\/\/pc.sc.gov.br\/\/wp-content\/uploads\/2023\/01\/322271287_587661186438224_6271221013425908771_nxzxzxxsxs541654-768x1106.jpg 768w, https:\/\/pc.sc.gov.br\/\/wp-content\/uploads\/2023\/01\/322271287_587661186438224_6271221013425908771_nxzxzxxsxs541654.jpg 894w\" sizes=\"(max-width: 696px) 100vw, 696px\" \/>\t\t\t\t\t\t\t\t\t\t\t\t\t\t\t<\/div>\n\t\t\t\t<\/div>\n\t\t\t\t\t<\/div>\n\t\t<\/div>\n\t\t\t\t\t<\/div>\n\t\t<\/section>\n\t\t\t\t<\/div>\n\t\t","protected":false},"excerpt":{"rendered":"<p>Delegada M\u00f4nica Manganelli Coimbra Forcerllini \u00e9 nova titular da 30\u00aa Delegacia Regional de Palho\u00e7a Nesta segunda-feira (30), o Delegado-Geral da Pol\u00edcia Civil de Santa Catarina, Ulisses Gabriel, deu posse \u00e0 nova titular da 30\u00aa Delegacia Regional de Palho\u00e7a (DRP), Delegada M\u00f4nica Manganelli Coimbra Forcerllini. O ato foi realizado na C\u00e2mara de Vereadores de Palho\u00e7a e [&hellip;]<\/p>\n","protected":false},"author":5,"featured_media":4760,"comment_status":"closed","ping_status":"open","sticky":false,"template":"","format":"standard","meta":{"_monsterinsights_skip_tracking":false,"_monsterinsights_sitenote_active":false,"_monsterinsights_sitenote_note":"","_monsterinsights_sitenote_category":0,"footnotes":""},"categories":[1],"tags":[],"class_list":["post-4744","post","type-post","status-publish","format-standard","has-post-thumbnail","hentry","category-sem-categoria"],"_links":{"self":[{"href":"https:\/\/pc.sc.gov.br\/index.php?rest_route=\/wp\/v2\/posts\/4744","targetHints":{"allow":["GET"]}}],"collection":[{"href":"https:\/\/pc.sc.gov.br\/index.php?rest_route=\/wp\/v2\/posts"}],"about":[{"href":"https:\/\/pc.sc.gov.br\/index.php?rest_route=\/wp\/v2\/types\/post"}],"author":[{"embeddable":true,"href":"https:\/\/pc.sc.gov.br\/index.php?rest_route=\/wp\/v2\/users\/5"}],"replies":[{"embeddable":true,"href":"https:\/\/pc.sc.gov.br\/index.php?rest_route=%2Fwp%2Fv2%2Fcomments&post=4744"}],"version-history":[{"count":8,"href":"https:\/\/pc.sc.gov.br\/index.php?rest_route=\/wp\/v2\/posts\/4744\/revisions"}],"predecessor-version":[{"id":4758,"href":"https:\/\/pc.sc.gov.br\/index.php?rest_route=\/wp\/v2\/posts\/4744\/revisions\/4758"}],"wp:featuredmedia":[{"embeddable":true,"href":"https:\/\/pc.sc.gov.br\/index.php?rest_route=\/wp\/v2\/media\/4760"}],"wp:attachment":[{"href":"https:\/\/pc.sc.gov.br\/index.php?rest_route=%2Fwp%2Fv2%2Fmedia&parent=4744"}],"wp:term":[{"taxonomy":"category","embeddable":true,"href":"https:\/\/pc.sc.gov.br\/index.php?rest_route=%2Fwp%2Fv2%2Fcategories&post=4744"},{"taxonomy":"post_tag","embeddable":true,"href":"https:\/\/pc.sc.gov.br\/index.php?rest_route=%2Fwp%2Fv2%2Ftags&post=4744"}],"curies":[{"name":"wp","href":"https:\/\/api.w.org\/{rel}","templated":true}]}}