{"id":4761,"date":"2023-01-30T18:38:39","date_gmt":"2023-01-30T21:38:39","guid":{"rendered":"https:\/\/pc.sc.gov.br\/?p=4761"},"modified":"2023-01-30T18:39:28","modified_gmt":"2023-01-30T21:39:28","slug":"policia-civil-elucida-roubo-ocorrido-em-setembro-e-prende-autores-do-crime-em-ararangua","status":"publish","type":"post","link":"https:\/\/pc.sc.gov.br\/?p=4761","title":{"rendered":"Pol\u00edcia Civil elucida roubo ocorrido em setembro e prende autores do crime em Ararangu\u00e1"},"content":{"rendered":"\t\t<div data-elementor-type=\"wp-post\" data-elementor-id=\"4761\" class=\"elementor elementor-4761\" data-elementor-post-type=\"post\">\n\t\t\t\t\t\t<section class=\"elementor-section elementor-top-section elementor-element elementor-element-0009b91 elementor-section-boxed elementor-section-height-default elementor-section-height-default\" data-id=\"0009b91\" data-element_type=\"section\">\n\t\t\t\t\t\t<div class=\"elementor-container elementor-column-gap-default\">\n\t\t\t\t\t<div class=\"elementor-column elementor-col-100 elementor-top-column elementor-element elementor-element-6a5b63a\" data-id=\"6a5b63a\" data-element_type=\"column\">\n\t\t\t<div class=\"elementor-widget-wrap elementor-element-populated\">\n\t\t\t\t\t\t<div class=\"elementor-element elementor-element-9c75fb5 elementor-widget elementor-widget-heading\" data-id=\"9c75fb5\" data-element_type=\"widget\" data-widget_type=\"heading.default\">\n\t\t\t\t<div class=\"elementor-widget-container\">\n\t\t\t\t\t<h2 class=\"elementor-heading-title elementor-size-default\">Pol\u00edcia Civil elucida roubo ocorrido em setembro e prende autores do crime em Ararangu\u00e1\n<\/h2>\t\t\t\t<\/div>\n\t\t\t\t<\/div>\n\t\t\t\t<div class=\"elementor-element elementor-element-ca40181 elementor-widget elementor-widget-image\" data-id=\"ca40181\" data-element_type=\"widget\" data-widget_type=\"image.default\">\n\t\t\t\t<div class=\"elementor-widget-container\">\n\t\t\t\t\t\t\t\t\t\t\t\t\t\t\t<img fetchpriority=\"high\" decoding=\"async\" width=\"510\" height=\"680\" src=\"https:\/\/pc.sc.gov.br\/\/wp-content\/uploads\/2022\/12\/BANNER_3.jpg\" class=\"attachment-large size-large wp-image-2530\" alt=\"banner da policia civil\" srcset=\"https:\/\/pc.sc.gov.br\/\/wp-content\/uploads\/2022\/12\/BANNER_3.jpg 510w, https:\/\/pc.sc.gov.br\/\/wp-content\/uploads\/2022\/12\/BANNER_3-225x300.jpg 225w\" sizes=\"(max-width: 510px) 100vw, 510px\" \/>\t\t\t\t\t\t\t\t\t\t\t\t\t\t\t<\/div>\n\t\t\t\t<\/div>\n\t\t\t\t<div class=\"elementor-element elementor-element-5ba3330 elementor-widget elementor-widget-text-editor\" data-id=\"5ba3330\" data-element_type=\"widget\" data-widget_type=\"text-editor.default\">\n\t\t\t\t<div class=\"elementor-widget-container\">\n\t\t\t\t\t\t\t\t\t<p>Nesta segunda-feira (30), a Pol\u00edcia Civil, por meio da Divis\u00e3o de Investiga\u00e7\u00e3o Criminal (DIC) de Ararangu\u00e1, concluiu o inqu\u00e9rito que apurou o crime de roubo ocorrido no munic\u00edpio, em setembro de 2022. Dois homens foram presos e o ve\u00edculo j\u00e1 havia sido recuperado e devolvido \u00e0 v\u00edtima.<\/p><p>Na ocasi\u00e3o, os dois criminosos renderam a v\u00edtima e a amea\u00e7aram de morte, obrigando a entregar o ve\u00edculo, celular e dinheiro. Ap\u00f3s a ocorr\u00eancia do fato uma equipe de policiais civis da DIC foi designada para buscar elementos que apontassem a autoria, resultando na identifica\u00e7\u00e3o e pris\u00e3o da dupla.<\/p><p>Importante ressaltar que os autores, que tamb\u00e9m respondem por outros roubos, j\u00e1 est\u00e3o presos e podem ser condenados a uma pena que pode passar de 10 anos de reclus\u00e3o por crime cometido.<\/p>\t\t\t\t\t\t\t\t<\/div>\n\t\t\t\t<\/div>\n\t\t\t\t\t<\/div>\n\t\t<\/div>\n\t\t\t\t\t<\/div>\n\t\t<\/section>\n\t\t\t\t<\/div>\n\t\t","protected":false},"excerpt":{"rendered":"<p>Pol\u00edcia Civil elucida roubo ocorrido em setembro e prende autores do crime em Ararangu\u00e1 Nesta segunda-feira (30), a Pol\u00edcia Civil, por meio da Divis\u00e3o de Investiga\u00e7\u00e3o Criminal (DIC) de Ararangu\u00e1, concluiu o inqu\u00e9rito que apurou o crime de roubo ocorrido no munic\u00edpio, em setembro de 2022. Dois homens foram presos e o ve\u00edculo j\u00e1 havia [&hellip;]<\/p>\n","protected":false},"author":5,"featured_media":2530,"comment_status":"closed","ping_status":"open","sticky":false,"template":"","format":"standard","meta":{"_monsterinsights_skip_tracking":false,"_monsterinsights_sitenote_active":false,"_monsterinsights_sitenote_note":"","_monsterinsights_sitenote_category":0,"footnotes":""},"categories":[1],"tags":[],"class_list":["post-4761","post","type-post","status-publish","format-standard","has-post-thumbnail","hentry","category-sem-categoria"],"_links":{"self":[{"href":"https:\/\/pc.sc.gov.br\/index.php?rest_route=\/wp\/v2\/posts\/4761","targetHints":{"allow":["GET"]}}],"collection":[{"href":"https:\/\/pc.sc.gov.br\/index.php?rest_route=\/wp\/v2\/posts"}],"about":[{"href":"https:\/\/pc.sc.gov.br\/index.php?rest_route=\/wp\/v2\/types\/post"}],"author":[{"embeddable":true,"href":"https:\/\/pc.sc.gov.br\/index.php?rest_route=\/wp\/v2\/users\/5"}],"replies":[{"embeddable":true,"href":"https:\/\/pc.sc.gov.br\/index.php?rest_route=%2Fwp%2Fv2%2Fcomments&post=4761"}],"version-history":[{"count":4,"href":"https:\/\/pc.sc.gov.br\/index.php?rest_route=\/wp\/v2\/posts\/4761\/revisions"}],"predecessor-version":[{"id":4765,"href":"https:\/\/pc.sc.gov.br\/index.php?rest_route=\/wp\/v2\/posts\/4761\/revisions\/4765"}],"wp:featuredmedia":[{"embeddable":true,"href":"https:\/\/pc.sc.gov.br\/index.php?rest_route=\/wp\/v2\/media\/2530"}],"wp:attachment":[{"href":"https:\/\/pc.sc.gov.br\/index.php?rest_route=%2Fwp%2Fv2%2Fmedia&parent=4761"}],"wp:term":[{"taxonomy":"category","embeddable":true,"href":"https:\/\/pc.sc.gov.br\/index.php?rest_route=%2Fwp%2Fv2%2Fcategories&post=4761"},{"taxonomy":"post_tag","embeddable":true,"href":"https:\/\/pc.sc.gov.br\/index.php?rest_route=%2Fwp%2Fv2%2Ftags&post=4761"}],"curies":[{"name":"wp","href":"https:\/\/api.w.org\/{rel}","templated":true}]}}