{"id":4767,"date":"2023-01-30T19:10:35","date_gmt":"2023-01-30T22:10:35","guid":{"rendered":"https:\/\/pc.sc.gov.br\/?p=4767"},"modified":"2023-01-30T19:11:03","modified_gmt":"2023-01-30T22:11:03","slug":"policia-civil-prende-homem-por-injuria-racial-apos-agredir-artista-de-rua-em-balneario-camboriu","status":"publish","type":"post","link":"https:\/\/pc.sc.gov.br\/?p=4767","title":{"rendered":"Pol\u00edcia Civil prende homem por inj\u00faria racial, ap\u00f3s agredir artista de rua, em Balne\u00e1rio Cambori\u00fa"},"content":{"rendered":"\t\t<div data-elementor-type=\"wp-post\" data-elementor-id=\"4767\" class=\"elementor elementor-4767\" data-elementor-post-type=\"post\">\n\t\t\t\t\t\t<section class=\"elementor-section elementor-top-section elementor-element elementor-element-8fbd41e elementor-section-boxed elementor-section-height-default elementor-section-height-default\" data-id=\"8fbd41e\" data-element_type=\"section\">\n\t\t\t\t\t\t<div class=\"elementor-container elementor-column-gap-default\">\n\t\t\t\t\t<div class=\"elementor-column elementor-col-100 elementor-top-column elementor-element elementor-element-47e0d76\" data-id=\"47e0d76\" data-element_type=\"column\">\n\t\t\t<div class=\"elementor-widget-wrap elementor-element-populated\">\n\t\t\t\t\t\t<div class=\"elementor-element elementor-element-550af0e elementor-widget elementor-widget-heading\" data-id=\"550af0e\" data-element_type=\"widget\" data-widget_type=\"heading.default\">\n\t\t\t\t<div class=\"elementor-widget-container\">\n\t\t\t\t\t<h2 class=\"elementor-heading-title elementor-size-default\">Pol\u00edcia Civil prende homem por inj\u00faria racial, ap\u00f3s agredir artista de rua, em Balne\u00e1rio Cambori\u00fa <\/h2>\t\t\t\t<\/div>\n\t\t\t\t<\/div>\n\t\t\t\t<div class=\"elementor-element elementor-element-57df85b elementor-widget elementor-widget-image\" data-id=\"57df85b\" data-element_type=\"widget\" data-widget_type=\"image.default\">\n\t\t\t\t<div class=\"elementor-widget-container\">\n\t\t\t\t\t\t\t\t\t\t\t\t\t\t\t<img fetchpriority=\"high\" decoding=\"async\" width=\"696\" height=\"464\" src=\"https:\/\/pc.sc.gov.br\/\/wp-content\/uploads\/2023\/01\/52651262656_19d6e5483f_o-1024x682.jpg\" class=\"attachment-large size-large wp-image-4670\" alt=\"viatura da policia civil e da policia militar\" srcset=\"https:\/\/pc.sc.gov.br\/\/wp-content\/uploads\/2023\/01\/52651262656_19d6e5483f_o-1024x682.jpg 1024w, https:\/\/pc.sc.gov.br\/\/wp-content\/uploads\/2023\/01\/52651262656_19d6e5483f_o-300x200.jpg 300w, https:\/\/pc.sc.gov.br\/\/wp-content\/uploads\/2023\/01\/52651262656_19d6e5483f_o-768x511.jpg 768w, https:\/\/pc.sc.gov.br\/\/wp-content\/uploads\/2023\/01\/52651262656_19d6e5483f_o-1536x1022.jpg 1536w, https:\/\/pc.sc.gov.br\/\/wp-content\/uploads\/2023\/01\/52651262656_19d6e5483f_o-2048x1363.jpg 2048w\" sizes=\"(max-width: 696px) 100vw, 696px\" \/>\t\t\t\t\t\t\t\t\t\t\t\t\t\t\t<\/div>\n\t\t\t\t<\/div>\n\t\t\t\t<div class=\"elementor-element elementor-element-93bb482 elementor-widget elementor-widget-text-editor\" data-id=\"93bb482\" data-element_type=\"widget\" data-widget_type=\"text-editor.default\">\n\t\t\t\t<div class=\"elementor-widget-container\">\n\t\t\t\t\t\t\t\t\t<p><span style=\"font-family: var( --e-global-typography-text-font-family ), Sans-serif; font-size: var( --e-global-typography-text-font-size );\">Neste s\u00e1bado (28), a Pol\u00edcia Civil de Balne\u00e1rio Cambori\u00fa autuou em flagrante um homem pelo crime de inj\u00faria racial, na Avenida Brasil, a principal v<\/span><span style=\"font-family: var( --e-global-typography-text-font-family ), Sans-serif; font-size: var( --e-global-typography-text-font-size );\">ia do munic\u00edpio. O suspeito foi preso e encaminhado ao Pres\u00eddio.&nbsp;<\/span><\/p>\n<p>Na ocasi\u00e3o um m\u00fasico, bastante popular no munic\u00edpio, estava tocando e um grupo de pessoas teria ligado uma caixa de som, em alto volume, para atrapalhar o trabalho do artista que se apresentava no local. O m\u00fasico teria ido at\u00e9 o grupo para pedir, educadamente, que eles baixassem o volume, o que desagradou o grupo. Eles teriam partido para cima da v\u00edtima com agress\u00f5es f\u00edsicas e verbais. Comerciantes locais teriam ajudado a v\u00edtima, que n\u00e3o reagiu.&nbsp;<\/p>\n<p>Na Delegacia o m\u00fasico confirmou os fatos e identificou um dos autores que teria cometido o crime de inj\u00faria racial. Recentemente houve uma modifica\u00e7\u00e3o na Lei que equipara o crime de inj\u00faria racial ao crime de racismo, com pena de at\u00e9 cinco anos de reclus\u00e3o e que n\u00e3o cabe fian\u00e7a.&nbsp;<\/p>\n<p>Os outros tr\u00eas integrantes do grupo foram autuados por les\u00e3o corporal sendo que um deles, Militar aposentado, tamb\u00e9m foi autuado por resist\u00eancia \u00e0 pris\u00e3o.<span style=\"color: var( --e-global-color-text ); font-family: var( --e-global-typography-primary-font-family ), Sans-serif; font-size: var( --e-global-typography-primary-font-size ); font-weight: var( --e-global-typography-primary-font-weight ); letter-spacing: var( --e-global-typography-primary-letter-spacing );\">&nbsp;<\/span><\/p>\t\t\t\t\t\t\t\t<\/div>\n\t\t\t\t<\/div>\n\t\t\t\t\t<\/div>\n\t\t<\/div>\n\t\t\t\t\t<\/div>\n\t\t<\/section>\n\t\t\t\t<section class=\"elementor-section elementor-top-section elementor-element elementor-element-19b0323 elementor-section-boxed elementor-section-height-default elementor-section-height-default\" data-id=\"19b0323\" data-element_type=\"section\">\n\t\t\t\t\t\t<div class=\"elementor-container elementor-column-gap-default\">\n\t\t\t\t\t<div class=\"elementor-column elementor-col-100 elementor-top-column elementor-element elementor-element-ec1a9f0\" data-id=\"ec1a9f0\" data-element_type=\"column\">\n\t\t\t<div class=\"elementor-widget-wrap\">\n\t\t\t\t\t\t\t<\/div>\n\t\t<\/div>\n\t\t\t\t\t<\/div>\n\t\t<\/section>\n\t\t\t\t<\/div>\n\t\t","protected":false},"excerpt":{"rendered":"<p>Pol\u00edcia Civil prende homem por inj\u00faria racial, ap\u00f3s agredir artista de rua, em Balne\u00e1rio Cambori\u00fa Neste s\u00e1bado (28), a Pol\u00edcia Civil de Balne\u00e1rio Cambori\u00fa autuou em flagrante um homem pelo crime de inj\u00faria racial, na Avenida Brasil, a principal via do munic\u00edpio. O suspeito foi preso e encaminhado ao Pres\u00eddio.&nbsp; Na ocasi\u00e3o um m\u00fasico, bastante [&hellip;]<\/p>\n","protected":false},"author":5,"featured_media":4670,"comment_status":"closed","ping_status":"open","sticky":false,"template":"","format":"standard","meta":{"_monsterinsights_skip_tracking":false,"_monsterinsights_sitenote_active":false,"_monsterinsights_sitenote_note":"","_monsterinsights_sitenote_category":0,"footnotes":""},"categories":[1],"tags":[],"class_list":["post-4767","post","type-post","status-publish","format-standard","has-post-thumbnail","hentry","category-sem-categoria"],"_links":{"self":[{"href":"https:\/\/pc.sc.gov.br\/index.php?rest_route=\/wp\/v2\/posts\/4767","targetHints":{"allow":["GET"]}}],"collection":[{"href":"https:\/\/pc.sc.gov.br\/index.php?rest_route=\/wp\/v2\/posts"}],"about":[{"href":"https:\/\/pc.sc.gov.br\/index.php?rest_route=\/wp\/v2\/types\/post"}],"author":[{"embeddable":true,"href":"https:\/\/pc.sc.gov.br\/index.php?rest_route=\/wp\/v2\/users\/5"}],"replies":[{"embeddable":true,"href":"https:\/\/pc.sc.gov.br\/index.php?rest_route=%2Fwp%2Fv2%2Fcomments&post=4767"}],"version-history":[{"count":4,"href":"https:\/\/pc.sc.gov.br\/index.php?rest_route=\/wp\/v2\/posts\/4767\/revisions"}],"predecessor-version":[{"id":4771,"href":"https:\/\/pc.sc.gov.br\/index.php?rest_route=\/wp\/v2\/posts\/4767\/revisions\/4771"}],"wp:featuredmedia":[{"embeddable":true,"href":"https:\/\/pc.sc.gov.br\/index.php?rest_route=\/wp\/v2\/media\/4670"}],"wp:attachment":[{"href":"https:\/\/pc.sc.gov.br\/index.php?rest_route=%2Fwp%2Fv2%2Fmedia&parent=4767"}],"wp:term":[{"taxonomy":"category","embeddable":true,"href":"https:\/\/pc.sc.gov.br\/index.php?rest_route=%2Fwp%2Fv2%2Fcategories&post=4767"},{"taxonomy":"post_tag","embeddable":true,"href":"https:\/\/pc.sc.gov.br\/index.php?rest_route=%2Fwp%2Fv2%2Ftags&post=4767"}],"curies":[{"name":"wp","href":"https:\/\/api.w.org\/{rel}","templated":true}]}}