{"id":4772,"date":"2023-01-30T19:28:05","date_gmt":"2023-01-30T22:28:05","guid":{"rendered":"https:\/\/pc.sc.gov.br\/?p=4772"},"modified":"2023-01-30T19:29:42","modified_gmt":"2023-01-30T22:29:42","slug":"em-governador-celso-ramos-delegacia-de-capturas-prende-homem-por-homicidio-e-por-dupla-tentativa-de-feminicidio","status":"publish","type":"post","link":"https:\/\/pc.sc.gov.br\/?p=4772","title":{"rendered":"Em Governador Celso Ramos, Delegacia de Capturas prende homem por homic\u00eddio e por dupla tentativa de feminic\u00eddio"},"content":{"rendered":"\t\t<div data-elementor-type=\"wp-post\" data-elementor-id=\"4772\" class=\"elementor elementor-4772\" data-elementor-post-type=\"post\">\n\t\t\t\t\t\t<section class=\"elementor-section elementor-top-section elementor-element elementor-element-69b4005 elementor-section-boxed elementor-section-height-default elementor-section-height-default\" data-id=\"69b4005\" data-element_type=\"section\">\n\t\t\t\t\t\t<div class=\"elementor-container elementor-column-gap-default\">\n\t\t\t\t\t<div class=\"elementor-column elementor-col-100 elementor-top-column elementor-element elementor-element-f15ad96\" data-id=\"f15ad96\" data-element_type=\"column\">\n\t\t\t<div class=\"elementor-widget-wrap elementor-element-populated\">\n\t\t\t\t\t\t<div class=\"elementor-element elementor-element-33f9a53 elementor-widget elementor-widget-heading\" data-id=\"33f9a53\" data-element_type=\"widget\" data-widget_type=\"heading.default\">\n\t\t\t\t<div class=\"elementor-widget-container\">\n\t\t\t\t\t<h2 class=\"elementor-heading-title elementor-size-default\">Em Governador Celso Ramos, Delegacia de Capturas prende homem por homic\u00eddio e por dupla tentativa de feminic\u00eddio <\/h2>\t\t\t\t<\/div>\n\t\t\t\t<\/div>\n\t\t\t\t\t<\/div>\n\t\t<\/div>\n\t\t\t\t\t<\/div>\n\t\t<\/section>\n\t\t\t\t<section class=\"elementor-section elementor-top-section elementor-element elementor-element-09e7562 elementor-section-boxed elementor-section-height-default elementor-section-height-default\" data-id=\"09e7562\" data-element_type=\"section\">\n\t\t\t\t\t\t<div class=\"elementor-container elementor-column-gap-default\">\n\t\t\t\t\t<div class=\"elementor-column elementor-col-100 elementor-top-column elementor-element elementor-element-1dacc07\" data-id=\"1dacc07\" data-element_type=\"column\">\n\t\t\t<div class=\"elementor-widget-wrap elementor-element-populated\">\n\t\t\t\t\t\t<div class=\"elementor-element elementor-element-6b27117 elementor-widget elementor-widget-image\" data-id=\"6b27117\" data-element_type=\"widget\" data-widget_type=\"image.default\">\n\t\t\t\t<div class=\"elementor-widget-container\">\n\t\t\t\t\t\t\t\t\t\t\t\t\t\t\t<img fetchpriority=\"high\" decoding=\"async\" width=\"680\" height=\"571\" src=\"https:\/\/pc.sc.gov.br\/\/wp-content\/uploads\/2023\/01\/dfdsfgdgfd.jpg\" class=\"attachment-large size-large wp-image-4447\" alt=\"\" srcset=\"https:\/\/pc.sc.gov.br\/\/wp-content\/uploads\/2023\/01\/dfdsfgdgfd.jpg 680w, https:\/\/pc.sc.gov.br\/\/wp-content\/uploads\/2023\/01\/dfdsfgdgfd-300x252.jpg 300w\" sizes=\"(max-width: 680px) 100vw, 680px\" \/>\t\t\t\t\t\t\t\t\t\t\t\t\t\t\t<\/div>\n\t\t\t\t<\/div>\n\t\t\t\t\t<\/div>\n\t\t<\/div>\n\t\t\t\t\t<\/div>\n\t\t<\/section>\n\t\t\t\t<section class=\"elementor-section elementor-top-section elementor-element elementor-element-d2f9442 elementor-section-boxed elementor-section-height-default elementor-section-height-default\" data-id=\"d2f9442\" data-element_type=\"section\">\n\t\t\t\t\t\t<div class=\"elementor-container elementor-column-gap-default\">\n\t\t\t\t\t<div class=\"elementor-column elementor-col-100 elementor-top-column elementor-element elementor-element-428f8fd\" data-id=\"428f8fd\" data-element_type=\"column\">\n\t\t\t<div class=\"elementor-widget-wrap elementor-element-populated\">\n\t\t\t\t\t\t<div class=\"elementor-element elementor-element-d9e0e4e elementor-widget elementor-widget-text-editor\" data-id=\"d9e0e4e\" data-element_type=\"widget\" data-widget_type=\"text-editor.default\">\n\t\t\t\t<div class=\"elementor-widget-container\">\n\t\t\t\t\t\t\t\t\t<p>Nesta segunda-feira (30), a Pol\u00edcia Civil de Santa Catarina, por meio da Delegacia de Capturas da Diretoria Estadual de Investiga\u00e7\u00f5es Criminais, cumpriu dois mandados de pris\u00e3o preventiva contra um homem. Um dos mandados foi expedido pelo crime de homic\u00eddio ocorrido em Leopoldo de Bulh\u00f5es, em Goi\u00e1s, no ano de 2014 e o outro por dupla tentativa de feminic\u00eddio, ocorrida em An\u00e1polis, tamb\u00e9m no estado de Goi\u00e1s, no ano de 2013. A a\u00e7\u00e3o contou com o apoio da <b>Delegacia de Pol\u00edcia da Comarca de Governador Celso Ramos<\/b>.&nbsp;&nbsp;<\/p>\n<p><b>Dupla tentativa de feminic\u00eddio<\/b><\/p>\n<p>Segundo informa\u00e7\u00f5es da Pol\u00edcia Civil de Goi\u00e1s, no crime de dupla tentativa de feminic\u00eddio, o homem suspeito pela autoria atentou contra a vida de sua companheira e, ao fugir, tamb\u00e9m tentou executar seu vizinho, que testemunhou os fatos. Depois do fato, o autor, que \u00e9 catarinense, voltou a viver em Santa Catarina, com o objetivo de eximir-se da responsabiliza\u00e7\u00e3o criminal dos fatos.<\/p>\n<p>Ap\u00f3s a identifica\u00e7\u00e3o da resid\u00eancia onde o homem se escondia na cidade de Governador Celso Ramos, os policiais civis se deslocaram at\u00e9 o local e realizaram a pris\u00e3o. Ele ser\u00e1 encaminhado para o Estado de Goi\u00e1s, onde dever\u00e1 responder pelos crimes praticados.<\/p>\n<p>Den\u00fancias e informa\u00e7\u00f5es relacionadas a foragidos da Justi\u00e7a podem ser encaminhadas para o e-mail deic-capturas@pc.sc.gov.br.&nbsp; O anonimato \u00e9 garantido.<\/p>\n<div>&nbsp;<\/div>\t\t\t\t\t\t\t\t<\/div>\n\t\t\t\t<\/div>\n\t\t\t\t\t<\/div>\n\t\t<\/div>\n\t\t\t\t\t<\/div>\n\t\t<\/section>\n\t\t\t\t<\/div>\n\t\t","protected":false},"excerpt":{"rendered":"<p>Em Governador Celso Ramos, Delegacia de Capturas prende homem por homic\u00eddio e por dupla tentativa de feminic\u00eddio Nesta segunda-feira (30), a Pol\u00edcia Civil de Santa Catarina, por meio da Delegacia de Capturas da Diretoria Estadual de Investiga\u00e7\u00f5es Criminais, cumpriu dois mandados de pris\u00e3o preventiva contra um homem. Um dos mandados foi expedido pelo crime de [&hellip;]<\/p>\n","protected":false},"author":5,"featured_media":4447,"comment_status":"closed","ping_status":"open","sticky":false,"template":"","format":"standard","meta":{"_monsterinsights_skip_tracking":false,"_monsterinsights_sitenote_active":false,"_monsterinsights_sitenote_note":"","_monsterinsights_sitenote_category":0,"footnotes":""},"categories":[1],"tags":[],"class_list":["post-4772","post","type-post","status-publish","format-standard","has-post-thumbnail","hentry","category-sem-categoria"],"_links":{"self":[{"href":"https:\/\/pc.sc.gov.br\/index.php?rest_route=\/wp\/v2\/posts\/4772","targetHints":{"allow":["GET"]}}],"collection":[{"href":"https:\/\/pc.sc.gov.br\/index.php?rest_route=\/wp\/v2\/posts"}],"about":[{"href":"https:\/\/pc.sc.gov.br\/index.php?rest_route=\/wp\/v2\/types\/post"}],"author":[{"embeddable":true,"href":"https:\/\/pc.sc.gov.br\/index.php?rest_route=\/wp\/v2\/users\/5"}],"replies":[{"embeddable":true,"href":"https:\/\/pc.sc.gov.br\/index.php?rest_route=%2Fwp%2Fv2%2Fcomments&post=4772"}],"version-history":[{"count":4,"href":"https:\/\/pc.sc.gov.br\/index.php?rest_route=\/wp\/v2\/posts\/4772\/revisions"}],"predecessor-version":[{"id":4776,"href":"https:\/\/pc.sc.gov.br\/index.php?rest_route=\/wp\/v2\/posts\/4772\/revisions\/4776"}],"wp:featuredmedia":[{"embeddable":true,"href":"https:\/\/pc.sc.gov.br\/index.php?rest_route=\/wp\/v2\/media\/4447"}],"wp:attachment":[{"href":"https:\/\/pc.sc.gov.br\/index.php?rest_route=%2Fwp%2Fv2%2Fmedia&parent=4772"}],"wp:term":[{"taxonomy":"category","embeddable":true,"href":"https:\/\/pc.sc.gov.br\/index.php?rest_route=%2Fwp%2Fv2%2Fcategories&post=4772"},{"taxonomy":"post_tag","embeddable":true,"href":"https:\/\/pc.sc.gov.br\/index.php?rest_route=%2Fwp%2Fv2%2Ftags&post=4772"}],"curies":[{"name":"wp","href":"https:\/\/api.w.org\/{rel}","templated":true}]}}