{"id":4777,"date":"2023-01-30T19:49:52","date_gmt":"2023-01-30T22:49:52","guid":{"rendered":"https:\/\/pc.sc.gov.br\/?p=4777"},"modified":"2023-01-30T19:50:57","modified_gmt":"2023-01-30T22:50:57","slug":"em-ponte-serrada-homem-investigado-por-furtos-e-roubos-nos-estados-do-parana-e-santa-catarina-e-morto-em-confronto-com-a-policia","status":"publish","type":"post","link":"https:\/\/pc.sc.gov.br\/?p=4777","title":{"rendered":"Em Ponte Serrada, homem investigado por furtos e roubos nos estados do Paran\u00e1 e Santa Catarina \u00e9 morto em confronto com a Pol\u00edcia"},"content":{"rendered":"\t\t<div data-elementor-type=\"wp-post\" data-elementor-id=\"4777\" class=\"elementor elementor-4777\" data-elementor-post-type=\"post\">\n\t\t\t\t\t\t<section class=\"elementor-section elementor-top-section elementor-element elementor-element-80aa7fc elementor-section-boxed elementor-section-height-default elementor-section-height-default\" data-id=\"80aa7fc\" data-element_type=\"section\">\n\t\t\t\t\t\t<div class=\"elementor-container elementor-column-gap-default\">\n\t\t\t\t\t<div class=\"elementor-column elementor-col-100 elementor-top-column elementor-element elementor-element-3479e69\" data-id=\"3479e69\" data-element_type=\"column\">\n\t\t\t<div class=\"elementor-widget-wrap elementor-element-populated\">\n\t\t\t\t\t\t<div class=\"elementor-element elementor-element-1336b07 elementor-widget elementor-widget-heading\" data-id=\"1336b07\" data-element_type=\"widget\" data-widget_type=\"heading.default\">\n\t\t\t\t<div class=\"elementor-widget-container\">\n\t\t\t\t\t<h2 class=\"elementor-heading-title elementor-size-default\">Em Ponte Serrada, homem investigado por furtos e roubos nos estados do Paran\u00e1 e Santa Catarina \u00e9 morto em confronto com a Pol\u00edcia<\/h2>\t\t\t\t<\/div>\n\t\t\t\t<\/div>\n\t\t\t\t\t<\/div>\n\t\t<\/div>\n\t\t\t\t\t<\/div>\n\t\t<\/section>\n\t\t\t\t<section class=\"elementor-section elementor-top-section elementor-element elementor-element-a63c719 elementor-section-boxed elementor-section-height-default elementor-section-height-default\" data-id=\"a63c719\" data-element_type=\"section\">\n\t\t\t\t\t\t<div class=\"elementor-container elementor-column-gap-default\">\n\t\t\t\t\t<div class=\"elementor-column elementor-col-100 elementor-top-column elementor-element elementor-element-b496e0d\" data-id=\"b496e0d\" data-element_type=\"column\">\n\t\t\t<div class=\"elementor-widget-wrap elementor-element-populated\">\n\t\t\t\t\t\t<div class=\"elementor-element elementor-element-63d08e7 elementor-widget elementor-widget-image\" data-id=\"63d08e7\" data-element_type=\"widget\" data-widget_type=\"image.default\">\n\t\t\t\t<div class=\"elementor-widget-container\">\n\t\t\t\t\t\t\t\t\t\t\t\t\t\t\t<img fetchpriority=\"high\" decoding=\"async\" width=\"696\" height=\"910\" src=\"https:\/\/pc.sc.gov.br\/\/wp-content\/uploads\/2023\/01\/WhatsApp-Image-2023-01-28-at-12.13.38-1-783x1024.jpeg\" class=\"attachment-large size-large wp-image-4778\" alt=\"Policial e c\u00e3o\" srcset=\"https:\/\/pc.sc.gov.br\/\/wp-content\/uploads\/2023\/01\/WhatsApp-Image-2023-01-28-at-12.13.38-1-783x1024.jpeg 783w, https:\/\/pc.sc.gov.br\/\/wp-content\/uploads\/2023\/01\/WhatsApp-Image-2023-01-28-at-12.13.38-1-229x300.jpeg 229w, https:\/\/pc.sc.gov.br\/\/wp-content\/uploads\/2023\/01\/WhatsApp-Image-2023-01-28-at-12.13.38-1-768x1005.jpeg 768w, https:\/\/pc.sc.gov.br\/\/wp-content\/uploads\/2023\/01\/WhatsApp-Image-2023-01-28-at-12.13.38-1.jpeg 899w\" sizes=\"(max-width: 696px) 100vw, 696px\" \/>\t\t\t\t\t\t\t\t\t\t\t\t\t\t\t<\/div>\n\t\t\t\t<\/div>\n\t\t\t\t\t<\/div>\n\t\t<\/div>\n\t\t\t\t\t<\/div>\n\t\t<\/section>\n\t\t\t\t<section class=\"elementor-section elementor-top-section elementor-element elementor-element-cf438a9 elementor-section-boxed elementor-section-height-default elementor-section-height-default\" data-id=\"cf438a9\" data-element_type=\"section\">\n\t\t\t\t\t\t<div class=\"elementor-container elementor-column-gap-default\">\n\t\t\t\t\t<div class=\"elementor-column elementor-col-100 elementor-top-column elementor-element elementor-element-ded8131\" data-id=\"ded8131\" data-element_type=\"column\">\n\t\t\t<div class=\"elementor-widget-wrap elementor-element-populated\">\n\t\t\t\t\t\t<div class=\"elementor-element elementor-element-457ea30 elementor-widget elementor-widget-text-editor\" data-id=\"457ea30\" data-element_type=\"widget\" data-widget_type=\"text-editor.default\">\n\t\t\t\t<div class=\"elementor-widget-container\">\n\t\t\t\t\t\t\t\t\t<p>Na sexta-feira (27), a Pol\u00edcia Civil de Santa Catarina e a Pol\u00edcia Militar realizaram abordagem para prender suspeitos de fazerem parte de um grupo que realizava furtos e roubos nos estados do Paran\u00e1 e Santa Catarina. A a\u00e7\u00e3o resultou em confronto armado e na morte de um dos investigados em Ponte Serrada.<\/p><p>Os policiais identificaram o deslocamento dos investigados pelo munic\u00edpio de Ponte Serrada, momento em que houve confronto a tiros. Em ato continuo, os suspeitos fugiram para uma regi\u00e3o de mata.\u00a0<\/p><p>Houve ent\u00e3o o emprego de um dos c\u00e3es da Pol\u00edcia Civil, especializado em busca e captura. Os policiais conseguiram definir a rota de fuga dos homens, delimitando a \u00e1rea em que se encontravam.\u00a0<\/p><p>Em seguida, foi organizado cerco ao local. Passadas algumas horas, um dos investigados foi encontrado em uma constru\u00e7\u00e3o. Ao perceber a captura iminente, o homem atirou contra os policiais e acabou sendo morto.\u00a0<\/p><p>As apura\u00e7\u00f5es prosseguem para identificar e capturar ao menos outros dois suspeitos pela autoria do delito que se encontram foragidos.<\/p>\t\t\t\t\t\t\t\t<\/div>\n\t\t\t\t<\/div>\n\t\t\t\t\t<\/div>\n\t\t<\/div>\n\t\t\t\t\t<\/div>\n\t\t<\/section>\n\t\t\t\t<\/div>\n\t\t","protected":false},"excerpt":{"rendered":"<p>Em Ponte Serrada, homem investigado por furtos e roubos nos estados do Paran\u00e1 e Santa Catarina \u00e9 morto em confronto com a Pol\u00edcia Na sexta-feira (27), a Pol\u00edcia Civil de Santa Catarina e a Pol\u00edcia Militar realizaram abordagem para prender suspeitos de fazerem parte de um grupo que realizava furtos e roubos nos estados do [&hellip;]<\/p>\n","protected":false},"author":5,"featured_media":4778,"comment_status":"closed","ping_status":"open","sticky":false,"template":"","format":"standard","meta":{"_monsterinsights_skip_tracking":false,"_monsterinsights_sitenote_active":false,"_monsterinsights_sitenote_note":"","_monsterinsights_sitenote_category":0,"footnotes":""},"categories":[1],"tags":[],"class_list":["post-4777","post","type-post","status-publish","format-standard","has-post-thumbnail","hentry","category-sem-categoria"],"_links":{"self":[{"href":"https:\/\/pc.sc.gov.br\/index.php?rest_route=\/wp\/v2\/posts\/4777","targetHints":{"allow":["GET"]}}],"collection":[{"href":"https:\/\/pc.sc.gov.br\/index.php?rest_route=\/wp\/v2\/posts"}],"about":[{"href":"https:\/\/pc.sc.gov.br\/index.php?rest_route=\/wp\/v2\/types\/post"}],"author":[{"embeddable":true,"href":"https:\/\/pc.sc.gov.br\/index.php?rest_route=\/wp\/v2\/users\/5"}],"replies":[{"embeddable":true,"href":"https:\/\/pc.sc.gov.br\/index.php?rest_route=%2Fwp%2Fv2%2Fcomments&post=4777"}],"version-history":[{"count":4,"href":"https:\/\/pc.sc.gov.br\/index.php?rest_route=\/wp\/v2\/posts\/4777\/revisions"}],"predecessor-version":[{"id":4782,"href":"https:\/\/pc.sc.gov.br\/index.php?rest_route=\/wp\/v2\/posts\/4777\/revisions\/4782"}],"wp:featuredmedia":[{"embeddable":true,"href":"https:\/\/pc.sc.gov.br\/index.php?rest_route=\/wp\/v2\/media\/4778"}],"wp:attachment":[{"href":"https:\/\/pc.sc.gov.br\/index.php?rest_route=%2Fwp%2Fv2%2Fmedia&parent=4777"}],"wp:term":[{"taxonomy":"category","embeddable":true,"href":"https:\/\/pc.sc.gov.br\/index.php?rest_route=%2Fwp%2Fv2%2Fcategories&post=4777"},{"taxonomy":"post_tag","embeddable":true,"href":"https:\/\/pc.sc.gov.br\/index.php?rest_route=%2Fwp%2Fv2%2Ftags&post=4777"}],"curies":[{"name":"wp","href":"https:\/\/api.w.org\/{rel}","templated":true}]}}