{"id":4783,"date":"2023-01-31T13:59:47","date_gmt":"2023-01-31T16:59:47","guid":{"rendered":"https:\/\/pc.sc.gov.br\/?p=4783"},"modified":"2023-01-31T14:03:27","modified_gmt":"2023-01-31T17:03:27","slug":"caso-delegado-vargas-investigacao-e-concluida-com-a-prisao-de-ultimo-envolvido","status":"publish","type":"post","link":"https:\/\/pc.sc.gov.br\/?p=4783","title":{"rendered":"Caso Delegado Vargas: investiga\u00e7\u00e3o \u00e9 conclu\u00edda com a pris\u00e3o de \u00faltimo envolvido"},"content":{"rendered":"\t\t<div data-elementor-type=\"wp-post\" data-elementor-id=\"4783\" class=\"elementor elementor-4783\" data-elementor-post-type=\"post\">\n\t\t\t\t\t\t<section class=\"elementor-section elementor-top-section elementor-element elementor-element-96079b5 elementor-section-boxed elementor-section-height-default elementor-section-height-default\" data-id=\"96079b5\" data-element_type=\"section\">\n\t\t\t\t\t\t<div class=\"elementor-container elementor-column-gap-default\">\n\t\t\t\t\t<div class=\"elementor-column elementor-col-100 elementor-top-column elementor-element elementor-element-50574ab\" data-id=\"50574ab\" data-element_type=\"column\">\n\t\t\t<div class=\"elementor-widget-wrap elementor-element-populated\">\n\t\t\t\t\t\t<div class=\"elementor-element elementor-element-40aa543 elementor-widget elementor-widget-heading\" data-id=\"40aa543\" data-element_type=\"widget\" data-widget_type=\"heading.default\">\n\t\t\t\t<div class=\"elementor-widget-container\">\n\t\t\t\t\t<h2 class=\"elementor-heading-title elementor-size-default\">Caso Delegado Vargas: investiga\u00e7\u00e3o \u00e9 conclu\u00edda com a pris\u00e3o de \u00faltimo envolvido<\/h2>\t\t\t\t<\/div>\n\t\t\t\t<\/div>\n\t\t\t\t<div class=\"elementor-element elementor-element-2c6e27e elementor-widget elementor-widget-image\" data-id=\"2c6e27e\" data-element_type=\"widget\" data-widget_type=\"image.default\">\n\t\t\t\t<div class=\"elementor-widget-container\">\n\t\t\t\t\t\t\t\t\t\t\t\t\t\t\t<img fetchpriority=\"high\" decoding=\"async\" width=\"696\" height=\"493\" src=\"https:\/\/pc.sc.gov.br\/\/wp-content\/uploads\/2023\/01\/PC_SDJANFJKDNFJDSG-1024x726.jpg\" class=\"attachment-large size-large wp-image-4784\" alt=\"Delegado Yuri Miqueluzzi a esquerda da foto(roupa branco) e Delegado Vitor Bianco J\u00fanior a direita(roupa azul)\" srcset=\"https:\/\/pc.sc.gov.br\/\/wp-content\/uploads\/2023\/01\/PC_SDJANFJKDNFJDSG-1024x726.jpg 1024w, https:\/\/pc.sc.gov.br\/\/wp-content\/uploads\/2023\/01\/PC_SDJANFJKDNFJDSG-300x213.jpg 300w, https:\/\/pc.sc.gov.br\/\/wp-content\/uploads\/2023\/01\/PC_SDJANFJKDNFJDSG-768x545.jpg 768w, https:\/\/pc.sc.gov.br\/\/wp-content\/uploads\/2023\/01\/PC_SDJANFJKDNFJDSG-1536x1090.jpg 1536w, https:\/\/pc.sc.gov.br\/\/wp-content\/uploads\/2023\/01\/PC_SDJANFJKDNFJDSG.jpg 1748w\" sizes=\"(max-width: 696px) 100vw, 696px\" \/>\t\t\t\t\t\t\t\t\t\t\t\t\t\t\t<\/div>\n\t\t\t\t<\/div>\n\t\t\t\t<div class=\"elementor-element elementor-element-3221807 elementor-widget elementor-widget-text-editor\" data-id=\"3221807\" data-element_type=\"widget\" data-widget_type=\"text-editor.default\">\n\t\t\t\t<div class=\"elementor-widget-container\">\n\t\t\t\t\t\t\t\t\t<p>A Pol\u00edcia Civil de Santa Catarina prendeu o \u00faltimo investigado por participa\u00e7\u00e3o no crime de latroc\u00ednio que resultou na morte do Delegado Aposentado, Jos\u00e9 Tadeu Vargas dos Santos, de 66 anos. O preso foi localizado no in\u00edcio da tarde desta segunda-feira (30), em I\u00e7ara, e capturado pelos policiais da Divis\u00e3o de Investiga\u00e7\u00e3o Criminal (DIC) de Crici\u00fama e da Diretoria Estadual de Investiga\u00e7\u00f5es Criminais (DEIC\/PCSC). Havia Mandado de Pris\u00e3o Preventiva expedido contra ele.<\/p><p>Com esta pris\u00e3o do quinto indiv\u00edduo envolvido diretamente na pr\u00e1tica do crime, o caso \u00e9 dado por conclu\u00eddo pelo Delegado Yuri Miqueluzzi, \u00e0 frente da investiga\u00e7\u00e3o e respons\u00e1vel pela Divis\u00e3o de Repress\u00e3o a Roubos (DRR\/DIC). O desfecho do Caso Delegado Vargas e todo o enredo da investiga\u00e7\u00e3o foram apresentados em entrevista coletiva para a imprensa, com a participa\u00e7\u00e3o tamb\u00e9m do Delegado Regional de Crici\u00fama, Vitor Bianco J\u00fanior.<span style=\"font-family: var( --e-global-typography-primary-font-family ), Sans-serif; font-size: var( --e-global-typography-primary-font-size ); font-weight: var( --e-global-typography-primary-font-weight ); letter-spacing: var( --e-global-typography-primary-letter-spacing );\">&nbsp;<\/span><\/p><p>Ao todo foram 25 dias de trabalho ininterrupto desde o dia 6 de janeiro deste ano, quando a v\u00edtima reagiu ao roubo ocorrido no bar em que estava naquela noite de sexta-feira, no bairro Cap\u00e3o Bonito, localidade do interior de Crici\u00fama. \u201cFoi um trabalho discreto de muita investiga\u00e7\u00e3o para termos alcan\u00e7ado pleno sucesso, com a identifica\u00e7\u00e3o de todos os envolvidos no latroc\u00ednio e de quem os ajudou e tamb\u00e9m a captura dos autores\u201d, revelou Miqueluzzi.<span style=\"font-family: var( --e-global-typography-primary-font-family ), Sans-serif; font-size: var( --e-global-typography-primary-font-size ); font-weight: var( --e-global-typography-primary-font-weight ); letter-spacing: var( --e-global-typography-primary-letter-spacing );\">&nbsp;<\/span><\/p><p>Al\u00e9m desta pris\u00e3o, dois outros homens foram presos em flagrante no dia seguinte ao fato, um adolescente apresentou-se na delegacia 11 dias depois e foi internado provisoriamente. O quinto investigado foi morto em confronto com a pol\u00edcia, enquanto tentavam efetuar a pris\u00e3o dele no dia 27, no interior do munic\u00edpio de Cocal do Sul.<\/p>\n<p><b>A investiga\u00e7\u00e3o<\/b><br>A elucida\u00e7\u00e3o do crime de latroc\u00ednio que vitimou o Delegado Vargas foi complexa e envolveu diversas t\u00e9cnicas investigativas dispon\u00edveis \u00e0 Pol\u00edcia Civil e tamb\u00e9m o uso de m\u00faltiplos recursos operacionais, al\u00e9m do gerenciamento de grande quantidade de efetivo. Restou apurada a participa\u00e7\u00e3o direta de cinco pessoas e um ve\u00edculo. A inten\u00e7\u00e3o da a\u00e7\u00e3o criminosa era roubar uma caminhonete. \u201cA caminhonete do Delegado Vargas estava estacionada na frente do bar e foi um chamariz. N\u00e3o havia a inten\u00e7\u00e3o direcionada ao profissional de seguran\u00e7a p\u00fablica, mas houve a rea\u00e7\u00e3o da v\u00edtima e a troca de tiros que o atingiu\u201d, descreveu Miqueluzzi.<\/p><p>O cumprimento de mandados de busca e apreens\u00e3o no segundo dia ap\u00f3s o crime rendeu farto material com informa\u00e7\u00f5es a evoluir a investiga\u00e7\u00e3o em maior velocidade.<span style=\"font-family: var( --e-global-typography-primary-font-family ), Sans-serif; font-size: var( --e-global-typography-primary-font-size ); font-weight: var( --e-global-typography-primary-font-weight ); letter-spacing: var( --e-global-typography-primary-letter-spacing );\">&nbsp;<\/span><\/p><p>Segundo o Delegado da DRR\/DIC, Yuri Miqueluzzi, menos de 48 horas ap\u00f3s o epis\u00f3dio, a investiga\u00e7\u00e3o j\u00e1 conseguiu elucidar a autoria, com a identifica\u00e7\u00e3o dos cinco envolvidos. A partir de ent\u00e3o, o trabalho da Pol\u00edcia Civil foi para localizar os tr\u00eas indiv\u00edduos que n\u00e3o tinham sido presos em flagrante. O adolescente de 17 anos tamb\u00e9m entregou na Delegacia duas armas de fogo: uma pistola calibre 380, de propriedade do Delegado Vargas, e outra usada no crime, calibre 7,65mm.<\/p><p>Os adultos apontados como autores do crime foram indiciados pelos crimes de latroc\u00ednio, associa\u00e7\u00e3o criminosa e corrup\u00e7\u00e3o de menores. O adolescente apontado pelo ato infracional equiparado aos crimes de latroc\u00ednio e associa\u00e7\u00e3o criminosa. Outras cinco pessoas foram tamb\u00e9m indiciadas pelo crime de favorecimento pessoal, por terem auxiliado na fuga e esconderijo dos investigados.<span style=\"font-family: var( --e-global-typography-primary-font-family ), Sans-serif; font-size: var( --e-global-typography-primary-font-size ); font-weight: var( --e-global-typography-primary-font-weight ); letter-spacing: var( --e-global-typography-primary-letter-spacing );\">&nbsp;<\/span><\/p><p>Todo o trabalho da Pol\u00edcia Civil neste caso foi integrado entre a DIC Crici\u00fama e as unidades especializadas da DEIC\/PCSC: Delegacia de Roubos e Antissequestro (DRAS) e Delegacia de Repress\u00e3o ao Crime Organizado (DRACO), envolvendo cerca de 120 policiais civis.<\/p>\t\t\t\t\t\t\t\t<\/div>\n\t\t\t\t<\/div>\n\t\t\t\t\t<\/div>\n\t\t<\/div>\n\t\t\t\t\t<\/div>\n\t\t<\/section>\n\t\t\t\t<\/div>\n\t\t","protected":false},"excerpt":{"rendered":"<p>Caso Delegado Vargas: investiga\u00e7\u00e3o \u00e9 conclu\u00edda com a pris\u00e3o de \u00faltimo envolvido A Pol\u00edcia Civil de Santa Catarina prendeu o \u00faltimo investigado por participa\u00e7\u00e3o no crime de latroc\u00ednio que resultou na morte do Delegado Aposentado, Jos\u00e9 Tadeu Vargas dos Santos, de 66 anos. O preso foi localizado no in\u00edcio da tarde desta segunda-feira (30), em [&hellip;]<\/p>\n","protected":false},"author":5,"featured_media":4784,"comment_status":"closed","ping_status":"open","sticky":false,"template":"","format":"standard","meta":{"_monsterinsights_skip_tracking":false,"_monsterinsights_sitenote_active":false,"_monsterinsights_sitenote_note":"","_monsterinsights_sitenote_category":0,"footnotes":""},"categories":[1],"tags":[],"class_list":["post-4783","post","type-post","status-publish","format-standard","has-post-thumbnail","hentry","category-sem-categoria"],"_links":{"self":[{"href":"https:\/\/pc.sc.gov.br\/index.php?rest_route=\/wp\/v2\/posts\/4783","targetHints":{"allow":["GET"]}}],"collection":[{"href":"https:\/\/pc.sc.gov.br\/index.php?rest_route=\/wp\/v2\/posts"}],"about":[{"href":"https:\/\/pc.sc.gov.br\/index.php?rest_route=\/wp\/v2\/types\/post"}],"author":[{"embeddable":true,"href":"https:\/\/pc.sc.gov.br\/index.php?rest_route=\/wp\/v2\/users\/5"}],"replies":[{"embeddable":true,"href":"https:\/\/pc.sc.gov.br\/index.php?rest_route=%2Fwp%2Fv2%2Fcomments&post=4783"}],"version-history":[{"count":4,"href":"https:\/\/pc.sc.gov.br\/index.php?rest_route=\/wp\/v2\/posts\/4783\/revisions"}],"predecessor-version":[{"id":4788,"href":"https:\/\/pc.sc.gov.br\/index.php?rest_route=\/wp\/v2\/posts\/4783\/revisions\/4788"}],"wp:featuredmedia":[{"embeddable":true,"href":"https:\/\/pc.sc.gov.br\/index.php?rest_route=\/wp\/v2\/media\/4784"}],"wp:attachment":[{"href":"https:\/\/pc.sc.gov.br\/index.php?rest_route=%2Fwp%2Fv2%2Fmedia&parent=4783"}],"wp:term":[{"taxonomy":"category","embeddable":true,"href":"https:\/\/pc.sc.gov.br\/index.php?rest_route=%2Fwp%2Fv2%2Fcategories&post=4783"},{"taxonomy":"post_tag","embeddable":true,"href":"https:\/\/pc.sc.gov.br\/index.php?rest_route=%2Fwp%2Fv2%2Ftags&post=4783"}],"curies":[{"name":"wp","href":"https:\/\/api.w.org\/{rel}","templated":true}]}}