{"id":4789,"date":"2023-01-31T14:10:21","date_gmt":"2023-01-31T17:10:21","guid":{"rendered":"https:\/\/pc.sc.gov.br\/?p=4789"},"modified":"2023-01-31T14:14:12","modified_gmt":"2023-01-31T17:14:12","slug":"policia-civil-recupera-veiculo-furtado-no-rio-grande-do-sul","status":"publish","type":"post","link":"https:\/\/pc.sc.gov.br\/?p=4789","title":{"rendered":"Pol\u00edcia Civil recupera ve\u00edculo furtado no Rio Grande do Sul"},"content":{"rendered":"\t\t<div data-elementor-type=\"wp-post\" data-elementor-id=\"4789\" class=\"elementor elementor-4789\" data-elementor-post-type=\"post\">\n\t\t\t\t\t\t<section class=\"elementor-section elementor-top-section elementor-element elementor-element-0b5b4ad elementor-section-boxed elementor-section-height-default elementor-section-height-default\" data-id=\"0b5b4ad\" data-element_type=\"section\">\n\t\t\t\t\t\t<div class=\"elementor-container elementor-column-gap-default\">\n\t\t\t\t\t<div class=\"elementor-column elementor-col-100 elementor-top-column elementor-element elementor-element-2d56865\" data-id=\"2d56865\" data-element_type=\"column\">\n\t\t\t<div class=\"elementor-widget-wrap elementor-element-populated\">\n\t\t\t\t\t\t<div class=\"elementor-element elementor-element-67c0663 elementor-widget elementor-widget-heading\" data-id=\"67c0663\" data-element_type=\"widget\" data-widget_type=\"heading.default\">\n\t\t\t\t<div class=\"elementor-widget-container\">\n\t\t\t\t\t<h2 class=\"elementor-heading-title elementor-size-default\">Pol\u00edcia Civil recupera ve\u00edculo furtado no Rio Grande do Sul \n<\/h2>\t\t\t\t<\/div>\n\t\t\t\t<\/div>\n\t\t\t\t<div class=\"elementor-element elementor-element-f9914df elementor-widget elementor-widget-image\" data-id=\"f9914df\" data-element_type=\"widget\" data-widget_type=\"image.default\">\n\t\t\t\t<div class=\"elementor-widget-container\">\n\t\t\t\t\t\t\t\t\t\t\t\t\t\t\t<img fetchpriority=\"high\" decoding=\"async\" width=\"635\" height=\"680\" src=\"https:\/\/pc.sc.gov.br\/\/wp-content\/uploads\/2022\/12\/VIATURA_03.jpg\" class=\"attachment-large size-large wp-image-2549\" alt=\"atr\u00e1s da viatura e policial com o bra\u00e7o pra fora\" srcset=\"https:\/\/pc.sc.gov.br\/\/wp-content\/uploads\/2022\/12\/VIATURA_03.jpg 635w, https:\/\/pc.sc.gov.br\/\/wp-content\/uploads\/2022\/12\/VIATURA_03-280x300.jpg 280w\" sizes=\"(max-width: 635px) 100vw, 635px\" \/>\t\t\t\t\t\t\t\t\t\t\t\t\t\t\t<\/div>\n\t\t\t\t<\/div>\n\t\t\t\t<div class=\"elementor-element elementor-element-31a4d78 elementor-widget elementor-widget-text-editor\" data-id=\"31a4d78\" data-element_type=\"widget\" data-widget_type=\"text-editor.default\">\n\t\t\t\t<div class=\"elementor-widget-container\">\n\t\t\t\t\t\t\t\t\t<p>Nesta segunda-feira (30), a Pol\u00edcia Civil, por meio da Divis\u00e3o de Furtos e Roubos de Ve\u00edculos (DFRV), da Diretoria de Investiga\u00e7\u00f5es Criminais (DEIC) recuperou um ve\u00edculo GM Tracker, que havia sido furtado em dezembro de 2022, no munic\u00edpio de Canoas, no Rio Grande do Sul. O ve\u00edculo foi localizado em Palho\u00e7a e estava em circula\u00e7\u00e3o com os sinais identificadores originais.<\/p><p>O ve\u00edculo foi conduzido at\u00e9 a DEIC para formaliza\u00e7\u00e3o dos procedimentos e dilig\u00eancias continuam sendo realizadas para apurar as circunst\u00e2ncias relacionadas ao furto.<\/p>\t\t\t\t\t\t\t\t<\/div>\n\t\t\t\t<\/div>\n\t\t\t\t\t<\/div>\n\t\t<\/div>\n\t\t\t\t\t<\/div>\n\t\t<\/section>\n\t\t\t\t<\/div>\n\t\t","protected":false},"excerpt":{"rendered":"<p>Pol\u00edcia Civil recupera ve\u00edculo furtado no Rio Grande do Sul Nesta segunda-feira (30), a Pol\u00edcia Civil, por meio da Divis\u00e3o de Furtos e Roubos de Ve\u00edculos (DFRV), da Diretoria de Investiga\u00e7\u00f5es Criminais (DEIC) recuperou um ve\u00edculo GM Tracker, que havia sido furtado em dezembro de 2022, no munic\u00edpio de Canoas, no Rio Grande do Sul. [&hellip;]<\/p>\n","protected":false},"author":5,"featured_media":2549,"comment_status":"closed","ping_status":"open","sticky":false,"template":"","format":"standard","meta":{"_monsterinsights_skip_tracking":false,"_monsterinsights_sitenote_active":false,"_monsterinsights_sitenote_note":"","_monsterinsights_sitenote_category":0,"footnotes":""},"categories":[1],"tags":[],"class_list":["post-4789","post","type-post","status-publish","format-standard","has-post-thumbnail","hentry","category-sem-categoria"],"_links":{"self":[{"href":"https:\/\/pc.sc.gov.br\/index.php?rest_route=\/wp\/v2\/posts\/4789","targetHints":{"allow":["GET"]}}],"collection":[{"href":"https:\/\/pc.sc.gov.br\/index.php?rest_route=\/wp\/v2\/posts"}],"about":[{"href":"https:\/\/pc.sc.gov.br\/index.php?rest_route=\/wp\/v2\/types\/post"}],"author":[{"embeddable":true,"href":"https:\/\/pc.sc.gov.br\/index.php?rest_route=\/wp\/v2\/users\/5"}],"replies":[{"embeddable":true,"href":"https:\/\/pc.sc.gov.br\/index.php?rest_route=%2Fwp%2Fv2%2Fcomments&post=4789"}],"version-history":[{"count":4,"href":"https:\/\/pc.sc.gov.br\/index.php?rest_route=\/wp\/v2\/posts\/4789\/revisions"}],"predecessor-version":[{"id":4793,"href":"https:\/\/pc.sc.gov.br\/index.php?rest_route=\/wp\/v2\/posts\/4789\/revisions\/4793"}],"wp:featuredmedia":[{"embeddable":true,"href":"https:\/\/pc.sc.gov.br\/index.php?rest_route=\/wp\/v2\/media\/2549"}],"wp:attachment":[{"href":"https:\/\/pc.sc.gov.br\/index.php?rest_route=%2Fwp%2Fv2%2Fmedia&parent=4789"}],"wp:term":[{"taxonomy":"category","embeddable":true,"href":"https:\/\/pc.sc.gov.br\/index.php?rest_route=%2Fwp%2Fv2%2Fcategories&post=4789"},{"taxonomy":"post_tag","embeddable":true,"href":"https:\/\/pc.sc.gov.br\/index.php?rest_route=%2Fwp%2Fv2%2Ftags&post=4789"}],"curies":[{"name":"wp","href":"https:\/\/api.w.org\/{rel}","templated":true}]}}