{"id":4810,"date":"2023-01-31T18:35:01","date_gmt":"2023-01-31T21:35:01","guid":{"rendered":"https:\/\/pc.sc.gov.br\/?p=4810"},"modified":"2023-01-31T18:46:16","modified_gmt":"2023-01-31T21:46:16","slug":"elementor-4810","status":"publish","type":"post","link":"https:\/\/pc.sc.gov.br\/?p=4810","title":{"rendered":"Delegado Andr\u00e9 Borges Milanese assume como Regional da PCSC em Crici\u00fama"},"content":{"rendered":"\t\t<div data-elementor-type=\"wp-post\" data-elementor-id=\"4810\" class=\"elementor elementor-4810\" data-elementor-post-type=\"post\">\n\t\t\t\t\t\t<section class=\"elementor-section elementor-top-section elementor-element elementor-element-ba38564 elementor-section-boxed elementor-section-height-default elementor-section-height-default\" data-id=\"ba38564\" data-element_type=\"section\">\n\t\t\t\t\t\t<div class=\"elementor-container elementor-column-gap-default\">\n\t\t\t\t\t<div class=\"elementor-column elementor-col-100 elementor-top-column elementor-element elementor-element-a2b9853\" data-id=\"a2b9853\" data-element_type=\"column\">\n\t\t\t<div class=\"elementor-widget-wrap elementor-element-populated\">\n\t\t\t\t\t\t<div class=\"elementor-element elementor-element-79fc8e3 elementor-widget elementor-widget-heading\" data-id=\"79fc8e3\" data-element_type=\"widget\" data-widget_type=\"heading.default\">\n\t\t\t\t<div class=\"elementor-widget-container\">\n\t\t\t\t\t<h2 class=\"elementor-heading-title elementor-size-default\">Delegado Andr\u00e9 Borges Milanese assume como Regional da PCSC em Crici\u00fama\n<\/h2>\t\t\t\t<\/div>\n\t\t\t\t<\/div>\n\t\t\t\t<div class=\"elementor-element elementor-element-f61183f elementor-widget elementor-widget-image\" data-id=\"f61183f\" data-element_type=\"widget\" data-widget_type=\"image.default\">\n\t\t\t\t<div class=\"elementor-widget-container\">\n\t\t\t\t\t\t\t\t\t\t\t\t\t\t\t<img fetchpriority=\"high\" decoding=\"async\" width=\"696\" height=\"493\" src=\"https:\/\/pc.sc.gov.br\/\/wp-content\/uploads\/2023\/01\/PC_SDSJJDKJGFN4854154-1024x726.jpg\" class=\"attachment-large size-large wp-image-4812\" alt=\"\" srcset=\"https:\/\/pc.sc.gov.br\/\/wp-content\/uploads\/2023\/01\/PC_SDSJJDKJGFN4854154-1024x726.jpg 1024w, https:\/\/pc.sc.gov.br\/\/wp-content\/uploads\/2023\/01\/PC_SDSJJDKJGFN4854154-300x213.jpg 300w, https:\/\/pc.sc.gov.br\/\/wp-content\/uploads\/2023\/01\/PC_SDSJJDKJGFN4854154-768x545.jpg 768w, https:\/\/pc.sc.gov.br\/\/wp-content\/uploads\/2023\/01\/PC_SDSJJDKJGFN4854154-1536x1090.jpg 1536w, https:\/\/pc.sc.gov.br\/\/wp-content\/uploads\/2023\/01\/PC_SDSJJDKJGFN4854154.jpg 1748w\" sizes=\"(max-width: 696px) 100vw, 696px\" \/>\t\t\t\t\t\t\t\t\t\t\t\t\t\t\t<\/div>\n\t\t\t\t<\/div>\n\t\t\t\t<div class=\"elementor-element elementor-element-ce23b19 elementor-widget elementor-widget-text-editor\" data-id=\"ce23b19\" data-element_type=\"widget\" data-widget_type=\"text-editor.default\">\n\t\t\t\t<div class=\"elementor-widget-container\">\n\t\t\t\t\t\t\t\t\t<p>Nesta ter\u00e7a-feira (31) o Delegado-Geral da PCSC, Ulisses Gabriel, deu posse ao novo gestor da 6\u00aa Delegacia Regional de Pol\u00edcia (DRP) Crici\u00fama, Delegado Andr\u00e9 Borges Milanese. O novo gestor da 6\u00aa DRP de Crici\u00fama tem 20 anos de atua\u00e7\u00e3o na atividade-fim da institui\u00e7\u00e3o: a investiga\u00e7\u00e3o.<span style=\"font-family: var( --e-global-typography-primary-font-family ), Sans-serif; font-size: var( --e-global-typography-primary-font-size ); font-weight: var( --e-global-typography-primary-font-weight ); letter-spacing: var( --e-global-typography-primary-letter-spacing );\">&nbsp;<\/span><\/p><p>O Delegado Andr\u00e9 Borges Milanese, agora, leva toda a sua experi\u00eancia e conhecimento do trabalho policial para administrar a estrutura e o efetivo das 17 Delegacias dos munic\u00edpios da Associa\u00e7\u00e3o dos Munic\u00edpios da Regi\u00e3o Carbon\u00edfera (Amrec).<span style=\"font-family: var( --e-global-typography-primary-font-family ), Sans-serif; font-size: var( --e-global-typography-primary-font-size ); font-weight: var( --e-global-typography-primary-font-weight ); letter-spacing: var( --e-global-typography-primary-letter-spacing );\">&nbsp;<\/span><\/p><p>Em seu discurso de posse, Milanese agradeceu a confian\u00e7a a ele depositada pelo alto escal\u00e3o da Pol\u00edcia Civil e ponderou que est\u00e1 recebendo a Delegacia Regional bem estruturada. \u201cSe eu cheguei a este cargo \u00e9 pelo bom trabalho que desempenhei, mas se fiz um bom trabalho da minha parte \u00e9 porque tive por tr\u00e1s uma equipe de policiais que soube fazer o trabalho acontecer\u201d, enalteceu.<\/p><p>Conforme afirmou durante o evento, o novo Delegado Regional de Crici\u00fama ter\u00e1 como foco de sua gest\u00e3o a \u201cvaloriza\u00e7\u00e3o da investiga\u00e7\u00e3o, a atividade-fim da Pol\u00edcia Civil\u201d. Ele tamb\u00e9m pretende desburocratizar os servi\u00e7os administrativos prestados pela 6\u00aa DRP\/PCSC e o bom atendimento ao cidad\u00e3o, dentro dos padr\u00f5es da institui\u00e7\u00e3o.<\/p><p>O Delegado-Geral da Pol\u00edcia Civil, Ulisses Gabriel, que \u00e9 lotado em Crici\u00fama, destacou a import\u00e2ncia de valorizar o efetivo da regi\u00e3o. \u201cOs nossos policiais civis pautam toda a sua vida em prol da seguran\u00e7a p\u00fablica. Um dos pilares da atual gest\u00e3o da nossa institui\u00e7\u00e3o \u00e9 focar na reposi\u00e7\u00e3o do efetivo para que n\u00f3s possamos dar um retorno \u00e0 sociedade do trabalho prestado\u201d, adiantou.<\/p><p>Quem deixou a gest\u00e3o da 6\u00aa DRP, depois de quatro anos, foi o Delegado Vitor Bianco J\u00fanior, que assumir\u00e1 a coordena\u00e7\u00e3o da Divis\u00e3o de Investiga\u00e7\u00e3o Criminal (DIC) de Crici\u00fama, em mar\u00e7o. Tamb\u00e9m durante a solenidade, foi confirmada a chegada dos dois novos Delegados de Pol\u00edcia, ainda esta semana, para atuarem nas Delegacias de Lauro Muller e Central de Plant\u00e3o de Crici\u00fama, com remanejamento de um terceiro para a vaga em aberto na Delegacia de Orleans.<\/p>\t\t\t\t\t\t\t\t<\/div>\n\t\t\t\t<\/div>\n\t\t\t\t<div class=\"elementor-element elementor-element-e6fa04a elementor-widget elementor-widget-image\" data-id=\"e6fa04a\" data-element_type=\"widget\" data-widget_type=\"image.default\">\n\t\t\t\t<div class=\"elementor-widget-container\">\n\t\t\t\t\t\t\t\t\t\t\t\t\t\t\t<img decoding=\"async\" width=\"498\" height=\"780\" src=\"https:\/\/pc.sc.gov.br\/\/wp-content\/uploads\/2023\/01\/PC_SDJANFJKDNFJDSGSDSDF61.jpg\" class=\"attachment-large size-large wp-image-4813\" alt=\"\" srcset=\"https:\/\/pc.sc.gov.br\/\/wp-content\/uploads\/2023\/01\/PC_SDJANFJKDNFJDSGSDSDF61.jpg 498w, https:\/\/pc.sc.gov.br\/\/wp-content\/uploads\/2023\/01\/PC_SDJANFJKDNFJDSGSDSDF61-192x300.jpg 192w\" sizes=\"(max-width: 498px) 100vw, 498px\" \/>\t\t\t\t\t\t\t\t\t\t\t\t\t\t\t<\/div>\n\t\t\t\t<\/div>\n\t\t\t\t<div class=\"elementor-element elementor-element-023b394 elementor-widget elementor-widget-image\" data-id=\"023b394\" data-element_type=\"widget\" data-widget_type=\"image.default\">\n\t\t\t\t<div class=\"elementor-widget-container\">\n\t\t\t\t\t\t\t\t\t\t\t\t\t\t\t<img decoding=\"async\" width=\"860\" height=\"449\" src=\"https:\/\/pc.sc.gov.br\/\/wp-content\/uploads\/2023\/01\/PC_SDJANFJKDNFJDSGSDSDF.jpg\" class=\"attachment-1536x1536 size-1536x1536 wp-image-4814\" alt=\"\" srcset=\"https:\/\/pc.sc.gov.br\/\/wp-content\/uploads\/2023\/01\/PC_SDJANFJKDNFJDSGSDSDF.jpg 860w, https:\/\/pc.sc.gov.br\/\/wp-content\/uploads\/2023\/01\/PC_SDJANFJKDNFJDSGSDSDF-300x157.jpg 300w, https:\/\/pc.sc.gov.br\/\/wp-content\/uploads\/2023\/01\/PC_SDJANFJKDNFJDSGSDSDF-768x401.jpg 768w\" sizes=\"(max-width: 860px) 100vw, 860px\" \/>\t\t\t\t\t\t\t\t\t\t\t\t\t\t\t<\/div>\n\t\t\t\t<\/div>\n\t\t\t\t\t<\/div>\n\t\t<\/div>\n\t\t\t\t\t<\/div>\n\t\t<\/section>\n\t\t\t\t<\/div>\n\t\t","protected":false},"excerpt":{"rendered":"<p>Delegado Andr\u00e9 Borges Milanese assume como Regional da PCSC em Crici\u00fama Nesta ter\u00e7a-feira (31) o Delegado-Geral da PCSC, Ulisses Gabriel, deu posse ao novo gestor da 6\u00aa Delegacia Regional de Pol\u00edcia (DRP) Crici\u00fama, Delegado Andr\u00e9 Borges Milanese. O novo gestor da 6\u00aa DRP de Crici\u00fama tem 20 anos de atua\u00e7\u00e3o na atividade-fim da institui\u00e7\u00e3o: a [&hellip;]<\/p>\n","protected":false},"author":5,"featured_media":4824,"comment_status":"closed","ping_status":"open","sticky":false,"template":"","format":"standard","meta":{"_monsterinsights_skip_tracking":false,"_monsterinsights_sitenote_active":false,"_monsterinsights_sitenote_note":"","_monsterinsights_sitenote_category":0,"footnotes":""},"categories":[1],"tags":[],"class_list":["post-4810","post","type-post","status-publish","format-standard","has-post-thumbnail","hentry","category-sem-categoria"],"_links":{"self":[{"href":"https:\/\/pc.sc.gov.br\/index.php?rest_route=\/wp\/v2\/posts\/4810","targetHints":{"allow":["GET"]}}],"collection":[{"href":"https:\/\/pc.sc.gov.br\/index.php?rest_route=\/wp\/v2\/posts"}],"about":[{"href":"https:\/\/pc.sc.gov.br\/index.php?rest_route=\/wp\/v2\/types\/post"}],"author":[{"embeddable":true,"href":"https:\/\/pc.sc.gov.br\/index.php?rest_route=\/wp\/v2\/users\/5"}],"replies":[{"embeddable":true,"href":"https:\/\/pc.sc.gov.br\/index.php?rest_route=%2Fwp%2Fv2%2Fcomments&post=4810"}],"version-history":[{"count":11,"href":"https:\/\/pc.sc.gov.br\/index.php?rest_route=\/wp\/v2\/posts\/4810\/revisions"}],"predecessor-version":[{"id":4827,"href":"https:\/\/pc.sc.gov.br\/index.php?rest_route=\/wp\/v2\/posts\/4810\/revisions\/4827"}],"wp:featuredmedia":[{"embeddable":true,"href":"https:\/\/pc.sc.gov.br\/index.php?rest_route=\/wp\/v2\/media\/4824"}],"wp:attachment":[{"href":"https:\/\/pc.sc.gov.br\/index.php?rest_route=%2Fwp%2Fv2%2Fmedia&parent=4810"}],"wp:term":[{"taxonomy":"category","embeddable":true,"href":"https:\/\/pc.sc.gov.br\/index.php?rest_route=%2Fwp%2Fv2%2Fcategories&post=4810"},{"taxonomy":"post_tag","embeddable":true,"href":"https:\/\/pc.sc.gov.br\/index.php?rest_route=%2Fwp%2Fv2%2Ftags&post=4810"}],"curies":[{"name":"wp","href":"https:\/\/api.w.org\/{rel}","templated":true}]}}