{"id":4833,"date":"2023-02-01T14:26:12","date_gmt":"2023-02-01T17:26:12","guid":{"rendered":"https:\/\/pc.sc.gov.br\/?p=4833"},"modified":"2023-02-01T14:27:53","modified_gmt":"2023-02-01T17:27:53","slug":"policia-civil-prende-homem-que-estava-foragido-por-homicidio-praticado-em-outubro-de-2022-em-caibi","status":"publish","type":"post","link":"https:\/\/pc.sc.gov.br\/?p=4833","title":{"rendered":"Pol\u00edcia Civil prende homem que estava foragido por homic\u00eddio praticado em outubro de 2022 em Caibi"},"content":{"rendered":"\t\t<div data-elementor-type=\"wp-post\" data-elementor-id=\"4833\" class=\"elementor elementor-4833\" data-elementor-post-type=\"post\">\n\t\t\t\t\t\t<section class=\"elementor-section elementor-top-section elementor-element elementor-element-fe5d831 elementor-section-boxed elementor-section-height-default elementor-section-height-default\" data-id=\"fe5d831\" data-element_type=\"section\">\n\t\t\t\t\t\t<div class=\"elementor-container elementor-column-gap-default\">\n\t\t\t\t\t<div class=\"elementor-column elementor-col-100 elementor-top-column elementor-element elementor-element-dcfd536\" data-id=\"dcfd536\" data-element_type=\"column\">\n\t\t\t<div class=\"elementor-widget-wrap elementor-element-populated\">\n\t\t\t\t\t\t<div class=\"elementor-element elementor-element-2c9bada elementor-widget elementor-widget-heading\" data-id=\"2c9bada\" data-element_type=\"widget\" data-widget_type=\"heading.default\">\n\t\t\t\t<div class=\"elementor-widget-container\">\n\t\t\t\t\t<h2 class=\"elementor-heading-title elementor-size-default\">Pol\u00edcia Civil prende homem que estava foragido por homic\u00eddio praticado em outubro de 2022 em Caibi\n<\/h2>\t\t\t\t<\/div>\n\t\t\t\t<\/div>\n\t\t\t\t<div class=\"elementor-element elementor-element-142cfb0 elementor-widget elementor-widget-image\" data-id=\"142cfb0\" data-element_type=\"widget\" data-widget_type=\"image.default\">\n\t\t\t\t<div class=\"elementor-widget-container\">\n\t\t\t\t\t\t\t\t\t\t\t\t\t\t\t<img fetchpriority=\"high\" decoding=\"async\" width=\"696\" height=\"414\" src=\"https:\/\/pc.sc.gov.br\/\/wp-content\/uploads\/2023\/02\/PC_SDSJJDKJGFN4854154454165-1024x609.jpg\" class=\"attachment-large size-large wp-image-4834\" alt=\"em frente ao heliporto uma viatura da policia civil e uma policial da DICem frente destas\" srcset=\"https:\/\/pc.sc.gov.br\/\/wp-content\/uploads\/2023\/02\/PC_SDSJJDKJGFN4854154454165-1024x609.jpg 1024w, https:\/\/pc.sc.gov.br\/\/wp-content\/uploads\/2023\/02\/PC_SDSJJDKJGFN4854154454165-300x178.jpg 300w, https:\/\/pc.sc.gov.br\/\/wp-content\/uploads\/2023\/02\/PC_SDSJJDKJGFN4854154454165-768x457.jpg 768w, https:\/\/pc.sc.gov.br\/\/wp-content\/uploads\/2023\/02\/PC_SDSJJDKJGFN4854154454165.jpg 1514w\" sizes=\"(max-width: 696px) 100vw, 696px\" \/>\t\t\t\t\t\t\t\t\t\t\t\t\t\t\t<\/div>\n\t\t\t\t<\/div>\n\t\t\t\t<div class=\"elementor-element elementor-element-caa9d1a elementor-widget elementor-widget-text-editor\" data-id=\"caa9d1a\" data-element_type=\"widget\" data-widget_type=\"text-editor.default\">\n\t\t\t\t<div class=\"elementor-widget-container\">\n\t\t\t\t\t\t\t\t\t<p>A Pol\u00edcia Civil, por meio da Divis\u00e3o de Investiga\u00e7\u00e3o Criminal (DIC) de Maravilha prendeu nessa ter\u00e7a-feira (31), o homem indiciado como autor do homic\u00eddio praticado em 23 de outubro de 2022, na resid\u00eancia da v\u00edtima, em Caibi.<\/p><p>Segundo apurado nas investiga\u00e7\u00f5es realizadas pela Delegacia de Pol\u00edcia do Munic\u00edpio (DPMU) de Caibi, por volta das 2h20min dia 23 de outubro, o autor teria ido at\u00e9 a resid\u00eancia da v\u00edtima com uma arma de fogo, a princ\u00edpio uma carabina calibre .22 LR, com o intuito de se vingar, por suspeitar que a v\u00edtima estivesse mantendo um relacionamento com sua esposa.<span style=\"font-family: var( --e-global-typography-primary-font-family ), Sans-serif; font-size: var( --e-global-typography-primary-font-size ); font-weight: var( --e-global-typography-primary-font-weight ); letter-spacing: var( --e-global-typography-primary-letter-spacing );\">&nbsp;<\/span><\/p><p>Ao chegar na resid\u00eancia, uma casa sem prote\u00e7\u00e3o frontal, o autor bateu na janela do quarto da v\u00edtima, que abriu a janela para verificar o barulho e, ao n\u00e3o ver nada, voltou a dormir. Pouco tempo depois, novamente ouviu uma batida na janela e, desta vez, colocou a cabe\u00e7a para fora, momento em que foi atingido por um disparo de arma de fogo no cr\u00e2nio.<\/p><p>A v\u00edtima chegou a receber socorro m\u00e9dico na ocasi\u00e3o, mas acabou falecendo no hospital dias ap\u00f3s o fato.<\/p><p>A partir de ent\u00e3o, foi expedido mandado de pris\u00e3o preventiva em desfavor do autor, que passou a ser procurado pela Pol\u00edcia Civil, uma vez que se evadiu de Caibi. Ap\u00f3s levantamentos realizados pelos policiais da DIC de Maravilha, o indiv\u00edduo foi encontrado se escondendo em uma resid\u00eancia no bairro Aurora, momento em que foi capturado pelos policiais civis.<\/p><p>A arma de fogo utilizada no crime j\u00e1 havia sido apreendida no in\u00edcio da investiga\u00e7\u00e3o, mas o investigado preferiu ficar em sil\u00eancio em seu interrogat\u00f3rio.<br>A a\u00e7\u00e3o contou com o apoio da Diretoria de Intelig\u00eancia da Pol\u00edcia Civil (DIPC), bem como da Delegacia de Pol\u00edcia do Munic\u00edpio de Caibi (DPM), cujas informa\u00e7\u00f5es e assist\u00eancia prestadas permitiram os primeiros passos na busca pelo homicida. O preso foi apresentado no Complexo Penitenci\u00e1rio de Chapec\u00f3.<\/p>\t\t\t\t\t\t\t\t<\/div>\n\t\t\t\t<\/div>\n\t\t\t\t\t<\/div>\n\t\t<\/div>\n\t\t\t\t\t<\/div>\n\t\t<\/section>\n\t\t\t\t<\/div>\n\t\t","protected":false},"excerpt":{"rendered":"<p>Pol\u00edcia Civil prende homem que estava foragido por homic\u00eddio praticado em outubro de 2022 em Caibi A Pol\u00edcia Civil, por meio da Divis\u00e3o de Investiga\u00e7\u00e3o Criminal (DIC) de Maravilha prendeu nessa ter\u00e7a-feira (31), o homem indiciado como autor do homic\u00eddio praticado em 23 de outubro de 2022, na resid\u00eancia da v\u00edtima, em Caibi. Segundo apurado [&hellip;]<\/p>\n","protected":false},"author":5,"featured_media":4834,"comment_status":"closed","ping_status":"open","sticky":false,"template":"","format":"standard","meta":{"_monsterinsights_skip_tracking":false,"_monsterinsights_sitenote_active":false,"_monsterinsights_sitenote_note":"","_monsterinsights_sitenote_category":0,"footnotes":""},"categories":[1],"tags":[],"class_list":["post-4833","post","type-post","status-publish","format-standard","has-post-thumbnail","hentry","category-sem-categoria"],"_links":{"self":[{"href":"https:\/\/pc.sc.gov.br\/index.php?rest_route=\/wp\/v2\/posts\/4833","targetHints":{"allow":["GET"]}}],"collection":[{"href":"https:\/\/pc.sc.gov.br\/index.php?rest_route=\/wp\/v2\/posts"}],"about":[{"href":"https:\/\/pc.sc.gov.br\/index.php?rest_route=\/wp\/v2\/types\/post"}],"author":[{"embeddable":true,"href":"https:\/\/pc.sc.gov.br\/index.php?rest_route=\/wp\/v2\/users\/5"}],"replies":[{"embeddable":true,"href":"https:\/\/pc.sc.gov.br\/index.php?rest_route=%2Fwp%2Fv2%2Fcomments&post=4833"}],"version-history":[{"count":4,"href":"https:\/\/pc.sc.gov.br\/index.php?rest_route=\/wp\/v2\/posts\/4833\/revisions"}],"predecessor-version":[{"id":4838,"href":"https:\/\/pc.sc.gov.br\/index.php?rest_route=\/wp\/v2\/posts\/4833\/revisions\/4838"}],"wp:featuredmedia":[{"embeddable":true,"href":"https:\/\/pc.sc.gov.br\/index.php?rest_route=\/wp\/v2\/media\/4834"}],"wp:attachment":[{"href":"https:\/\/pc.sc.gov.br\/index.php?rest_route=%2Fwp%2Fv2%2Fmedia&parent=4833"}],"wp:term":[{"taxonomy":"category","embeddable":true,"href":"https:\/\/pc.sc.gov.br\/index.php?rest_route=%2Fwp%2Fv2%2Fcategories&post=4833"},{"taxonomy":"post_tag","embeddable":true,"href":"https:\/\/pc.sc.gov.br\/index.php?rest_route=%2Fwp%2Fv2%2Ftags&post=4833"}],"curies":[{"name":"wp","href":"https:\/\/api.w.org\/{rel}","templated":true}]}}