{"id":4854,"date":"2023-02-01T15:42:41","date_gmt":"2023-02-01T18:42:41","guid":{"rendered":"https:\/\/pc.sc.gov.br\/?p=4854"},"modified":"2023-02-01T15:44:03","modified_gmt":"2023-02-01T18:44:03","slug":"policia-civil-prende-integrante-de-organizacao-criminosa-e-mulher-por-trafico-de-drogas-em-cacador","status":"publish","type":"post","link":"https:\/\/pc.sc.gov.br\/?p=4854","title":{"rendered":"Pol\u00edcia Civil prende integrante de organiza\u00e7\u00e3o criminosa e mulher por tr\u00e1fico de drogas em Ca\u00e7ador"},"content":{"rendered":"\t\t<div data-elementor-type=\"wp-post\" data-elementor-id=\"4854\" class=\"elementor elementor-4854\" data-elementor-post-type=\"post\">\n\t\t\t\t\t\t<section class=\"elementor-section elementor-top-section elementor-element elementor-element-89cf130 elementor-section-boxed elementor-section-height-default elementor-section-height-default\" data-id=\"89cf130\" data-element_type=\"section\">\n\t\t\t\t\t\t<div class=\"elementor-container elementor-column-gap-default\">\n\t\t\t\t\t<div class=\"elementor-column elementor-col-100 elementor-top-column elementor-element elementor-element-a63dcb4\" data-id=\"a63dcb4\" data-element_type=\"column\">\n\t\t\t<div class=\"elementor-widget-wrap elementor-element-populated\">\n\t\t\t\t\t\t<div class=\"elementor-element elementor-element-fca1524 elementor-widget elementor-widget-heading\" data-id=\"fca1524\" data-element_type=\"widget\" data-widget_type=\"heading.default\">\n\t\t\t\t<div class=\"elementor-widget-container\">\n\t\t\t\t\t<h2 class=\"elementor-heading-title elementor-size-default\">Pol\u00edcia Civil prende integrante de organiza\u00e7\u00e3o criminosa e mulher por tr\u00e1fico de drogas em Ca\u00e7ador\n<\/h2>\t\t\t\t<\/div>\n\t\t\t\t<\/div>\n\t\t\t\t<div class=\"elementor-element elementor-element-112c1d6 elementor-widget elementor-widget-image\" data-id=\"112c1d6\" data-element_type=\"widget\" data-widget_type=\"image.default\">\n\t\t\t\t<div class=\"elementor-widget-container\">\n\t\t\t\t\t\t\t\t\t\t\t\t\t\t\t<img fetchpriority=\"high\" decoding=\"async\" width=\"696\" height=\"272\" src=\"https:\/\/pc.sc.gov.br\/\/wp-content\/uploads\/2022\/12\/VIATURA_05.jpg\" class=\"attachment-large size-large wp-image-2550\" alt=\"VIATURA DA POLICIA COM SLOGAN\" srcset=\"https:\/\/pc.sc.gov.br\/\/wp-content\/uploads\/2022\/12\/VIATURA_05.jpg 900w, https:\/\/pc.sc.gov.br\/\/wp-content\/uploads\/2022\/12\/VIATURA_05-300x117.jpg 300w, https:\/\/pc.sc.gov.br\/\/wp-content\/uploads\/2022\/12\/VIATURA_05-768x300.jpg 768w\" sizes=\"(max-width: 696px) 100vw, 696px\" \/>\t\t\t\t\t\t\t\t\t\t\t\t\t\t\t<\/div>\n\t\t\t\t<\/div>\n\t\t\t\t<div class=\"elementor-element elementor-element-afe4040 elementor-widget elementor-widget-text-editor\" data-id=\"afe4040\" data-element_type=\"widget\" data-widget_type=\"text-editor.default\">\n\t\t\t\t<div class=\"elementor-widget-container\">\n\t\t\t\t\t\t\t\t\t<p>A Pol\u00edcia Civil, por meio da Divis\u00e3o de Investiga\u00e7\u00f5es Criminais (DIC) de Ca\u00e7ador, com o apoio da Pol\u00edcia Penal, cumpriu na segunda-feira (30) dois mandados de pris\u00e3o e um mandado de busca e apreens\u00e3o no munic\u00edpio.<span style=\"font-family: var( --e-global-typography-primary-font-family ), Sans-serif; font-size: var( --e-global-typography-primary-font-size ); font-weight: var( --e-global-typography-primary-font-weight ); letter-spacing: var( --e-global-typography-primary-letter-spacing );\">&nbsp;<\/span><\/p><p>Na resid\u00eancia localizada no Bairro Industrial foram encontradas drogas sint\u00e9ticas, maconha e outros objetos relacionados ao tr\u00e1fico de entorpecentes. Uma mulher foi presa em flagrante.<\/p><p>A opera\u00e7\u00e3o \u00e9 resultado de investiga\u00e7\u00f5es da delegacia especializada que apontaram uma resid\u00eancia onde supostamente se efetuava a venda de entorpecentes no bairro Industrial, em Ca\u00e7ador.<span style=\"font-family: var( --e-global-typography-primary-font-family ), Sans-serif; font-size: var( --e-global-typography-primary-font-size ); font-weight: var( --e-global-typography-primary-font-weight ); letter-spacing: var( --e-global-typography-primary-letter-spacing );\">&nbsp;<\/span><\/p><p>Ap\u00f3s diversos monitoramentos e elabora\u00e7\u00e3o de relat\u00f3rios investigativos, foi expedido mandado de busca e apreens\u00e3o a ser cumprido no local, que teve parecer favor\u00e1vel do Minist\u00e9rio P\u00fablico e deferido pelo Poder Judici\u00e1rio.<\/p><p>Enquanto era dado cumprimento ao mandado de busca e apreens\u00e3o, uma segunda equipe composta por policiais civis e policiais penais efetuou a pris\u00e3o de outro indiv\u00edduo, que vem a ser o companheiro da mulher presa em flagrante. O homem possu\u00eda contra ele dois mandados de pris\u00e3o ativos, um por tr\u00e1fico de drogas e o outro por roubo majorado. Ele tamb\u00e9m \u00e9 apontado como uma das lideran\u00e7as de uma organiza\u00e7\u00e3o criminosa que atua dentro e fora dos pres\u00eddios catarinenses.<\/p><p>A a\u00e7\u00e3o contou com o apoio de policiais civis da delegacia da comarca de Ca\u00e7ador.<\/p>\t\t\t\t\t\t\t\t<\/div>\n\t\t\t\t<\/div>\n\t\t\t\t\t<\/div>\n\t\t<\/div>\n\t\t\t\t\t<\/div>\n\t\t<\/section>\n\t\t\t\t<\/div>\n\t\t","protected":false},"excerpt":{"rendered":"<p>Pol\u00edcia Civil prende integrante de organiza\u00e7\u00e3o criminosa e mulher por tr\u00e1fico de drogas em Ca\u00e7ador A Pol\u00edcia Civil, por meio da Divis\u00e3o de Investiga\u00e7\u00f5es Criminais (DIC) de Ca\u00e7ador, com o apoio da Pol\u00edcia Penal, cumpriu na segunda-feira (30) dois mandados de pris\u00e3o e um mandado de busca e apreens\u00e3o no munic\u00edpio.&nbsp; Na resid\u00eancia localizada no [&hellip;]<\/p>\n","protected":false},"author":5,"featured_media":2550,"comment_status":"closed","ping_status":"open","sticky":false,"template":"","format":"standard","meta":{"_monsterinsights_skip_tracking":false,"_monsterinsights_sitenote_active":false,"_monsterinsights_sitenote_note":"","_monsterinsights_sitenote_category":0,"footnotes":""},"categories":[1],"tags":[],"class_list":["post-4854","post","type-post","status-publish","format-standard","has-post-thumbnail","hentry","category-sem-categoria"],"_links":{"self":[{"href":"https:\/\/pc.sc.gov.br\/index.php?rest_route=\/wp\/v2\/posts\/4854","targetHints":{"allow":["GET"]}}],"collection":[{"href":"https:\/\/pc.sc.gov.br\/index.php?rest_route=\/wp\/v2\/posts"}],"about":[{"href":"https:\/\/pc.sc.gov.br\/index.php?rest_route=\/wp\/v2\/types\/post"}],"author":[{"embeddable":true,"href":"https:\/\/pc.sc.gov.br\/index.php?rest_route=\/wp\/v2\/users\/5"}],"replies":[{"embeddable":true,"href":"https:\/\/pc.sc.gov.br\/index.php?rest_route=%2Fwp%2Fv2%2Fcomments&post=4854"}],"version-history":[{"count":4,"href":"https:\/\/pc.sc.gov.br\/index.php?rest_route=\/wp\/v2\/posts\/4854\/revisions"}],"predecessor-version":[{"id":4858,"href":"https:\/\/pc.sc.gov.br\/index.php?rest_route=\/wp\/v2\/posts\/4854\/revisions\/4858"}],"wp:featuredmedia":[{"embeddable":true,"href":"https:\/\/pc.sc.gov.br\/index.php?rest_route=\/wp\/v2\/media\/2550"}],"wp:attachment":[{"href":"https:\/\/pc.sc.gov.br\/index.php?rest_route=%2Fwp%2Fv2%2Fmedia&parent=4854"}],"wp:term":[{"taxonomy":"category","embeddable":true,"href":"https:\/\/pc.sc.gov.br\/index.php?rest_route=%2Fwp%2Fv2%2Fcategories&post=4854"},{"taxonomy":"post_tag","embeddable":true,"href":"https:\/\/pc.sc.gov.br\/index.php?rest_route=%2Fwp%2Fv2%2Ftags&post=4854"}],"curies":[{"name":"wp","href":"https:\/\/api.w.org\/{rel}","templated":true}]}}