{"id":4859,"date":"2023-02-01T15:48:30","date_gmt":"2023-02-01T18:48:30","guid":{"rendered":"https:\/\/pc.sc.gov.br\/?p=4859"},"modified":"2023-02-01T15:48:38","modified_gmt":"2023-02-01T18:48:38","slug":"policia-civil-prende-homem-por-homicidio-qualificado-em-sao-jose","status":"publish","type":"post","link":"https:\/\/pc.sc.gov.br\/?p=4859","title":{"rendered":"Pol\u00edcia Civil prende homem por homic\u00eddio qualificado em S\u00e3o Jos\u00e9"},"content":{"rendered":"\t\t<div data-elementor-type=\"wp-post\" data-elementor-id=\"4859\" class=\"elementor elementor-4859\" data-elementor-post-type=\"post\">\n\t\t\t\t\t\t<section class=\"elementor-section elementor-top-section elementor-element elementor-element-72162c1 elementor-section-boxed elementor-section-height-default elementor-section-height-default\" data-id=\"72162c1\" data-element_type=\"section\">\n\t\t\t\t\t\t<div class=\"elementor-container elementor-column-gap-default\">\n\t\t\t\t\t<div class=\"elementor-column elementor-col-100 elementor-top-column elementor-element elementor-element-00c4fc4\" data-id=\"00c4fc4\" data-element_type=\"column\">\n\t\t\t<div class=\"elementor-widget-wrap elementor-element-populated\">\n\t\t\t\t\t\t<div class=\"elementor-element elementor-element-6ef0730 elementor-widget elementor-widget-heading\" data-id=\"6ef0730\" data-element_type=\"widget\" data-widget_type=\"heading.default\">\n\t\t\t\t<div class=\"elementor-widget-container\">\n\t\t\t\t\t<h2 class=\"elementor-heading-title elementor-size-default\">Pol\u00edcia Civil prende homem por homic\u00eddio qualificado em S\u00e3o Jos\u00e9\n<\/h2>\t\t\t\t<\/div>\n\t\t\t\t<\/div>\n\t\t\t\t<div class=\"elementor-element elementor-element-de14880 elementor-widget elementor-widget-image\" data-id=\"de14880\" data-element_type=\"widget\" data-widget_type=\"image.default\">\n\t\t\t\t<div class=\"elementor-widget-container\">\n\t\t\t\t\t\t\t\t\t\t\t\t\t\t\t<img fetchpriority=\"high\" decoding=\"async\" width=\"696\" height=\"522\" src=\"https:\/\/pc.sc.gov.br\/\/wp-content\/uploads\/2022\/12\/Viatura_sirene_noite-1024x768.jpeg\" class=\"attachment-large size-large wp-image-1499\" alt=\"Viatura com sirene ligada\" srcset=\"https:\/\/pc.sc.gov.br\/\/wp-content\/uploads\/2022\/12\/Viatura_sirene_noite-1024x768.jpeg 1024w, https:\/\/pc.sc.gov.br\/\/wp-content\/uploads\/2022\/12\/Viatura_sirene_noite-300x225.jpeg 300w, https:\/\/pc.sc.gov.br\/\/wp-content\/uploads\/2022\/12\/Viatura_sirene_noite-768x576.jpeg 768w, https:\/\/pc.sc.gov.br\/\/wp-content\/uploads\/2022\/12\/Viatura_sirene_noite.jpeg 1280w\" sizes=\"(max-width: 696px) 100vw, 696px\" \/>\t\t\t\t\t\t\t\t\t\t\t\t\t\t\t<\/div>\n\t\t\t\t<\/div>\n\t\t\t\t<div class=\"elementor-element elementor-element-7c02feb elementor-widget elementor-widget-text-editor\" data-id=\"7c02feb\" data-element_type=\"widget\" data-widget_type=\"text-editor.default\">\n\t\t\t\t<div class=\"elementor-widget-container\">\n\t\t\t\t\t\t\t\t\t<p>Nesta ter\u00e7a-feira (31), a Pol\u00edcia Civil de Santa Catarina, por meio da Central de Plant\u00e3o Policial de S\u00e3o Jos\u00e9, deu cumprimento a mandado de pris\u00e3o tempor\u00e1ria em desfavor de um homem suspeito pela pr\u00e1tica de homic\u00eddio qualificado. O suspeito foi apresentado pela Pol\u00edcia Militar, ap\u00f3s ter confessado o seu envolvimento no crime.<span style=\"font-family: var( --e-global-typography-primary-font-family ), Sans-serif; font-size: var( --e-global-typography-primary-font-size ); font-weight: var( --e-global-typography-primary-font-weight ); letter-spacing: var( --e-global-typography-primary-letter-spacing );\">&nbsp;<\/span><\/p><p>O crime ocorreu em S\u00e3o Jos\u00e9, na noite da segunda-feira (30), quando o homem invadiu a casa da sua ex-companheira, com quem tem dois filhos, e agrediu o atual companheiro dela com golpes de arma branca, quando a v\u00edtima tentava fugir do agressor, no quintal de casa. A v\u00edtima veio a \u00f3bito e o agressor fugiu.<span style=\"font-family: var( --e-global-typography-primary-font-family ), Sans-serif; font-size: var( --e-global-typography-primary-font-size ); font-weight: var( --e-global-typography-primary-font-weight ); letter-spacing: var( --e-global-typography-primary-letter-spacing );\">&nbsp;<\/span><\/p><p>A Pol\u00edcia Militar foi acionada para atender \u00e0 ocorr\u00eancia e o caso foi registrado na Delegacia de Pol\u00edcia de Bigua\u00e7u. A autoridade policial representou pela pris\u00e3o do suspeito pela autoria do crime, pedido deferido pela 2\u00aa Vara Criminal da Comarca de S\u00e3o Jos\u00e9.<span style=\"font-family: var( --e-global-typography-primary-font-family ), Sans-serif; font-size: var( --e-global-typography-primary-font-size ); font-weight: var( --e-global-typography-primary-font-weight ); letter-spacing: var( --e-global-typography-primary-letter-spacing );\">&nbsp;<\/span><\/p><p>O agressor abordou a Pol\u00edcia Militar, que fazia rondas pela regi\u00e3o, e comunicou o cometimento do crime. O homem foi entregue na Central de Plant\u00e3o Policial de S\u00e3o Jos\u00e9 para realiza\u00e7\u00e3o dos procedimentos policiais. Em seguida, o homem foi encaminhado para o Sistema Prisional, onde permanece \u00e0 disposi\u00e7\u00e3o do Poder Judici\u00e1rio.<\/p>\t\t\t\t\t\t\t\t<\/div>\n\t\t\t\t<\/div>\n\t\t\t\t\t<\/div>\n\t\t<\/div>\n\t\t\t\t\t<\/div>\n\t\t<\/section>\n\t\t\t\t<\/div>\n\t\t","protected":false},"excerpt":{"rendered":"<p>Pol\u00edcia Civil prende homem por homic\u00eddio qualificado em S\u00e3o Jos\u00e9 Nesta ter\u00e7a-feira (31), a Pol\u00edcia Civil de Santa Catarina, por meio da Central de Plant\u00e3o Policial de S\u00e3o Jos\u00e9, deu cumprimento a mandado de pris\u00e3o tempor\u00e1ria em desfavor de um homem suspeito pela pr\u00e1tica de homic\u00eddio qualificado. O suspeito foi apresentado pela Pol\u00edcia Militar, ap\u00f3s [&hellip;]<\/p>\n","protected":false},"author":5,"featured_media":1499,"comment_status":"closed","ping_status":"open","sticky":false,"template":"","format":"standard","meta":{"_monsterinsights_skip_tracking":false,"_monsterinsights_sitenote_active":false,"_monsterinsights_sitenote_note":"","_monsterinsights_sitenote_category":0,"footnotes":""},"categories":[1],"tags":[],"class_list":["post-4859","post","type-post","status-publish","format-standard","has-post-thumbnail","hentry","category-sem-categoria"],"_links":{"self":[{"href":"https:\/\/pc.sc.gov.br\/index.php?rest_route=\/wp\/v2\/posts\/4859","targetHints":{"allow":["GET"]}}],"collection":[{"href":"https:\/\/pc.sc.gov.br\/index.php?rest_route=\/wp\/v2\/posts"}],"about":[{"href":"https:\/\/pc.sc.gov.br\/index.php?rest_route=\/wp\/v2\/types\/post"}],"author":[{"embeddable":true,"href":"https:\/\/pc.sc.gov.br\/index.php?rest_route=\/wp\/v2\/users\/5"}],"replies":[{"embeddable":true,"href":"https:\/\/pc.sc.gov.br\/index.php?rest_route=%2Fwp%2Fv2%2Fcomments&post=4859"}],"version-history":[{"count":4,"href":"https:\/\/pc.sc.gov.br\/index.php?rest_route=\/wp\/v2\/posts\/4859\/revisions"}],"predecessor-version":[{"id":4863,"href":"https:\/\/pc.sc.gov.br\/index.php?rest_route=\/wp\/v2\/posts\/4859\/revisions\/4863"}],"wp:featuredmedia":[{"embeddable":true,"href":"https:\/\/pc.sc.gov.br\/index.php?rest_route=\/wp\/v2\/media\/1499"}],"wp:attachment":[{"href":"https:\/\/pc.sc.gov.br\/index.php?rest_route=%2Fwp%2Fv2%2Fmedia&parent=4859"}],"wp:term":[{"taxonomy":"category","embeddable":true,"href":"https:\/\/pc.sc.gov.br\/index.php?rest_route=%2Fwp%2Fv2%2Fcategories&post=4859"},{"taxonomy":"post_tag","embeddable":true,"href":"https:\/\/pc.sc.gov.br\/index.php?rest_route=%2Fwp%2Fv2%2Ftags&post=4859"}],"curies":[{"name":"wp","href":"https:\/\/api.w.org\/{rel}","templated":true}]}}