{"id":4864,"date":"2023-02-01T17:49:33","date_gmt":"2023-02-01T20:49:33","guid":{"rendered":"https:\/\/pc.sc.gov.br\/?p=4864"},"modified":"2023-02-01T17:50:19","modified_gmt":"2023-02-01T20:50:19","slug":"policia-civil-prende-autor-de-homicidio-ocorrido-proximo-a-posto-de-combustivel-em-lages","status":"publish","type":"post","link":"https:\/\/pc.sc.gov.br\/?p=4864","title":{"rendered":"Pol\u00edcia Civil prende autor de homic\u00eddio ocorrido pr\u00f3ximo a posto de combust\u00edvel em Lages"},"content":{"rendered":"\t\t<div data-elementor-type=\"wp-post\" data-elementor-id=\"4864\" class=\"elementor elementor-4864\" data-elementor-post-type=\"post\">\n\t\t\t\t\t\t<section class=\"elementor-section elementor-top-section elementor-element elementor-element-66d8dd6 elementor-section-boxed elementor-section-height-default elementor-section-height-default\" data-id=\"66d8dd6\" data-element_type=\"section\">\n\t\t\t\t\t\t<div class=\"elementor-container elementor-column-gap-default\">\n\t\t\t\t\t<div class=\"elementor-column elementor-col-100 elementor-top-column elementor-element elementor-element-414ab7a\" data-id=\"414ab7a\" data-element_type=\"column\">\n\t\t\t<div class=\"elementor-widget-wrap elementor-element-populated\">\n\t\t\t\t\t\t<div class=\"elementor-element elementor-element-910649d elementor-widget elementor-widget-heading\" data-id=\"910649d\" data-element_type=\"widget\" data-widget_type=\"heading.default\">\n\t\t\t\t<div class=\"elementor-widget-container\">\n\t\t\t\t\t<h2 class=\"elementor-heading-title elementor-size-default\">Pol\u00edcia Civil prende autor de homic\u00eddio ocorrido pr\u00f3ximo a posto de combust\u00edvel em Lages<\/h2>\t\t\t\t<\/div>\n\t\t\t\t<\/div>\n\t\t\t\t<div class=\"elementor-element elementor-element-e58c228 elementor-widget elementor-widget-image\" data-id=\"e58c228\" data-element_type=\"widget\" data-widget_type=\"image.default\">\n\t\t\t\t<div class=\"elementor-widget-container\">\n\t\t\t\t\t\t\t\t\t\t\t\t\t\t\t<img fetchpriority=\"high\" decoding=\"async\" width=\"680\" height=\"406\" src=\"https:\/\/pc.sc.gov.br\/\/wp-content\/uploads\/2022\/12\/VIATURA_000000.png\" class=\"attachment-large size-large wp-image-2565\" alt=\"viatura anoite com sirene ligada\" srcset=\"https:\/\/pc.sc.gov.br\/\/wp-content\/uploads\/2022\/12\/VIATURA_000000.png 680w, https:\/\/pc.sc.gov.br\/\/wp-content\/uploads\/2022\/12\/VIATURA_000000-300x179.png 300w\" sizes=\"(max-width: 680px) 100vw, 680px\" \/>\t\t\t\t\t\t\t\t\t\t\t\t\t\t\t<\/div>\n\t\t\t\t<\/div>\n\t\t\t\t<div class=\"elementor-element elementor-element-54aec8b elementor-widget elementor-widget-text-editor\" data-id=\"54aec8b\" data-element_type=\"widget\" data-widget_type=\"text-editor.default\">\n\t\t\t\t<div class=\"elementor-widget-container\">\n\t\t\t\t\t\t\t\t\t<p>Nesta quarta-feira (01), a Pol\u00edcia Civil, por meio da Divis\u00e3o de Investiga\u00e7\u00e3o Criminal (DIC) de Lages, realizou a pris\u00e3o do autor do homic\u00eddio qualificado ocorrido no dia 23 de janeiro de 2023, as 02h30min, na Avenida Presidente Vargas, bairro Coral, Lages e foi dado cumprimento a pris\u00e3o tempor\u00e1ria decretada pela justi\u00e7a.<\/p><p>O fato ocorreu nas proximidades de um posto de combust\u00edvel, logo ap\u00f3s ocorrer uma briga no local. A v\u00edtima foi brutalmente assassinada, pelas costas, mediante golpe de faca.<span style=\"font-family: var( --e-global-typography-primary-font-family ), Sans-serif; font-size: var( --e-global-typography-primary-font-size ); font-weight: var( --e-global-typography-primary-font-weight ); letter-spacing: var( --e-global-typography-primary-letter-spacing );\">&nbsp;<\/span><\/p><p>O investigado se apresentou na DIC de Lages acompanhado de seu advogado, ocasi\u00e3o em que foi interrogado. Por orienta\u00e7\u00e3o de seu defensor, permaneceu em sil\u00eancio.<\/p><p>Ap\u00f3s a formaliza\u00e7\u00e3o dos procedimentos de cumprimento de mandado de pris\u00e3o provis\u00f3ria, o investigado foi encaminhado para Pres\u00eddio de Lages, onde permanecer\u00e1 \u00e0 disposi\u00e7\u00e3o da justi\u00e7a.<\/p>\t\t\t\t\t\t\t\t<\/div>\n\t\t\t\t<\/div>\n\t\t\t\t\t<\/div>\n\t\t<\/div>\n\t\t\t\t\t<\/div>\n\t\t<\/section>\n\t\t\t\t<\/div>\n\t\t","protected":false},"excerpt":{"rendered":"<p>Pol\u00edcia Civil prende autor de homic\u00eddio ocorrido pr\u00f3ximo a posto de combust\u00edvel em Lages Nesta quarta-feira (01), a Pol\u00edcia Civil, por meio da Divis\u00e3o de Investiga\u00e7\u00e3o Criminal (DIC) de Lages, realizou a pris\u00e3o do autor do homic\u00eddio qualificado ocorrido no dia 23 de janeiro de 2023, as 02h30min, na Avenida Presidente Vargas, bairro Coral, Lages [&hellip;]<\/p>\n","protected":false},"author":5,"featured_media":2565,"comment_status":"closed","ping_status":"open","sticky":false,"template":"","format":"standard","meta":{"_monsterinsights_skip_tracking":false,"_monsterinsights_sitenote_active":false,"_monsterinsights_sitenote_note":"","_monsterinsights_sitenote_category":0,"footnotes":""},"categories":[1],"tags":[],"class_list":["post-4864","post","type-post","status-publish","format-standard","has-post-thumbnail","hentry","category-sem-categoria"],"_links":{"self":[{"href":"https:\/\/pc.sc.gov.br\/index.php?rest_route=\/wp\/v2\/posts\/4864","targetHints":{"allow":["GET"]}}],"collection":[{"href":"https:\/\/pc.sc.gov.br\/index.php?rest_route=\/wp\/v2\/posts"}],"about":[{"href":"https:\/\/pc.sc.gov.br\/index.php?rest_route=\/wp\/v2\/types\/post"}],"author":[{"embeddable":true,"href":"https:\/\/pc.sc.gov.br\/index.php?rest_route=\/wp\/v2\/users\/5"}],"replies":[{"embeddable":true,"href":"https:\/\/pc.sc.gov.br\/index.php?rest_route=%2Fwp%2Fv2%2Fcomments&post=4864"}],"version-history":[{"count":4,"href":"https:\/\/pc.sc.gov.br\/index.php?rest_route=\/wp\/v2\/posts\/4864\/revisions"}],"predecessor-version":[{"id":4868,"href":"https:\/\/pc.sc.gov.br\/index.php?rest_route=\/wp\/v2\/posts\/4864\/revisions\/4868"}],"wp:featuredmedia":[{"embeddable":true,"href":"https:\/\/pc.sc.gov.br\/index.php?rest_route=\/wp\/v2\/media\/2565"}],"wp:attachment":[{"href":"https:\/\/pc.sc.gov.br\/index.php?rest_route=%2Fwp%2Fv2%2Fmedia&parent=4864"}],"wp:term":[{"taxonomy":"category","embeddable":true,"href":"https:\/\/pc.sc.gov.br\/index.php?rest_route=%2Fwp%2Fv2%2Fcategories&post=4864"},{"taxonomy":"post_tag","embeddable":true,"href":"https:\/\/pc.sc.gov.br\/index.php?rest_route=%2Fwp%2Fv2%2Ftags&post=4864"}],"curies":[{"name":"wp","href":"https:\/\/api.w.org\/{rel}","templated":true}]}}