{"id":4889,"date":"2023-02-02T18:33:01","date_gmt":"2023-02-02T21:33:01","guid":{"rendered":"https:\/\/pc.sc.gov.br\/?p=4889"},"modified":"2023-02-02T18:52:48","modified_gmt":"2023-02-02T21:52:48","slug":"policiais-civis-de-pomerode-mobilizam-comunidade-para-arrecadar-racao","status":"publish","type":"post","link":"https:\/\/pc.sc.gov.br\/?p=4889","title":{"rendered":"Policiais civis de Pomerode mobilizam comunidade para arrecadar ra\u00e7\u00e3o"},"content":{"rendered":"\t\t<div data-elementor-type=\"wp-post\" data-elementor-id=\"4889\" class=\"elementor elementor-4889\" data-elementor-post-type=\"post\">\n\t\t\t\t\t\t<section class=\"elementor-section elementor-top-section elementor-element elementor-element-f44bc51 elementor-section-boxed elementor-section-height-default elementor-section-height-default\" data-id=\"f44bc51\" data-element_type=\"section\">\n\t\t\t\t\t\t<div class=\"elementor-container elementor-column-gap-default\">\n\t\t\t\t\t<div class=\"elementor-column elementor-col-100 elementor-top-column elementor-element elementor-element-41c7509\" data-id=\"41c7509\" data-element_type=\"column\">\n\t\t\t<div class=\"elementor-widget-wrap elementor-element-populated\">\n\t\t\t\t\t\t<div class=\"elementor-element elementor-element-4e94526 elementor-widget elementor-widget-heading\" data-id=\"4e94526\" data-element_type=\"widget\" data-widget_type=\"heading.default\">\n\t\t\t\t<div class=\"elementor-widget-container\">\n\t\t\t\t\t<h2 class=\"elementor-heading-title elementor-size-default\">Policiais civis de Pomerode mobilizam comunidade para arrecadar ra\u00e7\u00e3o <\/h2>\t\t\t\t<\/div>\n\t\t\t\t<\/div>\n\t\t\t\t<div class=\"elementor-element elementor-element-34e127a elementor-widget elementor-widget-image\" data-id=\"34e127a\" data-element_type=\"widget\" data-widget_type=\"image.default\">\n\t\t\t\t<div class=\"elementor-widget-container\">\n\t\t\t\t\t\t\t\t\t\t\t\t\t\t\t<img fetchpriority=\"high\" decoding=\"async\" width=\"696\" height=\"520\" src=\"https:\/\/pc.sc.gov.br\/\/wp-content\/uploads\/2023\/02\/a3792d53-ce18-4c3c-8ce2-91fa5b1b1cbb3-1024x765.jpg\" class=\"attachment-large size-large wp-image-4905\" alt=\"\" srcset=\"https:\/\/pc.sc.gov.br\/\/wp-content\/uploads\/2023\/02\/a3792d53-ce18-4c3c-8ce2-91fa5b1b1cbb3-1024x765.jpg 1024w, https:\/\/pc.sc.gov.br\/\/wp-content\/uploads\/2023\/02\/a3792d53-ce18-4c3c-8ce2-91fa5b1b1cbb3-300x224.jpg 300w, https:\/\/pc.sc.gov.br\/\/wp-content\/uploads\/2023\/02\/a3792d53-ce18-4c3c-8ce2-91fa5b1b1cbb3-768x574.jpg 768w, https:\/\/pc.sc.gov.br\/\/wp-content\/uploads\/2023\/02\/a3792d53-ce18-4c3c-8ce2-91fa5b1b1cbb3-1536x1148.jpg 1536w, https:\/\/pc.sc.gov.br\/\/wp-content\/uploads\/2023\/02\/a3792d53-ce18-4c3c-8ce2-91fa5b1b1cbb3.jpg 1600w\" sizes=\"(max-width: 696px) 100vw, 696px\" \/>\t\t\t\t\t\t\t\t\t\t\t\t\t\t\t<\/div>\n\t\t\t\t<\/div>\n\t\t\t\t<div class=\"elementor-element elementor-element-fc01204 elementor-widget elementor-widget-text-editor\" data-id=\"fc01204\" data-element_type=\"widget\" data-widget_type=\"text-editor.default\">\n\t\t\t\t<div class=\"elementor-widget-container\">\n\t\t\t\t\t\t\t\t\t<p>Os policiais civis da Delegacia de Pol\u00edcia de Comarca (DPCO) de Pomerode entregaram nesta quinta-feira (02) 1,5 tonelada de ra\u00e7\u00e3o para alimentar os animais de estima\u00e7\u00e3o acolhidos no S\u00edtio Dona L\u00facia. Por meio da mobiliza\u00e7\u00e3o dos policiais civis, com apoio da comunidade, foi poss\u00edvel arrecadar um total de 2,5 toneladas de alimentos em apenas dois dias.<\/p><p>A presta\u00e7\u00e3o de contas est\u00e1 \u00e0 disposi\u00e7\u00e3o de todas as pessoas que participaram da campanha com o S\u00edtio Dona L\u00facia, Agropet Scooby e DPCO de Pomerode.<\/p>\t\t\t\t\t\t\t\t<\/div>\n\t\t\t\t<\/div>\n\t\t\t\t<div class=\"elementor-element elementor-element-ec38989 elementor-widget elementor-widget-image\" data-id=\"ec38989\" data-element_type=\"widget\" data-widget_type=\"image.default\">\n\t\t\t\t<div class=\"elementor-widget-container\">\n\t\t\t\t\t\t\t\t\t\t\t\t\t\t\t<img decoding=\"async\" width=\"696\" height=\"520\" src=\"https:\/\/pc.sc.gov.br\/\/wp-content\/uploads\/2023\/02\/d4cab88e-26ac-4716-adeb-0e19dd1ef3bd666.-1024x765.jpg\" class=\"attachment-large size-large wp-image-4910\" alt=\"\" srcset=\"https:\/\/pc.sc.gov.br\/\/wp-content\/uploads\/2023\/02\/d4cab88e-26ac-4716-adeb-0e19dd1ef3bd666.-1024x765.jpg 1024w, https:\/\/pc.sc.gov.br\/\/wp-content\/uploads\/2023\/02\/d4cab88e-26ac-4716-adeb-0e19dd1ef3bd666.-300x224.jpg 300w, https:\/\/pc.sc.gov.br\/\/wp-content\/uploads\/2023\/02\/d4cab88e-26ac-4716-adeb-0e19dd1ef3bd666.-768x574.jpg 768w, https:\/\/pc.sc.gov.br\/\/wp-content\/uploads\/2023\/02\/d4cab88e-26ac-4716-adeb-0e19dd1ef3bd666.-1536x1148.jpg 1536w, https:\/\/pc.sc.gov.br\/\/wp-content\/uploads\/2023\/02\/d4cab88e-26ac-4716-adeb-0e19dd1ef3bd666..jpg 1600w\" sizes=\"(max-width: 696px) 100vw, 696px\" \/>\t\t\t\t\t\t\t\t\t\t\t\t\t\t\t<\/div>\n\t\t\t\t<\/div>\n\t\t\t\t<div class=\"elementor-element elementor-element-a12b8a6 elementor-widget elementor-widget-image\" data-id=\"a12b8a6\" data-element_type=\"widget\" data-widget_type=\"image.default\">\n\t\t\t\t<div class=\"elementor-widget-container\">\n\t\t\t\t\t\t\t\t\t\t\t\t\t\t\t<img decoding=\"async\" width=\"696\" height=\"932\" src=\"https:\/\/pc.sc.gov.br\/\/wp-content\/uploads\/2023\/02\/5d88f02b-e96b-45ea-9f25-45f8dac5433233-765x1024.jpg\" class=\"attachment-large size-large wp-image-4911\" alt=\"\" srcset=\"https:\/\/pc.sc.gov.br\/\/wp-content\/uploads\/2023\/02\/5d88f02b-e96b-45ea-9f25-45f8dac5433233-765x1024.jpg 765w, https:\/\/pc.sc.gov.br\/\/wp-content\/uploads\/2023\/02\/5d88f02b-e96b-45ea-9f25-45f8dac5433233-224x300.jpg 224w, https:\/\/pc.sc.gov.br\/\/wp-content\/uploads\/2023\/02\/5d88f02b-e96b-45ea-9f25-45f8dac5433233-768x1027.jpg 768w, https:\/\/pc.sc.gov.br\/\/wp-content\/uploads\/2023\/02\/5d88f02b-e96b-45ea-9f25-45f8dac5433233-1148x1536.jpg 1148w, https:\/\/pc.sc.gov.br\/\/wp-content\/uploads\/2023\/02\/5d88f02b-e96b-45ea-9f25-45f8dac5433233.jpg 1196w\" sizes=\"(max-width: 696px) 100vw, 696px\" \/>\t\t\t\t\t\t\t\t\t\t\t\t\t\t\t<\/div>\n\t\t\t\t<\/div>\n\t\t\t\t<div class=\"elementor-element elementor-element-2646eef elementor-widget elementor-widget-video\" data-id=\"2646eef\" data-element_type=\"widget\" data-settings=\"{&quot;video_type&quot;:&quot;hosted&quot;,&quot;controls&quot;:&quot;yes&quot;}\" data-widget_type=\"video.default\">\n\t\t\t\t<div class=\"elementor-widget-container\">\n\t\t\t\t\t\t\t<div class=\"e-hosted-video elementor-wrapper elementor-open-inline\">\n\t\t\t\t\t<video class=\"elementor-video\" src=\"https:\/\/pc.sc.gov.br\/wp-content\/uploads\/2023\/02\/WhatsApp-Video-2023-02-02-at-18.45.56.mp4\" controls=\"\" preload=\"metadata\"><\/video>\n\t\t\t\t<\/div>\n\t\t\t\t\t\t<\/div>\n\t\t\t\t<\/div>\n\t\t\t\t<div class=\"elementor-element elementor-element-f136ce9 elementor-widget__width-initial elementor-widget elementor-widget-video\" data-id=\"f136ce9\" data-element_type=\"widget\" data-settings=\"{&quot;video_type&quot;:&quot;hosted&quot;,&quot;controls&quot;:&quot;yes&quot;}\" data-widget_type=\"video.default\">\n\t\t\t\t<div class=\"elementor-widget-container\">\n\t\t\t\t\t\t\t<div class=\"e-hosted-video elementor-wrapper elementor-open-inline\">\n\t\t\t\t\t<video class=\"elementor-video\" src=\"https:\/\/pc.sc.gov.br\/wp-content\/uploads\/2023\/02\/WhatsApp-Video-2023-02-02-at-18.45.57.mp4\" controls=\"\" preload=\"metadata\"><\/video>\n\t\t\t\t<\/div>\n\t\t\t\t\t\t<\/div>\n\t\t\t\t<\/div>\n\t\t\t\t\t<\/div>\n\t\t<\/div>\n\t\t\t\t\t<\/div>\n\t\t<\/section>\n\t\t\t\t<\/div>\n\t\t","protected":false},"excerpt":{"rendered":"<p>Policiais civis de Pomerode mobilizam comunidade para arrecadar ra\u00e7\u00e3o Os policiais civis da Delegacia de Pol\u00edcia de Comarca (DPCO) de Pomerode entregaram nesta quinta-feira (02) 1,5 tonelada de ra\u00e7\u00e3o para alimentar os animais de estima\u00e7\u00e3o acolhidos no S\u00edtio Dona L\u00facia. Por meio da mobiliza\u00e7\u00e3o dos policiais civis, com apoio da comunidade, foi poss\u00edvel arrecadar um [&hellip;]<\/p>\n","protected":false},"author":5,"featured_media":4905,"comment_status":"closed","ping_status":"open","sticky":false,"template":"","format":"standard","meta":{"_monsterinsights_skip_tracking":false,"_monsterinsights_sitenote_active":false,"_monsterinsights_sitenote_note":"","_monsterinsights_sitenote_category":0,"footnotes":""},"categories":[1],"tags":[],"class_list":["post-4889","post","type-post","status-publish","format-standard","has-post-thumbnail","hentry","category-sem-categoria"],"_links":{"self":[{"href":"https:\/\/pc.sc.gov.br\/index.php?rest_route=\/wp\/v2\/posts\/4889","targetHints":{"allow":["GET"]}}],"collection":[{"href":"https:\/\/pc.sc.gov.br\/index.php?rest_route=\/wp\/v2\/posts"}],"about":[{"href":"https:\/\/pc.sc.gov.br\/index.php?rest_route=\/wp\/v2\/types\/post"}],"author":[{"embeddable":true,"href":"https:\/\/pc.sc.gov.br\/index.php?rest_route=\/wp\/v2\/users\/5"}],"replies":[{"embeddable":true,"href":"https:\/\/pc.sc.gov.br\/index.php?rest_route=%2Fwp%2Fv2%2Fcomments&post=4889"}],"version-history":[{"count":16,"href":"https:\/\/pc.sc.gov.br\/index.php?rest_route=\/wp\/v2\/posts\/4889\/revisions"}],"predecessor-version":[{"id":4923,"href":"https:\/\/pc.sc.gov.br\/index.php?rest_route=\/wp\/v2\/posts\/4889\/revisions\/4923"}],"wp:featuredmedia":[{"embeddable":true,"href":"https:\/\/pc.sc.gov.br\/index.php?rest_route=\/wp\/v2\/media\/4905"}],"wp:attachment":[{"href":"https:\/\/pc.sc.gov.br\/index.php?rest_route=%2Fwp%2Fv2%2Fmedia&parent=4889"}],"wp:term":[{"taxonomy":"category","embeddable":true,"href":"https:\/\/pc.sc.gov.br\/index.php?rest_route=%2Fwp%2Fv2%2Fcategories&post=4889"},{"taxonomy":"post_tag","embeddable":true,"href":"https:\/\/pc.sc.gov.br\/index.php?rest_route=%2Fwp%2Fv2%2Ftags&post=4889"}],"curies":[{"name":"wp","href":"https:\/\/api.w.org\/{rel}","templated":true}]}}