{"id":5813,"date":"2023-03-01T10:31:08","date_gmt":"2023-03-01T13:31:08","guid":{"rendered":"https:\/\/pc.sc.gov.br\/?p=5813"},"modified":"2023-03-01T16:01:17","modified_gmt":"2023-03-01T19:01:17","slug":"policia-civil-deflagra-operacao-concreto-para-apurar-fraudes-em-certames-licitatorios-em-joinville-garuva-e-blumenau","status":"publish","type":"post","link":"https:\/\/pc.sc.gov.br\/?p=5813","title":{"rendered":"Em Joinville, Garuva e Blumenau, Pol\u00edcia Civil deflagra opera\u00e7\u00e3o &#8220;Concreto&#8221; para apurar fraudes em certames licitat\u00f3rios em Joinville"},"content":{"rendered":"\t\t<div data-elementor-type=\"wp-post\" data-elementor-id=\"5813\" class=\"elementor elementor-5813\" data-elementor-post-type=\"post\">\n\t\t\t\t\t\t<section class=\"elementor-section elementor-top-section elementor-element elementor-element-3cfcebd elementor-section-boxed elementor-section-height-default elementor-section-height-default\" data-id=\"3cfcebd\" data-element_type=\"section\">\n\t\t\t\t\t\t<div class=\"elementor-container elementor-column-gap-default\">\n\t\t\t\t\t<div class=\"elementor-column elementor-col-100 elementor-top-column elementor-element elementor-element-9f3af34\" data-id=\"9f3af34\" data-element_type=\"column\">\n\t\t\t<div class=\"elementor-widget-wrap elementor-element-populated\">\n\t\t\t\t\t\t<div class=\"elementor-element elementor-element-f3c1a67 elementor-widget elementor-widget-heading\" data-id=\"f3c1a67\" data-element_type=\"widget\" data-widget_type=\"heading.default\">\n\t\t\t\t<div class=\"elementor-widget-container\">\n\t\t\t\t\t<h2 class=\"elementor-heading-title elementor-size-default\">Em EM JOINVILLE, GARUVA E BLUMENAU, Pol\u00edcia Civil deflagra opera\u00e7\u00e3o \"Concreto\" para apurar fraudes em certames licitat\u00f3rios em joinville<span style=\"color: var( --e-global-color-primary );font-family: var( --e-global-typography-accent-font-family ), Sans-serif;font-size: var( --e-global-typography-accent-font-size );font-weight: var( --e-global-typography-accent-font-weight );letter-spacing: var( --e-global-typography-accent-letter-spacing );text-transform: var( --e-global-typography-accent-text-transform )\"><\/span><br><\/h2>\t\t\t\t<\/div>\n\t\t\t\t<\/div>\n\t\t\t\t<div class=\"elementor-element elementor-element-f66dedf elementor-widget elementor-widget-image\" data-id=\"f66dedf\" data-element_type=\"widget\" data-widget_type=\"image.default\">\n\t\t\t\t<div class=\"elementor-widget-container\">\n\t\t\t\t\t\t\t\t\t\t\t\t\t\t\t<img fetchpriority=\"high\" decoding=\"async\" width=\"696\" height=\"392\" src=\"https:\/\/pc.sc.gov.br\/\/wp-content\/uploads\/2023\/03\/WhatsApp-Image-2023-03-01-at-07.31.55-1024x576.jpeg\" class=\"attachment-large size-large wp-image-5814\" alt=\"Dinheiro apreendido\" srcset=\"https:\/\/pc.sc.gov.br\/\/wp-content\/uploads\/2023\/03\/WhatsApp-Image-2023-03-01-at-07.31.55-1024x576.jpeg 1024w, https:\/\/pc.sc.gov.br\/\/wp-content\/uploads\/2023\/03\/WhatsApp-Image-2023-03-01-at-07.31.55-300x169.jpeg 300w, https:\/\/pc.sc.gov.br\/\/wp-content\/uploads\/2023\/03\/WhatsApp-Image-2023-03-01-at-07.31.55-768x432.jpeg 768w, https:\/\/pc.sc.gov.br\/\/wp-content\/uploads\/2023\/03\/WhatsApp-Image-2023-03-01-at-07.31.55-1536x864.jpeg 1536w, https:\/\/pc.sc.gov.br\/\/wp-content\/uploads\/2023\/03\/WhatsApp-Image-2023-03-01-at-07.31.55.jpeg 1599w\" sizes=\"(max-width: 696px) 100vw, 696px\" \/>\t\t\t\t\t\t\t\t\t\t\t\t\t\t\t<\/div>\n\t\t\t\t<\/div>\n\t\t\t\t\t<\/div>\n\t\t<\/div>\n\t\t\t\t\t<\/div>\n\t\t<\/section>\n\t\t\t\t<section class=\"elementor-section elementor-top-section elementor-element elementor-element-dc61567 elementor-section-boxed elementor-section-height-default elementor-section-height-default\" data-id=\"dc61567\" data-element_type=\"section\">\n\t\t\t\t\t\t<div class=\"elementor-container elementor-column-gap-default\">\n\t\t\t\t\t<div class=\"elementor-column elementor-col-100 elementor-top-column elementor-element elementor-element-5f7d029\" data-id=\"5f7d029\" data-element_type=\"column\">\n\t\t\t<div class=\"elementor-widget-wrap elementor-element-populated\">\n\t\t\t\t\t\t<div class=\"elementor-element elementor-element-2a88251 elementor-widget elementor-widget-text-editor\" data-id=\"2a88251\" data-element_type=\"widget\" data-widget_type=\"text-editor.default\">\n\t\t\t\t<div class=\"elementor-widget-container\">\n\t\t\t\t\t\t\t\t\t<p>Nesta quarta-feira (1\u00ba), a Pol\u00edcia Civil de Santa Catarina, por meio da 3\u00aa Delegacia de Pol\u00edcia Especializada no Combate \u00e0 Corrup\u00e7\u00e3o (DECOR), sediada em Joinville, deflagrou a opera\u00e7\u00e3o policial \u201cConcreto\u201d, nas cidades de Joinville, Garuva e Blumenau visando&nbsp;<span style=\"font-family: var( --e-global-typography-primary-font-family ), Sans-serif; font-size: var( --e-global-typography-primary-font-size ); font-weight: var( --e-global-typography-primary-font-weight ); letter-spacing: var( --e-global-typography-primary-letter-spacing );\">apurar a suposta pr\u00e1tica de fraudes em certames licitat\u00f3rios em Joinville. Essa foi a primeira opera\u00e7\u00e3o da DECOR de Joinville, que foi inaugurada em novembro do ano passado e tem como finalidade combater a corrup\u00e7\u00e3o e investigar crimes praticados contra o patrim\u00f4nio da Administra\u00e7\u00e3o P\u00fablica.&nbsp;<\/span><\/p>\n<p>Na a\u00e7\u00e3o desta quarta-feira (1\u00ba), foram cumpridos sete mandados de busca e apreens\u00e3o, que resultaram na apreens\u00e3o de diversos dispositivos eletr\u00f4nicos (celulares e computadores), vasta documenta\u00e7\u00e3o, mais de R$ 10 mil em esp\u00e9cie, bem como tr\u00eas armas com numera\u00e7\u00e3o suprimida, um rev\u00f3lver calibre .38 SPL, uma espingarda calibre 12 GA e uma garrucha calibre .22 LR.<\/p>\n<p>O opera\u00e7\u00e3o visa investigar um grupo criminoso que estaria falsificando documentos particulares e alterando dados societ\u00e1rios de empresas com a finalidade de possibilitar que pessoas f\u00edsicas e jur\u00eddicas proibidas de contratar com Poder p\u00fablico, porque declaradas inid\u00f4neas, participassem de licita\u00e7\u00f5es e fossem contratadas de forma ilegal.<\/p>\n<p>A investiga\u00e7\u00e3o identificou que, s\u00f3 em um desses casos, a fraude a uma licita\u00e7\u00e3o ocorrida no ano de 2022, possibilitaria a&nbsp; contrata\u00e7\u00e3o de uma empresa pertencente ao grupo criminoso, formado por um n\u00facleo empresarial familiar que atua no ramo da constru\u00e7\u00e3o civil e de transporte terrestre, no montante aproximado de R$ 1.135.500,00. A contrata\u00e7\u00e3o apenas n\u00e3o ocorreu porque houve a constata\u00e7\u00e3o da fraude pelo Minist\u00e9rio P\u00fablico, por meio da 13\u00aa Promotoria de Justi\u00e7a da Comarca de Joinville.<\/p>\n<p>Por meio do inqu\u00e9rito policial da Pol\u00edcia Civil, apura-se a potencial pr\u00e1tica de crimes de organiza\u00e7\u00e3o criminosa, falsifica\u00e7\u00e3o de documento particular, frustra\u00e7\u00e3o do car\u00e1ter competitivo de licita\u00e7\u00e3o e lavagem de dinheiro.&nbsp; No total, aproximadamente 23 policiais participaram da opera\u00e7\u00e3o desta quarta-feira (1\u00ba).<\/p>\n<p>Prestaram apoio operacional aos trabalhos policiais o Laborat\u00f3rio de Tecnologia Contra Lavagem de Dinheiro e a &nbsp;Coordenadoria Estadual de Combate \u00e0 Corrup\u00e7\u00e3o, ambos da Diretoria Estadual de Investiga\u00e7\u00f5es Criminais; a 13\u00aa Promotoria de Justi\u00e7a da Comarca de Joinville, a 4\u00aa DECOR de Blumenau; o Grupo de Atua\u00e7\u00e3o Especial de Combate ao Crime Organizado de Joinville; a Delegacia de Prote\u00e7\u00e3o \u00e0 Crian\u00e7a, ao Adolescente, \u00e0 Mulher e ao Idoso de Joinville; a 2\u00aa Delegacia Regional de Pol\u00edcia de Joinville; a Central de Plant\u00e3o Policial de Joinville; e a Delegacia de Pol\u00edcia da Comarca de Araquari.<\/p>\n<p><b>No v\u00eddeo, o delegado de Pol\u00edcia Pedro Ramon Lucas Alves fala sobre a opera\u00e7\u00e3o &#8220;Concreto&#8221;:&nbsp;<\/b><\/p>\t\t\t\t\t\t\t\t<\/div>\n\t\t\t\t<\/div>\n\t\t\t\t\t<\/div>\n\t\t<\/div>\n\t\t\t\t\t<\/div>\n\t\t<\/section>\n\t\t\t\t<section class=\"elementor-section elementor-top-section elementor-element elementor-element-2eccf40 elementor-section-boxed elementor-section-height-default elementor-section-height-default\" data-id=\"2eccf40\" data-element_type=\"section\">\n\t\t\t\t\t\t<div class=\"elementor-container elementor-column-gap-default\">\n\t\t\t\t\t<div class=\"elementor-column elementor-col-100 elementor-top-column elementor-element elementor-element-01639b2\" data-id=\"01639b2\" data-element_type=\"column\">\n\t\t\t<div class=\"elementor-widget-wrap elementor-element-populated\">\n\t\t\t\t\t\t<div class=\"elementor-element elementor-element-121b8b4 elementor-widget elementor-widget-video\" data-id=\"121b8b4\" data-element_type=\"widget\" data-settings=\"{&quot;video_type&quot;:&quot;hosted&quot;,&quot;controls&quot;:&quot;yes&quot;}\" data-widget_type=\"video.default\">\n\t\t\t\t<div class=\"elementor-widget-container\">\n\t\t\t\t\t\t\t<div class=\"e-hosted-video elementor-wrapper elementor-open-inline\">\n\t\t\t\t\t<video class=\"elementor-video\" src=\"https:\/\/pc.sc.gov.br\/wp-content\/uploads\/2023\/03\/WhatsApp-Video-2023-03-01-at-10.30.16.mp4\" controls=\"\" preload=\"metadata\"><\/video>\n\t\t\t\t<\/div>\n\t\t\t\t\t\t<\/div>\n\t\t\t\t<\/div>\n\t\t\t\t<div class=\"elementor-element elementor-element-4e96254 elementor-widget elementor-widget-image\" data-id=\"4e96254\" data-element_type=\"widget\" data-widget_type=\"image.default\">\n\t\t\t\t<div class=\"elementor-widget-container\">\n\t\t\t\t\t\t\t\t\t\t\t\t\t\t\t<img decoding=\"async\" width=\"696\" height=\"431\" src=\"https:\/\/pc.sc.gov.br\/\/wp-content\/uploads\/2023\/03\/WhatsApp-Image-2023-03-01-at-07.29.06.jpeg\" class=\"attachment-large size-large wp-image-5817\" alt=\"\" srcset=\"https:\/\/pc.sc.gov.br\/\/wp-content\/uploads\/2023\/03\/WhatsApp-Image-2023-03-01-at-07.29.06.jpeg 1024w, https:\/\/pc.sc.gov.br\/\/wp-content\/uploads\/2023\/03\/WhatsApp-Image-2023-03-01-at-07.29.06-300x186.jpeg 300w, https:\/\/pc.sc.gov.br\/\/wp-content\/uploads\/2023\/03\/WhatsApp-Image-2023-03-01-at-07.29.06-768x476.jpeg 768w\" sizes=\"(max-width: 696px) 100vw, 696px\" \/>\t\t\t\t\t\t\t\t\t\t\t\t\t\t\t<\/div>\n\t\t\t\t<\/div>\n\t\t\t\t\t<\/div>\n\t\t<\/div>\n\t\t\t\t\t<\/div>\n\t\t<\/section>\n\t\t\t\t<section class=\"elementor-section elementor-top-section elementor-element elementor-element-e9c6d90 elementor-section-boxed elementor-section-height-default elementor-section-height-default\" data-id=\"e9c6d90\" data-element_type=\"section\">\n\t\t\t\t\t\t<div class=\"elementor-container elementor-column-gap-default\">\n\t\t\t\t\t<div class=\"elementor-column elementor-col-100 elementor-top-column elementor-element elementor-element-a6ff65c\" data-id=\"a6ff65c\" data-element_type=\"column\">\n\t\t\t<div class=\"elementor-widget-wrap elementor-element-populated\">\n\t\t\t\t\t\t<div class=\"elementor-element elementor-element-7871485 elementor-widget elementor-widget-image\" data-id=\"7871485\" data-element_type=\"widget\" data-widget_type=\"image.default\">\n\t\t\t\t<div class=\"elementor-widget-container\">\n\t\t\t\t\t\t\t\t\t\t\t\t\t\t\t<img decoding=\"async\" width=\"696\" height=\"522\" src=\"https:\/\/pc.sc.gov.br\/\/wp-content\/uploads\/2023\/03\/WhatsApp-Image-2023-03-01-at-07.33.25-1024x768.jpeg\" class=\"attachment-large size-large wp-image-5816\" alt=\"\" srcset=\"https:\/\/pc.sc.gov.br\/\/wp-content\/uploads\/2023\/03\/WhatsApp-Image-2023-03-01-at-07.33.25-1024x768.jpeg 1024w, https:\/\/pc.sc.gov.br\/\/wp-content\/uploads\/2023\/03\/WhatsApp-Image-2023-03-01-at-07.33.25-300x225.jpeg 300w, https:\/\/pc.sc.gov.br\/\/wp-content\/uploads\/2023\/03\/WhatsApp-Image-2023-03-01-at-07.33.25-768x576.jpeg 768w, https:\/\/pc.sc.gov.br\/\/wp-content\/uploads\/2023\/03\/WhatsApp-Image-2023-03-01-at-07.33.25.jpeg 1280w\" sizes=\"(max-width: 696px) 100vw, 696px\" \/>\t\t\t\t\t\t\t\t\t\t\t\t\t\t\t<\/div>\n\t\t\t\t<\/div>\n\t\t\t\t\t<\/div>\n\t\t<\/div>\n\t\t\t\t\t<\/div>\n\t\t<\/section>\n\t\t\t\t<\/div>\n\t\t","protected":false},"excerpt":{"rendered":"<p>Em EM JOINVILLE, GARUVA E BLUMENAU, Pol\u00edcia Civil deflagra opera\u00e7\u00e3o &#8220;Concreto&#8221; para apurar fraudes em certames licitat\u00f3rios em joinville Nesta quarta-feira (1\u00ba), a Pol\u00edcia Civil de Santa Catarina, por meio da 3\u00aa Delegacia de Pol\u00edcia Especializada no Combate \u00e0 Corrup\u00e7\u00e3o (DECOR), sediada em Joinville, deflagrou a opera\u00e7\u00e3o policial \u201cConcreto\u201d, nas cidades de Joinville, Garuva e [&hellip;]<\/p>\n","protected":false},"author":5,"featured_media":5814,"comment_status":"closed","ping_status":"open","sticky":false,"template":"","format":"standard","meta":{"_monsterinsights_skip_tracking":false,"_monsterinsights_sitenote_active":false,"_monsterinsights_sitenote_note":"","_monsterinsights_sitenote_category":0,"footnotes":""},"categories":[1],"tags":[],"class_list":["post-5813","post","type-post","status-publish","format-standard","has-post-thumbnail","hentry","category-sem-categoria"],"_links":{"self":[{"href":"https:\/\/pc.sc.gov.br\/index.php?rest_route=\/wp\/v2\/posts\/5813","targetHints":{"allow":["GET"]}}],"collection":[{"href":"https:\/\/pc.sc.gov.br\/index.php?rest_route=\/wp\/v2\/posts"}],"about":[{"href":"https:\/\/pc.sc.gov.br\/index.php?rest_route=\/wp\/v2\/types\/post"}],"author":[{"embeddable":true,"href":"https:\/\/pc.sc.gov.br\/index.php?rest_route=\/wp\/v2\/users\/5"}],"replies":[{"embeddable":true,"href":"https:\/\/pc.sc.gov.br\/index.php?rest_route=%2Fwp%2Fv2%2Fcomments&post=5813"}],"version-history":[{"count":11,"href":"https:\/\/pc.sc.gov.br\/index.php?rest_route=\/wp\/v2\/posts\/5813\/revisions"}],"predecessor-version":[{"id":5838,"href":"https:\/\/pc.sc.gov.br\/index.php?rest_route=\/wp\/v2\/posts\/5813\/revisions\/5838"}],"wp:featuredmedia":[{"embeddable":true,"href":"https:\/\/pc.sc.gov.br\/index.php?rest_route=\/wp\/v2\/media\/5814"}],"wp:attachment":[{"href":"https:\/\/pc.sc.gov.br\/index.php?rest_route=%2Fwp%2Fv2%2Fmedia&parent=5813"}],"wp:term":[{"taxonomy":"category","embeddable":true,"href":"https:\/\/pc.sc.gov.br\/index.php?rest_route=%2Fwp%2Fv2%2Fcategories&post=5813"},{"taxonomy":"post_tag","embeddable":true,"href":"https:\/\/pc.sc.gov.br\/index.php?rest_route=%2Fwp%2Fv2%2Ftags&post=5813"}],"curies":[{"name":"wp","href":"https:\/\/api.w.org\/{rel}","templated":true}]}}