{"id":5829,"date":"2023-03-01T15:38:38","date_gmt":"2023-03-01T18:38:38","guid":{"rendered":"https:\/\/pc.sc.gov.br\/?p=5829"},"modified":"2023-03-01T15:40:56","modified_gmt":"2023-03-01T18:40:56","slug":"policia-civil-deflagra-operacao-para-prender-suspeito-de-estupro-em-palmitos","status":"publish","type":"post","link":"https:\/\/pc.sc.gov.br\/?p=5829","title":{"rendered":"Pol\u00edcia Civil deflagra opera\u00e7\u00e3o para prender suspeito de estupro em Palmitos"},"content":{"rendered":"\t\t<div data-elementor-type=\"wp-post\" data-elementor-id=\"5829\" class=\"elementor elementor-5829\" data-elementor-post-type=\"post\">\n\t\t\t\t\t\t<section class=\"elementor-section elementor-top-section elementor-element elementor-element-d6bb68a elementor-section-boxed elementor-section-height-default elementor-section-height-default\" data-id=\"d6bb68a\" data-element_type=\"section\">\n\t\t\t\t\t\t<div class=\"elementor-container elementor-column-gap-default\">\n\t\t\t\t\t<div class=\"elementor-column elementor-col-100 elementor-top-column elementor-element elementor-element-dcb8c9e\" data-id=\"dcb8c9e\" data-element_type=\"column\">\n\t\t\t<div class=\"elementor-widget-wrap elementor-element-populated\">\n\t\t\t\t\t\t<div class=\"elementor-element elementor-element-66a77e3 elementor-widget elementor-widget-heading\" data-id=\"66a77e3\" data-element_type=\"widget\" data-widget_type=\"heading.default\">\n\t\t\t\t<div class=\"elementor-widget-container\">\n\t\t\t\t\t<h2 class=\"elementor-heading-title elementor-size-default\">Pol\u00edcia Civil deflagra opera\u00e7\u00e3o para prender suspeito de estupro em Palmitos<\/h2>\t\t\t\t<\/div>\n\t\t\t\t<\/div>\n\t\t\t\t\t<\/div>\n\t\t<\/div>\n\t\t\t\t\t<\/div>\n\t\t<\/section>\n\t\t\t\t<section class=\"elementor-section elementor-top-section elementor-element elementor-element-35cf59c elementor-section-boxed elementor-section-height-default elementor-section-height-default\" data-id=\"35cf59c\" data-element_type=\"section\">\n\t\t\t\t\t\t<div class=\"elementor-container elementor-column-gap-default\">\n\t\t\t\t\t<div class=\"elementor-column elementor-col-100 elementor-top-column elementor-element elementor-element-fa3f08f\" data-id=\"fa3f08f\" data-element_type=\"column\">\n\t\t\t<div class=\"elementor-widget-wrap elementor-element-populated\">\n\t\t\t\t\t\t<div class=\"elementor-element elementor-element-db6b508 elementor-widget elementor-widget-image\" data-id=\"db6b508\" data-element_type=\"widget\" data-widget_type=\"image.default\">\n\t\t\t\t<div class=\"elementor-widget-container\">\n\t\t\t\t\t\t\t\t\t\t\t\t\t\t\t<img fetchpriority=\"high\" decoding=\"async\" width=\"696\" height=\"493\" src=\"https:\/\/pc.sc.gov.br\/\/wp-content\/uploads\/2023\/03\/WhatsApp-Image-2023-03-01-at-15.31.29-1024x726.jpeg\" class=\"attachment-large size-large wp-image-5830\" alt=\"\" srcset=\"https:\/\/pc.sc.gov.br\/\/wp-content\/uploads\/2023\/03\/WhatsApp-Image-2023-03-01-at-15.31.29-1024x726.jpeg 1024w, https:\/\/pc.sc.gov.br\/\/wp-content\/uploads\/2023\/03\/WhatsApp-Image-2023-03-01-at-15.31.29-300x213.jpeg 300w, https:\/\/pc.sc.gov.br\/\/wp-content\/uploads\/2023\/03\/WhatsApp-Image-2023-03-01-at-15.31.29-768x545.jpeg 768w, https:\/\/pc.sc.gov.br\/\/wp-content\/uploads\/2023\/03\/WhatsApp-Image-2023-03-01-at-15.31.29-1536x1090.jpeg 1536w, https:\/\/pc.sc.gov.br\/\/wp-content\/uploads\/2023\/03\/WhatsApp-Image-2023-03-01-at-15.31.29.jpeg 1600w\" sizes=\"(max-width: 696px) 100vw, 696px\" \/>\t\t\t\t\t\t\t\t\t\t\t\t\t\t\t<\/div>\n\t\t\t\t<\/div>\n\t\t\t\t\t<\/div>\n\t\t<\/div>\n\t\t\t\t\t<\/div>\n\t\t<\/section>\n\t\t\t\t<section class=\"elementor-section elementor-top-section elementor-element elementor-element-c991a42 elementor-section-boxed elementor-section-height-default elementor-section-height-default\" data-id=\"c991a42\" data-element_type=\"section\">\n\t\t\t\t\t\t<div class=\"elementor-container elementor-column-gap-default\">\n\t\t\t\t\t<div class=\"elementor-column elementor-col-100 elementor-top-column elementor-element elementor-element-f136971\" data-id=\"f136971\" data-element_type=\"column\">\n\t\t\t<div class=\"elementor-widget-wrap elementor-element-populated\">\n\t\t\t\t\t\t<div class=\"elementor-element elementor-element-203de25 elementor-widget elementor-widget-text-editor\" data-id=\"203de25\" data-element_type=\"widget\" data-widget_type=\"text-editor.default\">\n\t\t\t\t<div class=\"elementor-widget-container\">\n\t\t\t\t\t\t\t\t\t<p>A Pol\u00edcia Civil de Santa Catarina, por meio da Delegacia de Pol\u00edcia de Palmitos, deflagrou nesta quarta-feira (01) a &#8220;Opera\u00e7\u00e3o Hera&#8221;, para o cumprimento de mandados de busca e apreens\u00e3o na resid\u00eancia de um homem suspeito de cometer o crime de estupro na Cidade de Palmitos no dia 05\/02\/2023.&nbsp; &nbsp; &nbsp;<\/p>\n<p>De acordo com o Delegado Lucas Almeida, ap\u00f3s cometer o crime, o investigado fugiu e os policiais civis prosseguem com as buscas. A opera\u00e7\u00e3o Hera faz alus\u00e3o \u00e0 deusa grega protetora das mulheres.<\/p>\n<div><br><\/div>\t\t\t\t\t\t\t\t<\/div>\n\t\t\t\t<\/div>\n\t\t\t\t\t<\/div>\n\t\t<\/div>\n\t\t\t\t\t<\/div>\n\t\t<\/section>\n\t\t\t\t<\/div>\n\t\t","protected":false},"excerpt":{"rendered":"<p>Pol\u00edcia Civil deflagra opera\u00e7\u00e3o para prender suspeito de estupro em Palmitos A Pol\u00edcia Civil de Santa Catarina, por meio da Delegacia de Pol\u00edcia de Palmitos, deflagrou nesta quarta-feira (01) a &#8220;Opera\u00e7\u00e3o Hera&#8221;, para o cumprimento de mandados de busca e apreens\u00e3o na resid\u00eancia de um homem suspeito de cometer o crime de estupro na Cidade [&hellip;]<\/p>\n","protected":false},"author":5,"featured_media":5830,"comment_status":"closed","ping_status":"open","sticky":false,"template":"","format":"standard","meta":{"_monsterinsights_skip_tracking":false,"_monsterinsights_sitenote_active":false,"_monsterinsights_sitenote_note":"","_monsterinsights_sitenote_category":0,"footnotes":""},"categories":[1],"tags":[],"class_list":["post-5829","post","type-post","status-publish","format-standard","has-post-thumbnail","hentry","category-sem-categoria"],"_links":{"self":[{"href":"https:\/\/pc.sc.gov.br\/index.php?rest_route=\/wp\/v2\/posts\/5829","targetHints":{"allow":["GET"]}}],"collection":[{"href":"https:\/\/pc.sc.gov.br\/index.php?rest_route=\/wp\/v2\/posts"}],"about":[{"href":"https:\/\/pc.sc.gov.br\/index.php?rest_route=\/wp\/v2\/types\/post"}],"author":[{"embeddable":true,"href":"https:\/\/pc.sc.gov.br\/index.php?rest_route=\/wp\/v2\/users\/5"}],"replies":[{"embeddable":true,"href":"https:\/\/pc.sc.gov.br\/index.php?rest_route=%2Fwp%2Fv2%2Fcomments&post=5829"}],"version-history":[{"count":4,"href":"https:\/\/pc.sc.gov.br\/index.php?rest_route=\/wp\/v2\/posts\/5829\/revisions"}],"predecessor-version":[{"id":5834,"href":"https:\/\/pc.sc.gov.br\/index.php?rest_route=\/wp\/v2\/posts\/5829\/revisions\/5834"}],"wp:featuredmedia":[{"embeddable":true,"href":"https:\/\/pc.sc.gov.br\/index.php?rest_route=\/wp\/v2\/media\/5830"}],"wp:attachment":[{"href":"https:\/\/pc.sc.gov.br\/index.php?rest_route=%2Fwp%2Fv2%2Fmedia&parent=5829"}],"wp:term":[{"taxonomy":"category","embeddable":true,"href":"https:\/\/pc.sc.gov.br\/index.php?rest_route=%2Fwp%2Fv2%2Fcategories&post=5829"},{"taxonomy":"post_tag","embeddable":true,"href":"https:\/\/pc.sc.gov.br\/index.php?rest_route=%2Fwp%2Fv2%2Ftags&post=5829"}],"curies":[{"name":"wp","href":"https:\/\/api.w.org\/{rel}","templated":true}]}}