{"id":6698,"date":"2023-03-17T09:31:54","date_gmt":"2023-03-17T12:31:54","guid":{"rendered":"https:\/\/pc.sc.gov.br\/?p=6698"},"modified":"2023-03-17T13:55:20","modified_gmt":"2023-03-17T16:55:20","slug":"em-luiz-alves-delegacia-de-capturas-prende-foragido-da-justica-de-sao-paulo-por-estupro-de-vulneravel","status":"publish","type":"post","link":"https:\/\/pc.sc.gov.br\/?p=6698","title":{"rendered":"Em Luiz Alves, Delegacia de Capturas prende foragido da Justi\u00e7a de S\u00e3o Paulo por estupro de vulner\u00e1vel\u00a0"},"content":{"rendered":"\t\t<div data-elementor-type=\"wp-post\" data-elementor-id=\"6698\" class=\"elementor elementor-6698\" data-elementor-post-type=\"post\">\n\t\t\t\t\t\t<section class=\"elementor-section elementor-top-section elementor-element elementor-element-dc897cd elementor-section-boxed elementor-section-height-default elementor-section-height-default\" data-id=\"dc897cd\" data-element_type=\"section\">\n\t\t\t\t\t\t<div class=\"elementor-container elementor-column-gap-default\">\n\t\t\t\t\t<div class=\"elementor-column elementor-col-100 elementor-top-column elementor-element elementor-element-bb54d56\" data-id=\"bb54d56\" data-element_type=\"column\">\n\t\t\t<div class=\"elementor-widget-wrap elementor-element-populated\">\n\t\t\t\t\t\t<div class=\"elementor-element elementor-element-6f9004e elementor-widget elementor-widget-heading\" data-id=\"6f9004e\" data-element_type=\"widget\" data-widget_type=\"heading.default\">\n\t\t\t\t<div class=\"elementor-widget-container\">\n\t\t\t\t\t<h2 class=\"elementor-heading-title elementor-size-default\">Em Luiz Alves, Delegacia de Capturas prende foragido da Justi\u00e7a de S\u00e3o Paulo por estupro de vulner\u00e1vel <\/h2>\t\t\t\t<\/div>\n\t\t\t\t<\/div>\n\t\t\t\t\t<\/div>\n\t\t<\/div>\n\t\t\t\t\t<\/div>\n\t\t<\/section>\n\t\t\t\t<section class=\"elementor-section elementor-top-section elementor-element elementor-element-a280d19 elementor-section-boxed elementor-section-height-default elementor-section-height-default\" data-id=\"a280d19\" data-element_type=\"section\">\n\t\t\t\t\t\t<div class=\"elementor-container elementor-column-gap-default\">\n\t\t\t\t\t<div class=\"elementor-column elementor-col-100 elementor-top-column elementor-element elementor-element-b3c76a2\" data-id=\"b3c76a2\" data-element_type=\"column\">\n\t\t\t<div class=\"elementor-widget-wrap elementor-element-populated\">\n\t\t\t\t\t\t<div class=\"elementor-element elementor-element-f0c4d55 elementor-widget elementor-widget-image\" data-id=\"f0c4d55\" data-element_type=\"widget\" data-widget_type=\"image.default\">\n\t\t\t\t<div class=\"elementor-widget-container\">\n\t\t\t\t\t\t\t\t\t\t\t\t\t\t\t<img fetchpriority=\"high\" decoding=\"async\" width=\"696\" height=\"493\" src=\"https:\/\/pc.sc.gov.br\/\/wp-content\/uploads\/2023\/03\/DEIC_002-1024x726.jpg\" class=\"attachment-large size-large wp-image-6709\" alt=\"parede cinza com o s\u00edmbolo da policia civil e a palavra DEIC em prata\" srcset=\"https:\/\/pc.sc.gov.br\/\/wp-content\/uploads\/2023\/03\/DEIC_002-1024x726.jpg 1024w, https:\/\/pc.sc.gov.br\/\/wp-content\/uploads\/2023\/03\/DEIC_002-300x213.jpg 300w, https:\/\/pc.sc.gov.br\/\/wp-content\/uploads\/2023\/03\/DEIC_002-768x545.jpg 768w, https:\/\/pc.sc.gov.br\/\/wp-content\/uploads\/2023\/03\/DEIC_002-1536x1090.jpg 1536w, https:\/\/pc.sc.gov.br\/\/wp-content\/uploads\/2023\/03\/DEIC_002.jpg 1748w\" sizes=\"(max-width: 696px) 100vw, 696px\" \/>\t\t\t\t\t\t\t\t\t\t\t\t\t\t\t<\/div>\n\t\t\t\t<\/div>\n\t\t\t\t\t<\/div>\n\t\t<\/div>\n\t\t\t\t\t<\/div>\n\t\t<\/section>\n\t\t\t\t<section class=\"elementor-section elementor-top-section elementor-element elementor-element-9c6e821 elementor-section-boxed elementor-section-height-default elementor-section-height-default\" data-id=\"9c6e821\" data-element_type=\"section\">\n\t\t\t\t\t\t<div class=\"elementor-container elementor-column-gap-default\">\n\t\t\t\t\t<div class=\"elementor-column elementor-col-100 elementor-top-column elementor-element elementor-element-771c628\" data-id=\"771c628\" data-element_type=\"column\">\n\t\t\t<div class=\"elementor-widget-wrap elementor-element-populated\">\n\t\t\t\t\t\t<div class=\"elementor-element elementor-element-649a481 elementor-widget elementor-widget-text-editor\" data-id=\"649a481\" data-element_type=\"widget\" data-widget_type=\"text-editor.default\">\n\t\t\t\t<div class=\"elementor-widget-container\">\n\t\t\t\t\t\t\t\t\t<p class=\"p1\">Na quinta-feira (16), a Pol\u00edcia Civil de Santa Catarina, por meio da Delegacia de Capturas da Diretoria Estadual de Investiga\u00e7\u00f5es Criminais, cumpriu mandado de pris\u00e3o, expedido pela Comarca de Santana do Parna\u00edba, em S\u00e3o Paulo, pelo crime de estupro de vulner\u00e1vel (Art. 217-A &#8220;caput&#8221; CP), em desfavor de um homem que teve a pris\u00e3o decretada em 2019.<span class=\"Apple-converted-space\">&nbsp;&nbsp;<\/span><span style=\"font-family: var( --e-global-typography-primary-font-family ), Sans-serif; font-size: var( --e-global-typography-primary-font-size ); font-weight: var( --e-global-typography-primary-font-weight ); letter-spacing: var( --e-global-typography-primary-letter-spacing );\">Desde ent\u00e3o, o paradeiro dele era incerto e n\u00e3o sabido perante \u00e0 Justi\u00e7a.<\/span><\/p>\n<p class=\"p1\">Ap\u00f3s diversas dilig\u00eancias investigativas, foi poss\u00edvel descobrir a localiza\u00e7\u00e3o do homem, que estava residindo no interior do munic\u00edpio de Luiz Alves, em Santa Catarina.&nbsp;<span style=\"font-family: var( --e-global-typography-primary-font-family ), Sans-serif; font-size: var( --e-global-typography-primary-font-size ); font-weight: var( --e-global-typography-primary-font-weight ); letter-spacing: var( --e-global-typography-primary-letter-spacing );\">Assim, policiais civis da Delegacia de Capturas deslocaram-se at\u00e9 o local onde o foragido foi localizado e preso.<\/span><\/p>\n<p class=\"p1\">Den\u00fancias e informa\u00e7\u00f5es relacionadas a foragidos da Justi\u00e7a podem ser encaminhadas para o e-mail deic-capturas@pc.sc.gov.br. O anonimato \u00e9 garantido.<span class=\"Apple-converted-space\">&nbsp;<\/span><\/p>\t\t\t\t\t\t\t\t<\/div>\n\t\t\t\t<\/div>\n\t\t\t\t\t<\/div>\n\t\t<\/div>\n\t\t\t\t\t<\/div>\n\t\t<\/section>\n\t\t\t\t<\/div>\n\t\t","protected":false},"excerpt":{"rendered":"<p>Em Luiz Alves, Delegacia de Capturas prende foragido da Justi\u00e7a de S\u00e3o Paulo por estupro de vulner\u00e1vel Na quinta-feira (16), a Pol\u00edcia Civil de Santa Catarina, por meio da Delegacia de Capturas da Diretoria Estadual de Investiga\u00e7\u00f5es Criminais, cumpriu mandado de pris\u00e3o, expedido pela Comarca de Santana do Parna\u00edba, em S\u00e3o Paulo, pelo crime de [&hellip;]<\/p>\n","protected":false},"author":5,"featured_media":6709,"comment_status":"closed","ping_status":"open","sticky":false,"template":"","format":"standard","meta":{"_monsterinsights_skip_tracking":false,"_monsterinsights_sitenote_active":false,"_monsterinsights_sitenote_note":"","_monsterinsights_sitenote_category":0,"footnotes":""},"categories":[1],"tags":[],"class_list":["post-6698","post","type-post","status-publish","format-standard","has-post-thumbnail","hentry","category-sem-categoria"],"_links":{"self":[{"href":"https:\/\/pc.sc.gov.br\/index.php?rest_route=\/wp\/v2\/posts\/6698","targetHints":{"allow":["GET"]}}],"collection":[{"href":"https:\/\/pc.sc.gov.br\/index.php?rest_route=\/wp\/v2\/posts"}],"about":[{"href":"https:\/\/pc.sc.gov.br\/index.php?rest_route=\/wp\/v2\/types\/post"}],"author":[{"embeddable":true,"href":"https:\/\/pc.sc.gov.br\/index.php?rest_route=\/wp\/v2\/users\/5"}],"replies":[{"embeddable":true,"href":"https:\/\/pc.sc.gov.br\/index.php?rest_route=%2Fwp%2Fv2%2Fcomments&post=6698"}],"version-history":[{"count":11,"href":"https:\/\/pc.sc.gov.br\/index.php?rest_route=\/wp\/v2\/posts\/6698\/revisions"}],"predecessor-version":[{"id":6713,"href":"https:\/\/pc.sc.gov.br\/index.php?rest_route=\/wp\/v2\/posts\/6698\/revisions\/6713"}],"wp:featuredmedia":[{"embeddable":true,"href":"https:\/\/pc.sc.gov.br\/index.php?rest_route=\/wp\/v2\/media\/6709"}],"wp:attachment":[{"href":"https:\/\/pc.sc.gov.br\/index.php?rest_route=%2Fwp%2Fv2%2Fmedia&parent=6698"}],"wp:term":[{"taxonomy":"category","embeddable":true,"href":"https:\/\/pc.sc.gov.br\/index.php?rest_route=%2Fwp%2Fv2%2Fcategories&post=6698"},{"taxonomy":"post_tag","embeddable":true,"href":"https:\/\/pc.sc.gov.br\/index.php?rest_route=%2Fwp%2Fv2%2Ftags&post=6698"}],"curies":[{"name":"wp","href":"https:\/\/api.w.org\/{rel}","templated":true}]}}