{"id":6714,"date":"2023-03-17T14:02:05","date_gmt":"2023-03-17T17:02:05","guid":{"rendered":"https:\/\/pc.sc.gov.br\/?p=6714"},"modified":"2023-03-17T14:03:06","modified_gmt":"2023-03-17T17:03:06","slug":"policia-civil-resgata-mae-e-filhos-menores-de-idade-que-estavam-sendo-mantidos-em-carcere-privado-em-itapema","status":"publish","type":"post","link":"https:\/\/pc.sc.gov.br\/?p=6714","title":{"rendered":"Pol\u00edcia Civil resgata m\u00e3e e filhos menores de idade que estavam sendo mantidos em c\u00e1rcere privado em Itapema"},"content":{"rendered":"\t\t<div data-elementor-type=\"wp-post\" data-elementor-id=\"6714\" class=\"elementor elementor-6714\" data-elementor-post-type=\"post\">\n\t\t\t\t\t\t<section class=\"elementor-section elementor-top-section elementor-element elementor-element-04bcc60 elementor-section-boxed elementor-section-height-default elementor-section-height-default\" data-id=\"04bcc60\" data-element_type=\"section\">\n\t\t\t\t\t\t<div class=\"elementor-container elementor-column-gap-default\">\n\t\t\t\t\t<div class=\"elementor-column elementor-col-100 elementor-top-column elementor-element elementor-element-1f1dd11\" data-id=\"1f1dd11\" data-element_type=\"column\">\n\t\t\t<div class=\"elementor-widget-wrap elementor-element-populated\">\n\t\t\t\t\t\t<div class=\"elementor-element elementor-element-8d963e5 elementor-widget elementor-widget-heading\" data-id=\"8d963e5\" data-element_type=\"widget\" data-widget_type=\"heading.default\">\n\t\t\t\t<div class=\"elementor-widget-container\">\n\t\t\t\t\t<h2 class=\"elementor-heading-title elementor-size-default\">Pol\u00edcia Civil resgata m\u00e3e e filhos menores de idade que estavam sendo mantidos em c\u00e1rcere privado em Itapema\n<\/h2>\t\t\t\t<\/div>\n\t\t\t\t<\/div>\n\t\t\t\t<div class=\"elementor-element elementor-element-1304f05 elementor-widget elementor-widget-image\" data-id=\"1304f05\" data-element_type=\"widget\" data-widget_type=\"image.default\">\n\t\t\t\t<div class=\"elementor-widget-container\">\n\t\t\t\t\t\t\t\t\t\t\t\t\t\t\t<img fetchpriority=\"high\" decoding=\"async\" width=\"680\" height=\"453\" src=\"https:\/\/pc.sc.gov.br\/\/wp-content\/uploads\/2022\/12\/VIATURA_07.jpg\" class=\"attachment-large size-large wp-image-2554\" alt=\"sol encima de viatura da policia civil\" srcset=\"https:\/\/pc.sc.gov.br\/\/wp-content\/uploads\/2022\/12\/VIATURA_07.jpg 680w, https:\/\/pc.sc.gov.br\/\/wp-content\/uploads\/2022\/12\/VIATURA_07-300x200.jpg 300w\" sizes=\"(max-width: 680px) 100vw, 680px\" \/>\t\t\t\t\t\t\t\t\t\t\t\t\t\t\t<\/div>\n\t\t\t\t<\/div>\n\t\t\t\t\t<\/div>\n\t\t<\/div>\n\t\t\t\t\t<\/div>\n\t\t<\/section>\n\t\t\t\t<section class=\"elementor-section elementor-top-section elementor-element elementor-element-a821e18 elementor-section-boxed elementor-section-height-default elementor-section-height-default\" data-id=\"a821e18\" data-element_type=\"section\">\n\t\t\t\t\t\t<div class=\"elementor-container elementor-column-gap-default\">\n\t\t\t\t\t<div class=\"elementor-column elementor-col-100 elementor-top-column elementor-element elementor-element-2c1ab6c\" data-id=\"2c1ab6c\" data-element_type=\"column\">\n\t\t\t<div class=\"elementor-widget-wrap elementor-element-populated\">\n\t\t\t\t\t\t<div class=\"elementor-element elementor-element-6527692 elementor-widget elementor-widget-text-editor\" data-id=\"6527692\" data-element_type=\"widget\" data-widget_type=\"text-editor.default\">\n\t\t\t\t<div class=\"elementor-widget-container\">\n\t\t\t\t\t\t\t\t\t<p>Na quinta-feira (16), a Pol\u00edcia Civil de Santa Catarina, por meio da Delegacia de Pol\u00edcia da Comarca de Itapema, resgatou uma mulher e seus dois filhos menores de idade, que estavam sendo mantidos em c\u00e1rcere privado. Ap\u00f3s investiga\u00e7\u00e3o, os agentes de pol\u00edcia localizaram a mulher e os filhos em uma casa, no bairro Alto S\u00e3o Bento, em Itapema.<span style=\"font-family: var( --e-global-typography-primary-font-family ), Sans-serif; font-size: var( --e-global-typography-primary-font-size ); font-weight: var( --e-global-typography-primary-font-weight ); letter-spacing: var( --e-global-typography-primary-letter-spacing );\">&nbsp;<\/span><\/p><p>A mulher e as crian\u00e7as foram levadas para a Delegacia, onde foram realizados os procedimentos policiais, inclusive pedido de Medida Protetiva de Urg\u00eancia. Segundo contou a v\u00edtima, ela foi obrigada a vir de munic\u00edpio de S\u00e3o Paulo at\u00e9 Itapema pelo pai de um dos seus filhos.<span style=\"font-family: var( --e-global-typography-primary-font-family ), Sans-serif; font-size: var( --e-global-typography-primary-font-size ); font-weight: var( --e-global-typography-primary-font-weight ); letter-spacing: var( --e-global-typography-primary-letter-spacing );\">&nbsp;<\/span><\/p><p>O suposto agressor estaria mantendo ela e as crian\u00e7as desde o dia 10 de mar\u00e7o em c\u00e1rcere privado. Ele tamb\u00e9m estaria proibindo ela de usar o telefone celular, teria quebrado os seus cart\u00f5es banc\u00e1rios e a amea\u00e7ado, dizendo que ela s\u00f3 poderia voltar para S\u00e3o Paulo com a condi\u00e7\u00e3o de deixar a filha menor com ele.<span style=\"font-family: var( --e-global-typography-primary-font-family ), Sans-serif; font-size: var( --e-global-typography-primary-font-size ); font-weight: var( --e-global-typography-primary-font-weight ); letter-spacing: var( --e-global-typography-primary-letter-spacing );\">&nbsp;<\/span><\/p><p>O suspeito n\u00e3o foi localizado at\u00e9 o momento. A mulher e as crian\u00e7as foram encaminhadas pela Pol\u00edcia Civil para um abrigo de prote\u00e7\u00e3o.<\/p>\t\t\t\t\t\t\t\t<\/div>\n\t\t\t\t<\/div>\n\t\t\t\t\t<\/div>\n\t\t<\/div>\n\t\t\t\t\t<\/div>\n\t\t<\/section>\n\t\t\t\t<\/div>\n\t\t","protected":false},"excerpt":{"rendered":"<p>Pol\u00edcia Civil resgata m\u00e3e e filhos menores de idade que estavam sendo mantidos em c\u00e1rcere privado em Itapema Na quinta-feira (16), a Pol\u00edcia Civil de Santa Catarina, por meio da Delegacia de Pol\u00edcia da Comarca de Itapema, resgatou uma mulher e seus dois filhos menores de idade, que estavam sendo mantidos em c\u00e1rcere privado. Ap\u00f3s [&hellip;]<\/p>\n","protected":false},"author":5,"featured_media":2554,"comment_status":"closed","ping_status":"open","sticky":false,"template":"","format":"standard","meta":{"_monsterinsights_skip_tracking":false,"_monsterinsights_sitenote_active":false,"_monsterinsights_sitenote_note":"","_monsterinsights_sitenote_category":0,"footnotes":""},"categories":[1],"tags":[],"class_list":["post-6714","post","type-post","status-publish","format-standard","has-post-thumbnail","hentry","category-sem-categoria"],"_links":{"self":[{"href":"https:\/\/pc.sc.gov.br\/index.php?rest_route=\/wp\/v2\/posts\/6714","targetHints":{"allow":["GET"]}}],"collection":[{"href":"https:\/\/pc.sc.gov.br\/index.php?rest_route=\/wp\/v2\/posts"}],"about":[{"href":"https:\/\/pc.sc.gov.br\/index.php?rest_route=\/wp\/v2\/types\/post"}],"author":[{"embeddable":true,"href":"https:\/\/pc.sc.gov.br\/index.php?rest_route=\/wp\/v2\/users\/5"}],"replies":[{"embeddable":true,"href":"https:\/\/pc.sc.gov.br\/index.php?rest_route=%2Fwp%2Fv2%2Fcomments&post=6714"}],"version-history":[{"count":4,"href":"https:\/\/pc.sc.gov.br\/index.php?rest_route=\/wp\/v2\/posts\/6714\/revisions"}],"predecessor-version":[{"id":6718,"href":"https:\/\/pc.sc.gov.br\/index.php?rest_route=\/wp\/v2\/posts\/6714\/revisions\/6718"}],"wp:featuredmedia":[{"embeddable":true,"href":"https:\/\/pc.sc.gov.br\/index.php?rest_route=\/wp\/v2\/media\/2554"}],"wp:attachment":[{"href":"https:\/\/pc.sc.gov.br\/index.php?rest_route=%2Fwp%2Fv2%2Fmedia&parent=6714"}],"wp:term":[{"taxonomy":"category","embeddable":true,"href":"https:\/\/pc.sc.gov.br\/index.php?rest_route=%2Fwp%2Fv2%2Fcategories&post=6714"},{"taxonomy":"post_tag","embeddable":true,"href":"https:\/\/pc.sc.gov.br\/index.php?rest_route=%2Fwp%2Fv2%2Ftags&post=6714"}],"curies":[{"name":"wp","href":"https:\/\/api.w.org\/{rel}","templated":true}]}}